{"id":85996,"date":"2023-09-18T09:53:45","date_gmt":"2023-09-18T07:53:45","guid":{"rendered":"https:\/\/www.mojevrijeme.hr\/magazin\/?p=85996"},"modified":"2023-09-18T09:54:16","modified_gmt":"2023-09-18T07:54:16","slug":"zamrzavanje-cijena-ne-rjesava-problem-malih-mirovina","status":"publish","type":"post","link":"https:\/\/www.mojevrijeme.hr\/magazin\/2023\/09\/zamrzavanje-cijena-ne-rjesava-problem-malih-mirovina\/","title":{"rendered":"Zamrzavanje cijena ne rje\u0161ava problem malih mirovina"},"content":{"rendered":"\n<p>Zamrzavanjem cijena ne mo\u017ee se rije\u0161iti problem malih mirovina, poru\u010dili su iz koalicije umirovljeni\u010dkih stranaka Umirovljenici zajedno.<\/p>\n\n\n\n<p>&#8220;Na zamrzavanje cijena za 30 artikala gledamo u prvom redu kao vje\u0161to pripremljen PR potez kojim Vlada \u017eeli pokazati svoju veliku brigu za dobrobit gra\u0111ana. Kako je svaka pomo\u0107 potrebitima uvijek dobro do\u0161la tako u navedenom kontekstu gledamo i na najavljeno zamrzavanje cijena&#8221;, navode u priop\u0107enju.<\/p>\n\n\n\n<p>Gra\u0111anima, posebno umirovljenicima, klju\u010dno je osigurati nov\u010danu pomo\u0107, ali ciljano, tako da raspolo\u017eivi novac dobiju oni kojima je uistinu potreban. To zna\u010di da se mora uzeti u obzir prihodovni i imovinski cenzusi kako bi se izbjeglo davanje pomo\u0107i i onima kojima pomo\u0107 nije potrebna, navode Umirovljenici zajedno.<\/p><div id=\"mojev-2883420069\" class=\"mojev-u-tekstu mojev-entity-placement\" style=\"margin-left: auto;margin-right: auto;text-align: center;\"><div class=\"mojev-adlabel\">oglas<\/div><div style=\"height: 250px;\"><script async src=\"https:\/\/pagead2.googlesyndication.com\/pagead\/js\/adsbygoogle.js?client=ca-pub-8106111766207173\"\r\n     crossorigin=\"anonymous\"><\/script>\r\n<!-- Prikazni 1 u tekstu -->\r\n<ins class=\"adsbygoogle\"\r\n     style=\"display:block\"\r\n     data-ad-client=\"ca-pub-8106111766207173\"\r\n     data-ad-slot=\"8535551207\"\r\n     data-ad-format=\"auto\"\r\n     data-full-width-responsive=\"true\"><\/ins>\r\n<script>\r\n     (adsbygoogle = window.adsbygoogle || []).push({});\r\n<\/script><\/div><\/div><br style=\"clear: both; display: block; float: none;\"\/>\n\n\n\n<p>Poru\u010duju i da za 750 tisu\u0107a umirovljenika zamrzavanje cijena kao i paket mjera pomo\u0107i zna\u010de samo privremenu &#8216;vatrogasnu&#8217;&nbsp;mjeru.<\/p>\n\n\n\n<p>&#8220;Vlada bi pokazala da je ozbiljno krenula u obra\u010dun sa rastu\u0107im siroma\u0161tvom umirovljenika, kada bi uradila novi izra\u010dun mirovina za sve umirovljenike. Po prijedlogu Umirovljenici zajedno to bi bilo na bazi 75 -80 posto&nbsp;neto pla\u0107e u 10 najboljih godina uz AVM od 17 eura, odnosno uz najmanju mirovinu od 697 eura za 41\/60-65&#8221;, poru\u010duju.<\/p>\n\n\n\n<p>Tako\u0111er tra\u017ee i ukidanje penalizacije s&nbsp;navr\u0161enih 65 godina&nbsp;te Zakonom obvezuju\u0107u isplatu 13. mirovine, uskrsnice i bo\u017ei\u0107nice umirovljenicima svake godine.<\/p>\n<div id=\"mojev-2520186101\" class=\"mojev-kraj-teksta mojev-entity-placement\" style=\"margin-bottom: 20px;margin-left: auto;margin-right: auto;text-align: center;\"><div class=\"mojev-adlabel\">oglas<\/div><div style=\"height: 250px;\"><script async src=\"https:\/\/pagead2.googlesyndication.com\/pagead\/js\/adsbygoogle.js?client=ca-pub-8106111766207173\"\r\n     crossorigin=\"anonymous\"><\/script>\r\n<!-- Display-1 -->\r\n<ins class=\"adsbygoogle\"\r\n     style=\"display:block\"\r\n     data-ad-client=\"ca-pub-8106111766207173\"\r\n     data-ad-slot=\"1465712950\"\r\n     data-ad-format=\"auto\"\r\n     data-full-width-responsive=\"true\"><\/ins>\r\n<script>\r\n     (adsbygoogle = window.adsbygoogle || []).push({});\r\n<\/script><\/div><\/div>","protected":false},"excerpt":{"rendered":"<p>Iz Platforme Umirovljenici zajedno tra\u017ee i ukidanje penalizacije s\u00a0navr\u0161enih 65 godina\u00a0te Zakonom obvezuju\u0107u isplatu 13. mirovine, uskrsnice i bo\u017ei\u0107nice umirovljenicima svake godine.<\/p>\n","protected":false},"author":1,"featured_media":37323,"comment_status":"closed","ping_status":"closed","sticky":false,"template":"","format":"standard","meta":{"footnotes":""},"categories":[9],"tags":[18,236,3306],"class_list":["post-85996","post","type-post","status-publish","format-standard","has-post-thumbnail","hentry","category-vijesti","tag-mirovine","tag-standard","tag-umirovljenici-zajedno"],"_links":{"self":[{"href":"https:\/\/www.mojevrijeme.hr\/magazin\/wp-json\/wp\/v2\/posts\/85996","targetHints":{"allow":["GET"]}}],"collection":[{"href":"https:\/\/www.mojevrijeme.hr\/magazin\/wp-json\/wp\/v2\/posts"}],"about":[{"href":"https:\/\/www.mojevrijeme.hr\/magazin\/wp-json\/wp\/v2\/types\/post"}],"author":[{"embeddable":true,"href":"https:\/\/www.mojevrijeme.hr\/magazin\/wp-json\/wp\/v2\/users\/1"}],"replies":[{"embeddable":true,"href":"https:\/\/www.mojevrijeme.hr\/magazin\/wp-json\/wp\/v2\/comments?post=85996"}],"version-history":[{"count":0,"href":"https:\/\/www.mojevrijeme.hr\/magazin\/wp-json\/wp\/v2\/posts\/85996\/revisions"}],"wp:featuredmedia":[{"embeddable":true,"href":"https:\/\/www.mojevrijeme.hr\/magazin\/wp-json\/wp\/v2\/media\/37323"}],"wp:attachment":[{"href":"https:\/\/www.mojevrijeme.hr\/magazin\/wp-json\/wp\/v2\/media?parent=85996"}],"wp:term":[{"taxonomy":"category","embeddable":true,"href":"https:\/\/www.mojevrijeme.hr\/magazin\/wp-json\/wp\/v2\/categories?post=85996"},{"taxonomy":"post_tag","embeddable":true,"href":"https:\/\/www.mojevrijeme.hr\/magazin\/wp-json\/wp\/v2\/tags?post=85996"}],"curies":[{"name":"wp","href":"https:\/\/api.w.org\/{rel}","templated":true}]}}