{"id":86000,"date":"2023-09-19T10:26:38","date_gmt":"2023-09-19T08:26:38","guid":{"rendered":"https:\/\/www.mojevrijeme.hr\/magazin\/?p=86000"},"modified":"2023-09-19T10:26:42","modified_gmt":"2023-09-19T08:26:42","slug":"unajmila-sam-privatnog-detektiva-muz-me-varao-imala-sam-vec-65-godina","status":"publish","type":"post","link":"https:\/\/www.mojevrijeme.hr\/magazin\/2023\/09\/unajmila-sam-privatnog-detektiva-muz-me-varao-imala-sam-vec-65-godina\/","title":{"rendered":"&#8216;Unajmila sam privatnog detektiva, mu\u017e me varao. Imala sam ve\u0107 65 godina&#8217;"},"content":{"rendered":"\n<p>Prije pet godina, Janet (70) je izgubila ne samo supruga koju ju je varao, nego nakratko i vjeru u ljude i \u017eivot op\u0107enito. No, u nevolji se u njoj pokrenula neka sna\u017ena energija za koju je davno zaboravila da ju uop\u0107e ima, i aktivirao se onaj iskonski poriv za pre\u017eivljavanjem. Mogla je birati \u2013 pasti u siroma\u0161tvo, depresiju i predati se i drugim bolestima, ili stati na noge i krenuti iz nule. Odlu\u010dila se za sebe i svoju sre\u0107u.<\/p>\n\n\n\n<p>\u017divotni krah dogodio joj se\u00a0ba\u0161 u godini kad je krenula u mirovinu i ponadala se lijepom, mirnom, sretnom \u017eivotu. &#8220;Imala sam ve\u0107 65 godina kad sam izgubila apsolutno sve. Suprug me sustavno varao te je postao agresivan kad sam saznala. Moram priznati da sam za dokaze unajmila privatnog detektiva&#8221;, iskreno je zapo\u010dela svoju ispovijest ova danas 70-godi\u0161njakinja.<\/p>\n\n\n\n<h3 class=\"wp-block-heading\">Odsela sedam sati daleko<\/h3>\n\n\n\n<p>Najprije je uvidjela da joj u sredini u kojoj je \u017eivjela sa suprugom ne\u0107e biti dobro. &#8220;Silom prilika morala sam odseliti, pa sam odselila \u0161to dalje. U mom slu\u010daju, to je bilo udaljavanje \u010dak sedam sati vo\u017enje automobilom&#8221;, otkrila je.<\/p><div id=\"mojev-4175244588\" class=\"mojev-u-tekstu mojev-entity-placement\" style=\"margin-left: auto;margin-right: auto;text-align: center;\"><div class=\"mojev-adlabel\">oglas<\/div><div style=\"height: 250px;\"><script async src=\"https:\/\/pagead2.googlesyndication.com\/pagead\/js\/adsbygoogle.js?client=ca-pub-8106111766207173\"\r\n     crossorigin=\"anonymous\"><\/script>\r\n<!-- Prikazni 1 u tekstu -->\r\n<ins class=\"adsbygoogle\"\r\n     style=\"display:block\"\r\n     data-ad-client=\"ca-pub-8106111766207173\"\r\n     data-ad-slot=\"8535551207\"\r\n     data-ad-format=\"auto\"\r\n     data-full-width-responsive=\"true\"><\/ins>\r\n<script>\r\n     (adsbygoogle = window.adsbygoogle || []).push({});\r\n<\/script><\/div><\/div><br style=\"clear: both; display: block; float: none;\"\/>\n\n\n\n<p>Danas, nagla\u0161ava, ima 70 godina i \u017eivahnija je nego \u0161to je bila proteklih par desetlje\u0107a ustaljenog \u017eivota. &#8220;Vratila sam se raditi. Susre\u0107em nove ljude i radim stvari za koje sto posto znam da ih ne bih radila da sam ostala u starom \u017eivotu. Danas doista pro\u017eivljavam razne avanture, u\u010dim nove vje\u0161tine i imam prave nove prijatelje, ne samo poznanike&#8221;, pohvalila se.<\/p>\n\n\n\n<p>Ono \u0161to je posebno istaknula jest \u010dinjenica da njezin &#8211; sada biv\u0161i \u2013 suprug nije tako dobro pro\u0161ao. &#8220;Niti se skrasio, niti usre\u0107io. Jadan je i o\u010dajan&#8221;, istaknula je.<\/p>\n\n\n\n<h3 class=\"wp-block-heading\">Nikad nije bolje zara\u0111ivala<\/h3>\n\n\n\n<p>I, dogodio joj se jo\u0161 jedan paradoks, svjedo\u010di sudionicima rasprave. Iz svjedo\u010denja se mo\u017ee razlu\u010diti da je, da bi se udaljila iz toksi\u010dne sredine, ostavila bra\u010dnu ste\u010devinu. &#8220;Iako nikad vi\u0161e nisam vratila financijsku sigurnost koju sam bila stekla u braku, ironi\u010dno je to \u0161to sada s poslom koji radim nikad, u cijeloj mojoj dugoj karijeri, nisam tako dobro zara\u0111ivala. Ali, ljudi dragi, \u0161teta \u0161to ve\u0107 imam 70 godina&#8221;, ispovjedila se iskreno.<\/p>\n\n\n\n<p>Ta njezina dobra zarada, isti\u010de nadalje, upravo zbog njezinih godina za nju ima pone\u0161to gorko-slatki okus. &#8220;Pa ipak, tjeram se provoditi najbolje \u0161to mogu, barem jo\u0161 mo\u017eda nekih deset godina dok sam jo\u0161 ovako funkcionalna&#8221;, zaklju\u010dila je Janet svoju ispovijest koja mnogima u njezinim godinama ulijeva nadu.<\/p>\n\n\n\n<div id=\"crveno\"><\/p>\n\n\n\n<h3 class=\"wp-block-heading\">Zanima nas va\u0161a pri\u010da<\/h3>\n\n\n\n<p>\u017delite li i vi, posve anonimno, podijeliti svoje iskustvo i vi\u0111enje ove teme s nama i na\u0161im \u010ditateljima, mo\u017eete to u\u010diniti putem web obrasca <a rel=\"noreferrer noopener\" href=\"https:\/\/www.mojevrijeme.hr\/magazin\/povjerljivo\/\" target=\"_blank\">Povjerljivo<\/a>. Napi\u0161ite svoju pri\u010du!<\/p>\n\n\n\n<p><\/div>\n<div id=\"mojev-391837589\" class=\"mojev-kraj-teksta mojev-entity-placement\" style=\"margin-bottom: 20px;margin-left: auto;margin-right: auto;text-align: center;\"><div class=\"mojev-adlabel\">oglas<\/div><div style=\"height: 250px;\"><script async src=\"https:\/\/pagead2.googlesyndication.com\/pagead\/js\/adsbygoogle.js?client=ca-pub-8106111766207173\"\r\n     crossorigin=\"anonymous\"><\/script>\r\n<!-- Display-1 -->\r\n<ins class=\"adsbygoogle\"\r\n     style=\"display:block\"\r\n     data-ad-client=\"ca-pub-8106111766207173\"\r\n     data-ad-slot=\"1465712950\"\r\n     data-ad-format=\"auto\"\r\n     data-full-width-responsive=\"true\"><\/ins>\r\n<script>\r\n     (adsbygoogle = window.adsbygoogle || []).push({});\r\n<\/script><\/div><\/div>","protected":false},"excerpt":{"rendered":"<p>\u017dena pro\u0111e pedesetu, \u0161ezdesetu pa \u010dak i sedamdesetu, a mu\u017e poludi za mla\u0111om. Je li to danas nekakva rijetkost? Ako je za suditi po ispovijestima nekih od na\u0161ih \u010ditateljica, ili pak po raspravama na raznim platformama poput Quore gdje pitanja postavljaju ljudi iz cijelog svijeta \u2013 ne, to nigdje vi\u0161e nije nikakva rijetkost. Donosimo pri\u010du \u017eene koja je to do\u017eivjele i do\u010dekala se na noge.<\/p>\n","protected":false},"author":17,"featured_media":86090,"comment_status":"closed","ping_status":"closed","sticky":false,"template":"","format":"standard","meta":{"footnotes":""},"categories":[2],"tags":[1342,252],"class_list":["post-86000","post","type-post","status-publish","format-standard","has-post-thumbnail","hentry","category-mozaik","tag-rad-uz-mirovinu","tag-razvod"],"_links":{"self":[{"href":"https:\/\/www.mojevrijeme.hr\/magazin\/wp-json\/wp\/v2\/posts\/86000","targetHints":{"allow":["GET"]}}],"collection":[{"href":"https:\/\/www.mojevrijeme.hr\/magazin\/wp-json\/wp\/v2\/posts"}],"about":[{"href":"https:\/\/www.mojevrijeme.hr\/magazin\/wp-json\/wp\/v2\/types\/post"}],"author":[{"embeddable":true,"href":"https:\/\/www.mojevrijeme.hr\/magazin\/wp-json\/wp\/v2\/users\/17"}],"replies":[{"embeddable":true,"href":"https:\/\/www.mojevrijeme.hr\/magazin\/wp-json\/wp\/v2\/comments?post=86000"}],"version-history":[{"count":0,"href":"https:\/\/www.mojevrijeme.hr\/magazin\/wp-json\/wp\/v2\/posts\/86000\/revisions"}],"wp:featuredmedia":[{"embeddable":true,"href":"https:\/\/www.mojevrijeme.hr\/magazin\/wp-json\/wp\/v2\/media\/86090"}],"wp:attachment":[{"href":"https:\/\/www.mojevrijeme.hr\/magazin\/wp-json\/wp\/v2\/media?parent=86000"}],"wp:term":[{"taxonomy":"category","embeddable":true,"href":"https:\/\/www.mojevrijeme.hr\/magazin\/wp-json\/wp\/v2\/categories?post=86000"},{"taxonomy":"post_tag","embeddable":true,"href":"https:\/\/www.mojevrijeme.hr\/magazin\/wp-json\/wp\/v2\/tags?post=86000"}],"curies":[{"name":"wp","href":"https:\/\/api.w.org\/{rel}","templated":true}]}}