{"id":86048,"date":"2023-09-20T09:23:41","date_gmt":"2023-09-20T07:23:41","guid":{"rendered":"https:\/\/www.mojevrijeme.hr\/magazin\/?p=86048"},"modified":"2023-09-20T09:23:44","modified_gmt":"2023-09-20T07:23:44","slug":"sanja-to-je-prava-sramota-od-povecanja-na-moju-mirovinu","status":"publish","type":"post","link":"https:\/\/www.mojevrijeme.hr\/magazin\/2023\/09\/sanja-to-je-prava-sramota-od-povecanja-na-moju-mirovinu\/","title":{"rendered":"Sanja: &#8216;To je prava sramota od pove\u0107anja na moju mirovinu&#8217;"},"content":{"rendered":"\n<p>\u201dGospodo draga, invalidske mirovine su najni\u017ee. Ne, mi nismo izabrali da budemo bolesni. Meni je radna sposobnost oduzeta kad sam napunila svega 38 godina \u017eivota. Poslana sam u invalidsku koja mi danas iznosi jedva 300 eura. Imam jednog studenta i srednjo\u0161kolku\u201d, pi\u0161e nam nezadovoljna <strong>umirovljenica Sanja<\/strong>.<\/p>\n\n\n\n<p>Njezin suprug je zbog toga, povjerava nam, bio prisiljen oti\u010di raditi u inozemstvo. \u201dOti\u0161ao je kad vi\u0161e nismo imali novaca niti za hranu djeci. Evo tako jo\u0161 jedne razdvojene hrvatske obitelji\u201d, napominje na\u0161a \u010ditateljica. &nbsp;<\/p>\n\n\n\n<p>Ne znamo to\u010dan razlog, ali ona navodi da je neko vrijeme uz invalidsku mirovinu primala i tzv. osobnu invalidninu, no ona joj je ukinuta. &#8220;Kad su Centri za socjalnu skrb masovno po\u010deli ukidati osobne invalidnine, izgubila sam je i ja, a moju obitelj je upravo ta invalidnina jo\u0161 nekako vukla da opstanemo, s njom smo mogli sinu pla\u0107ati studentski dom&#8221;, povjerila nam je.<\/p><div id=\"mojev-780845376\" class=\"mojev-u-tekstu mojev-entity-placement\" style=\"margin-left: auto;margin-right: auto;text-align: center;\"><div class=\"mojev-adlabel\">oglas<\/div><div style=\"height: 250px;\"><script async src=\"https:\/\/pagead2.googlesyndication.com\/pagead\/js\/adsbygoogle.js?client=ca-pub-8106111766207173\"\r\n     crossorigin=\"anonymous\"><\/script>\r\n<!-- Prikazni 1 u tekstu -->\r\n<ins class=\"adsbygoogle\"\r\n     style=\"display:block\"\r\n     data-ad-client=\"ca-pub-8106111766207173\"\r\n     data-ad-slot=\"8535551207\"\r\n     data-ad-format=\"auto\"\r\n     data-full-width-responsive=\"true\"><\/ins>\r\n<script>\r\n     (adsbygoogle = window.adsbygoogle || []).push({});\r\n<\/script><\/div><\/div><br style=\"clear: both; display: block; float: none;\"\/>\n\n\n\n<h3 class=\"wp-block-heading\">&#8220;Hvala Bogu na skromnoj djeci&#8221;<\/h3>\n\n\n\n<p>\u017drtva za \u0161kolovanje djece je velika, ali to je gospo\u0111i Sanji najbitnije, ispred njezinog vlastitog zdravlja. &#8220;Lijekove koji nisu na listi HZZO-a ja niti ne tro\u0161im, jer si ih ne mogu priu\u0161titi. No, meni je bitno samo da djeci osiguram \u0161kolovanje. Hvala Bogu pa imamo skromnu djecu koja razumiju za\u0161to im ne mo\u017eemo puno toga priu\u0161titi&#8221;, priznaje nam umirovljenica Sanja.<\/p>\n\n\n\n<p>&#8220;Na\u017ealost&#8221;, pi\u0161e nam potom, &#8220;mi najranjiviji gladujemo, bez lijekova smo. A ovo pove\u0107anje mirovine je sramota. Recite mi, na koga da po\u0161aljem tih par eura, da se gospoda u Saboru mogu barem dva dana najesti, jer meni to nije dovoljno niti za kutiju lijekova&#8221;, ironi\u010dna je u svom o\u010daju ova nezadovoljna umirovljenica.<\/p>\n\n\n\n<h3 class=\"wp-block-heading\"><strong>&#8220;Brinite malo vi\u0161e o bolesnima!<\/strong>&#8220;<\/h3>\n\n\n\n<p><strong>Gospo\u0111a Lina <\/strong>u invalidskoj je mirovini ve\u0107 24 godine. Kako nam pi\u0161e, do umirovljenja je 18 godina radila u tri smjene, sve dok nije ozbiljno oboljela. &#8220;Bilo je to 1991 godine., kad su me poslali u invalidsku mirovinu. Tada mi je mirovina iznosila nekih 800 kuna (oko 106 eura) i to je bilo jo\u0161 1999. godine&#8221;, povjerava nam se.<\/p>\n\n\n\n<p>&#8220;Na\u017ealost, na\u0161e mirovine su najmanje i kao da nitko ne brine o tome. Bolesti nam ne idu nabolje, ve\u0107 nagore, ima lijekova koje trebamo dopla\u0107ivati. S \u010dime, ako sada primam 299 eura za 23 godine sta\u017ea, koliko sam uspjela prikupiti? Molila bih one na vlasti da se malo vi\u0161e pobrinu za nas koji u mirovinu nismo oti\u0161li svojom krivnjom i voljom, ve\u0107 nas je na to natjerala bolest. A bolest sa sobom nosi pove\u0107ane, a ne smanjene tro\u0161kove&#8221; upozorava gospo\u0111a Lina, jedna od 624.000 osoba s invaliditetom koje \u017eive u Hrvatskoj.<\/p>\n\n\n\n<div id=\"crveno\"><\/p>\n\n\n\n<h3 class=\"wp-block-heading\">Zanima nas va\u0161a pri\u010da<\/h3>\n\n\n\n<p>\u017delite li i vi, posve anonimno, podijeliti svoje iskustvo i vi\u0111enje ove teme s nama i na\u0161im \u010ditateljima, mo\u017eete to u\u010diniti putem web obrasca <a rel=\"noreferrer noopener\" href=\"https:\/\/www.mojevrijeme.hr\/magazin\/povjerljivo\/\" target=\"_blank\">Povjerljivo<\/a>. Napi\u0161ite svoju pri\u010du!<\/p>\n\n\n\n<p><\/div>\n<div id=\"mojev-462633326\" class=\"mojev-kraj-teksta mojev-entity-placement\" style=\"margin-bottom: 20px;margin-left: auto;margin-right: auto;text-align: center;\"><div class=\"mojev-adlabel\">oglas<\/div><div style=\"height: 250px;\"><script async src=\"https:\/\/pagead2.googlesyndication.com\/pagead\/js\/adsbygoogle.js?client=ca-pub-8106111766207173\"\r\n     crossorigin=\"anonymous\"><\/script>\r\n<!-- Display-1 -->\r\n<ins class=\"adsbygoogle\"\r\n     style=\"display:block\"\r\n     data-ad-client=\"ca-pub-8106111766207173\"\r\n     data-ad-slot=\"1465712950\"\r\n     data-ad-format=\"auto\"\r\n     data-full-width-responsive=\"true\"><\/ins>\r\n<script>\r\n     (adsbygoogle = window.adsbygoogle || []).push({});\r\n<\/script><\/div><\/div>","protected":false},"excerpt":{"rendered":"<p>Invalidske mirovine su doista me\u0111u najni\u017eima, a bolest tim ljudima ne ostavlja prostora za pobolj\u0161anje financijske situacije. Ovisiti o dr\u017eavi je za na\u0161e umirovljenike s invaliditetom ispod razine opstanka. Svjedo\u010de o tome i na\u0161e \u010ditateljice Sanja i Lina \u2013 niti jedna si s 299 eura mirovine ne mo\u017ee doplatiti \u010dak ni prijeko potreban lijek!<\/p>\n","protected":false},"author":17,"featured_media":86156,"comment_status":"closed","ping_status":"closed","sticky":false,"template":"","format":"standard","meta":{"footnotes":""},"categories":[3552],"tags":[1805,18,237,236],"class_list":["post-86048","post","type-post","status-publish","format-standard","has-post-thumbnail","hentry","category-povjerljivo","tag-invalidska-mirovina","tag-mirovine","tag-siromastvo","tag-standard"],"_links":{"self":[{"href":"https:\/\/www.mojevrijeme.hr\/magazin\/wp-json\/wp\/v2\/posts\/86048","targetHints":{"allow":["GET"]}}],"collection":[{"href":"https:\/\/www.mojevrijeme.hr\/magazin\/wp-json\/wp\/v2\/posts"}],"about":[{"href":"https:\/\/www.mojevrijeme.hr\/magazin\/wp-json\/wp\/v2\/types\/post"}],"author":[{"embeddable":true,"href":"https:\/\/www.mojevrijeme.hr\/magazin\/wp-json\/wp\/v2\/users\/17"}],"replies":[{"embeddable":true,"href":"https:\/\/www.mojevrijeme.hr\/magazin\/wp-json\/wp\/v2\/comments?post=86048"}],"version-history":[{"count":0,"href":"https:\/\/www.mojevrijeme.hr\/magazin\/wp-json\/wp\/v2\/posts\/86048\/revisions"}],"wp:featuredmedia":[{"embeddable":true,"href":"https:\/\/www.mojevrijeme.hr\/magazin\/wp-json\/wp\/v2\/media\/86156"}],"wp:attachment":[{"href":"https:\/\/www.mojevrijeme.hr\/magazin\/wp-json\/wp\/v2\/media?parent=86048"}],"wp:term":[{"taxonomy":"category","embeddable":true,"href":"https:\/\/www.mojevrijeme.hr\/magazin\/wp-json\/wp\/v2\/categories?post=86048"},{"taxonomy":"post_tag","embeddable":true,"href":"https:\/\/www.mojevrijeme.hr\/magazin\/wp-json\/wp\/v2\/tags?post=86048"}],"curies":[{"name":"wp","href":"https:\/\/api.w.org\/{rel}","templated":true}]}}