{"id":86091,"date":"2023-09-22T08:49:09","date_gmt":"2023-09-22T06:49:09","guid":{"rendered":"https:\/\/www.mojevrijeme.hr\/magazin\/?p=86091"},"modified":"2023-09-22T08:49:12","modified_gmt":"2023-09-22T06:49:12","slug":"roditelji-njemacke-eure-dijele-sakom-i-kapom-a-meni-svaki-zalogaj-predbace","status":"publish","type":"post","link":"https:\/\/www.mojevrijeme.hr\/magazin\/2023\/09\/roditelji-njemacke-eure-dijele-sakom-i-kapom-a-meni-svaki-zalogaj-predbace\/","title":{"rendered":"&#8216;Roditelji njema\u010dke eure dijele \u0161akom i kapom, a meni svaki zalogaj predbace&#8217;"},"content":{"rendered":"\n<p>S bakom je, otkriva nam na\u0161a \u010ditateljica Nina, ostala u velikoj bijedi. &#8220;Od prve cigle sama odr\u017eavam ku\u0107u i oku\u0107nicu. Moji su roditelji ku\u0107i dolazili samo dvaput godi\u0161nje i samo ih je ku\u0107a brinula. Za mene nikada nisu marili. Niti su pitali kako sam, kako se osje\u0107am, imam li kakve \u017eelje. Bila sam jedino dijete koje na prvi dan \u0161kole nitko nije dopratio&#8221;, povjerila nam je. \u00a0<\/p>\n\n\n\n<p>Cijeli se svoj \u017eivot, nastavlja, sama brine o sebi. &#8220;Danas imam 62 godine, sama sam i nemam djece. Roditelji su stari i sada \u017eive u ku\u0107i sa mnom i govore da sam im \u0161ezdeset godina samo teret, a nikad mi u bolesti nisu \u010daj skuhali. Stalno mi samo predbacuju <em>gratis<\/em> stan. Ne jedem s njima, jer i to mi predbacuju poslije&#8221;, doznajemo.<\/p>\n\n\n\n<p>Njezin deset godina mla\u0111i brat, tvrdi, pro\u0161ao je bolje od nje. &#8220;On je \u017eivio s njima pa su se o njemu brinuli i pomagali mu. On sada ima troje djece. Oni svi samo do\u0111u iz Njema\u010dke na godi\u0161nji, jedu, naprave nered i vrate se. A ja sam samo du\u017ena, pa du\u017ena&#8221;, povjerava nam nadalje.<\/p><div id=\"mojev-2487429884\" class=\"mojev-u-tekstu mojev-entity-placement\" style=\"margin-left: auto;margin-right: auto;text-align: center;\"><div class=\"mojev-adlabel\">oglas<\/div><div style=\"height: 250px;\"><script async src=\"https:\/\/pagead2.googlesyndication.com\/pagead\/js\/adsbygoogle.js?client=ca-pub-8106111766207173\"\r\n     crossorigin=\"anonymous\"><\/script>\r\n<!-- Prikazni 1 u tekstu -->\r\n<ins class=\"adsbygoogle\"\r\n     style=\"display:block\"\r\n     data-ad-client=\"ca-pub-8106111766207173\"\r\n     data-ad-slot=\"8535551207\"\r\n     data-ad-format=\"auto\"\r\n     data-full-width-responsive=\"true\"><\/ins>\r\n<script>\r\n     (adsbygoogle = window.adsbygoogle || []).push({});\r\n<\/script><\/div><\/div><br style=\"clear: both; display: block; float: none;\"\/>\n\n\n\n<h3 class=\"wp-block-heading\">Svjedo\u010di \u0161to je do\u017eivjela od vlastite majke<\/h3>\n\n\n\n<p>Kako obja\u0161njava, u ku\u0107i u kojoj je s roditeljima ima samo nu\u017eni smje\u0161taj, a ve\u0107 sada je brat ucjenjuje da \u0107e ju izbaciti van i da kod njega ne\u0107e <em>gratis<\/em> stanovati. Gospo\u0111u Ninu doista brine gdje \u0107e zavr\u0161iti.<\/p>\n\n\n\n<p>&#8220;Tata ima 85 godina i potpuno je oslijepio na jedno oko, a na drugo vidi samo 2 posto. Sada je i dementan i ima halucinacije, dok mama boluje od \u0161e\u0107erne bolesti i samo vi\u010de i agresivna je prema njemu. Kad ga branim, njih se oboje obru\u0161e na mene. Majka me nikad nije voljela, nikad zagrlila, poljubila, bila na roditeljskom u \u0161koli niti ju zanima koje sam \u0161kole zavr\u0161ila, gdje sam sve radila, s kim sam se u \u017eivotu dru\u017eila, kamo sa putovala i s kim, nema pojma koje sam bolesti preboljela!&#8221;, iskreno opisuje, iako je to za nju to iznimno bolno.<\/p>\n\n\n\n<h3 class=\"wp-block-heading\">&#8216;Haumajstorica&#8217;<\/h3>\n\n\n\n<p>Majka, nastavlja, smatra da je du\u017ena odr\u017eavati ku\u0107u i zato im je korisna. &#8220;Dr\u017ei me za <em>hausmajstora<\/em>, a ne za k\u0107er! Oboje su se upisali u stara\u010dki dom, ali ne \u017eele jo\u0161 i\u0107i. Brat je od njih dobio punomo\u0107i, a ne poma\u017ee ni\u0161ta. Zlostavlja psihi\u010dki i mamu i mene dok je tu, a ja sam ta koja s roditeljima ide po bolnicama kad zatreba. Pritom i ja imam svoje obaveze, bolesna sam ve\u0107 i sama&#8221;, napominje.<\/p>\n\n\n\n<p>&#8220;Pitam se tko \u0107e meni s malom mirovinom pomagati. Oni barem imaju njema\u010dke penzije i sve si usluge mogu platiti, ali meni ne \u017eele dati ni\u0161ta. Radije za pomo\u0107 u ku\u0107i 400 eura pla\u0107aju susjedu Daru. Ta im se dodvorila i svaki dan dolazi \u010dim ja odem u grad i radi mi jo\u0161 ve\u0107i razdor u obitelji. Mama joj daje puno <em>love<\/em>, a ne radi ni\u0161ta osim \u0161to im ide do du\u0107ana, a kad im ja do\u0111em i pitam \u0161ta trebaju iz trgovine, onda ka\u017eu da im ne treba ni\u0161ta. \u0160ikaniraju me i uzrokuju mi te\u0161ke du\u0161evne boli, i to cijeli \u017eivot. Otac pati, ne vidi, a mama ga zlostavlja&#8221;, obja\u0161njava situaciju.<\/p>\n\n\n\n<h3 class=\"wp-block-heading\">Svaki dan pla\u010de<\/h3>\n\n\n\n<p>Od Centra za socijalni rad, kao i njihove lije\u010dnice, dokumentirano je zatra\u017eila da im se dodijeli skrb i pomo\u0107 u ku\u0107i, ali to se \u010deka. &#8220;Vi\u0161e se stranima ulizuje, dok mene vrije\u0111a i od mene odbija pomo\u0107. Svima dijele eure \u0161akom i kapom, a meni svaki zalogaj predbace! Tjeraju me zbog te \u017eene i govore da im ne dolazim, da nemam \u0161to <em>brigati <\/em>oko njih, dok se ta \u017eena ruga, lupa po guzici i vi\u010de mar\u0161 na dvori\u0161te, pokazuju\u0107i mi srednji prst. Likuje zbog toga \u0161to mene tjeraju, a nju pla\u0107aju. Ina\u010de, moja majka nikad nije ni\u0161ta obavljala sama, ve\u0107 je sve to radio otac. On sada ne mo\u017ee, a meni ne daju. Bojim se da \u0107e toj \u017eeni potpisati ne\u0161to i da \u0107u zavr\u0161iti na cesti. O\u010dajna sam, pla\u010dem svaki dan&#8221;, opisuje svoje strahove.<\/p>\n\n\n\n<p>Te\u0161ko joj je, pi\u0161e, gledati oca kako ovako slab ide prema kraju svog \u017eivota i pati. Grozno joj je gledati i gospo\u0111u Daru koja se kod njih, kako pi\u0161e, &#8220;uhljebila&#8221;.<\/p>\n\n\n\n<p>&#8220;Kad je problem i kad zagusti onda ipak zovu mene i onda sam ja dobra, a ina\u010de sve bude Darica ovo, Darica ono. A Darica nije mami zvala Hitnu kad je pala, ve\u0107 je zvala mene. Ali kad smo se nakon 4 sata mama i ja vratile s Rebra, opet su mi rekli: Mar\u0161 gore (na kat) i ne dolazi&#8221;, svjedo\u010di.<\/p>\n\n\n\n<p>Kako napominje, opisala je sve to jer \u017eeli ukazati na \u010dinjenicu da je svaka obitelj druga\u010dija i da se ponekad ljudi \u017eale na ne\u0161to \u0161to se njoj \u010dini poput ma\u010djeg ka\u0161lja u odnosu na njezinu situaciju.<\/p>\n\n\n\n<h3 class=\"wp-block-heading\">Samo \u017eeli oti\u0107i iz te ku\u0107e<\/h3>\n\n\n\n<p>&#8220;Moje kolegice su od svojih dobile nekretnine i imale majku koja im je kuhala i pomagala im u ku\u0107i, oba su roditelja pomagala i oko djece, a ja sam ostala bez roditeljske ljubavi, brige i pomo\u0107i i sve sam sama odr\u017eavala u ku\u0107i i oko nje, da bi na kraju dobila samo patnju. Ovaj moj nu\u017eni dio u kojem sam smje\u0161tena nema posebne priklju\u010dke pa da ga prodam ili rentam i odem, a zlostavljanje od brata svaki put kad do\u0111e i samo nare\u0111uje i vrije\u0111a ne mogu trpjeti.&#8221;<\/p>\n\n\n\n<p>&#8220;Jedina mi je \u017eelja da odem, a nemam na \u017ealost novca da kupim stan\u010di\u0107 i da u starosti \u017eivim u miru i da ne\u0161to imam za dati kao polog stara\u010dkom domu, jer \u0107e mi mirovina biti premala. Ovako trpim, agonija se nastavlja, ska\u010de mi tlak, oslabilo mi je srce i bojim se da se do kraja ne razbolim jer nemam nikoga tko bi mi pomogao&#8221;, zavr\u0161ila je svoje pismo, prepuno gor\u010dine, gospo\u0111a Nina.<\/p>\n\n\n\n<div id=\"crveno\"><\/p>\n\n\n\n<h3 class=\"wp-block-heading\">Zanima nas va\u0161a pri\u010da<\/h3>\n\n\n\n<p>\u017delite li i vi, posve anonimno, podijeliti svoje iskustvo i vi\u0111enje ove teme s nama i na\u0161im \u010ditateljima, mo\u017eete to u\u010diniti putem web obrasca <a rel=\"noreferrer noopener\" href=\"https:\/\/www.mojevrijeme.hr\/magazin\/povjerljivo\/\" target=\"_blank\">Povjerljivo<\/a>. Napi\u0161ite svoju pri\u010du!<\/p>\n\n\n\n<p><\/div>\n<div id=\"mojev-2779537833\" class=\"mojev-kraj-teksta mojev-entity-placement\" style=\"margin-bottom: 20px;margin-left: auto;margin-right: auto;text-align: center;\"><div class=\"mojev-adlabel\">oglas<\/div><div style=\"height: 250px;\"><script async src=\"https:\/\/pagead2.googlesyndication.com\/pagead\/js\/adsbygoogle.js?client=ca-pub-8106111766207173\"\r\n     crossorigin=\"anonymous\"><\/script>\r\n<!-- Display-1 -->\r\n<ins class=\"adsbygoogle\"\r\n     style=\"display:block\"\r\n     data-ad-client=\"ca-pub-8106111766207173\"\r\n     data-ad-slot=\"1465712950\"\r\n     data-ad-format=\"auto\"\r\n     data-full-width-responsive=\"true\"><\/ins>\r\n<script>\r\n     (adsbygoogle = window.adsbygoogle || []).push({});\r\n<\/script><\/div><\/div>","protected":false},"excerpt":{"rendered":"<p>Gospo\u0111a Nina povjerila nam je te\u0161ku sudbinu \u2013 njezin je \u017eivot trajno obilje\u017eio odlazak roditelja u Njema\u010dku bez nje. Otac joj je oti\u0161ao \u010dim se rodila, a majka kad je imala pet godina. Ostala je s bakom u velikoj bijedi i nikada se nije opravila od osje\u0107aja napu\u0161tenosti. Danas ima 62 godine, roditelji su se u poznoj dobi vratili u ku\u0107u i sada su krenule nove patnje, ponajvi\u0161e s majkom.<\/p>\n","protected":false},"author":17,"featured_media":86307,"comment_status":"closed","ping_status":"closed","sticky":false,"template":"","format":"standard","meta":{"footnotes":""},"categories":[3552],"tags":[3437,3532],"class_list":["post-86091","post","type-post","status-publish","format-standard","has-post-thumbnail","hentry","category-povjerljivo","tag-obiteljski-odnosi","tag-roditelji-i-djeca"],"_links":{"self":[{"href":"https:\/\/www.mojevrijeme.hr\/magazin\/wp-json\/wp\/v2\/posts\/86091","targetHints":{"allow":["GET"]}}],"collection":[{"href":"https:\/\/www.mojevrijeme.hr\/magazin\/wp-json\/wp\/v2\/posts"}],"about":[{"href":"https:\/\/www.mojevrijeme.hr\/magazin\/wp-json\/wp\/v2\/types\/post"}],"author":[{"embeddable":true,"href":"https:\/\/www.mojevrijeme.hr\/magazin\/wp-json\/wp\/v2\/users\/17"}],"replies":[{"embeddable":true,"href":"https:\/\/www.mojevrijeme.hr\/magazin\/wp-json\/wp\/v2\/comments?post=86091"}],"version-history":[{"count":0,"href":"https:\/\/www.mojevrijeme.hr\/magazin\/wp-json\/wp\/v2\/posts\/86091\/revisions"}],"wp:featuredmedia":[{"embeddable":true,"href":"https:\/\/www.mojevrijeme.hr\/magazin\/wp-json\/wp\/v2\/media\/86307"}],"wp:attachment":[{"href":"https:\/\/www.mojevrijeme.hr\/magazin\/wp-json\/wp\/v2\/media?parent=86091"}],"wp:term":[{"taxonomy":"category","embeddable":true,"href":"https:\/\/www.mojevrijeme.hr\/magazin\/wp-json\/wp\/v2\/categories?post=86091"},{"taxonomy":"post_tag","embeddable":true,"href":"https:\/\/www.mojevrijeme.hr\/magazin\/wp-json\/wp\/v2\/tags?post=86091"}],"curies":[{"name":"wp","href":"https:\/\/api.w.org\/{rel}","templated":true}]}}