{"id":86099,"date":"2023-09-19T16:45:45","date_gmt":"2023-09-19T14:45:45","guid":{"rendered":"https:\/\/www.mojevrijeme.hr\/magazin\/?p=86099"},"modified":"2023-09-19T16:45:49","modified_gmt":"2023-09-19T14:45:49","slug":"da-ti-srce-pukne-zbog-djeda-unuke-mogu-vidjeti-samo-u-tajnosti","status":"publish","type":"post","link":"https:\/\/www.mojevrijeme.hr\/magazin\/2023\/09\/da-ti-srce-pukne-zbog-djeda-unuke-mogu-vidjeti-samo-u-tajnosti\/","title":{"rendered":"Da ti srce pukne zbog djeda: &#8216;Unuke mogu vidjeti samo u tajnosti&#8217;"},"content":{"rendered":"\n<p>&#8220;Tu\u017eno je i \u017ealosno&#8221; \u2013 tako svoje pismo zapo\u010dinje nesretni djed i na\u0161 \u010ditatelj, koji je \u017eelio ostati anoniman. &#8220;Evo, moram i ja iznijeti svoju tu\u017enu istinu. I meni k\u0107i i zet godinama ne dopu\u0161taju vi\u0111ati moje dvije krasne, slatke unu\u010dice. A djevoj\u010dice silno \u017eele biti sa mnom! Znam to, jer su se sa mnom tajno dopisivale dok i to moja k\u0107i i zet nisu zabranili&#8221;, pi\u0161e nam nesretni djed.<\/p>\n\n\n\n<p>Potom nam otkriva da je s unukama dogovorio tajni susret. &#8220;Nedavni susret u tajnosti s mojim unu\u010dicama zapo\u010deo je uz stra\u0161ni stisak i zagrljaj, a protekao u suzama i zagrljajima. Govorile su mi: Dida stra\u0161no te volimo i mislimo na tebe, \u017eelimo dolaziti kod tebe. Puno nam nedostaje\u0161, ali mama i tata nam ne daju, a mi ne znamo za\u0161to to rade&#8221;, povjerio nam se djed.<\/p>\n\n\n\n<h3 class=\"wp-block-heading\">Ne smije im se javiti kad ih vidi<\/h3>\n\n\n\n<p>Prete\u0161ko je, pi\u0161e nadalje, uop\u0107e i objasniti bol koju nosi u svom srcu kad u gradu vidi svoje drage unu\u010dice, a ne smiju se javiti jedni drugima. &#8220;A sve to se doga\u0111a zbog kamenog srca moje k\u0107eri i zeta koji iz nekog njihovog bezobraznog hira mojim unu\u010dicama ne dopu\u0161taju da dostojanstveno, uz ljubav svojih bli\u017enjih, pro\u017eive svoje djetinjstvo. Pozivam stoga sve djedove i bake koji imaju isti slu\u010daj da se udru\u017eimo te od nadle\u017enih institucija zatra\u017eimo izmjenu zakona da se bakama i djedovima olak\u0161a kontakt s unucima&#8221;, vapaj je o\u010dajnog djeda.<\/p><div id=\"mojev-1423269552\" class=\"mojev-u-tekstu mojev-entity-placement\" style=\"margin-left: auto;margin-right: auto;text-align: center;\"><div class=\"mojev-adlabel\">oglas<\/div><div style=\"height: 250px;\"><script async src=\"https:\/\/pagead2.googlesyndication.com\/pagead\/js\/adsbygoogle.js?client=ca-pub-8106111766207173\"\r\n     crossorigin=\"anonymous\"><\/script>\r\n<!-- Prikazni 1 u tekstu -->\r\n<ins class=\"adsbygoogle\"\r\n     style=\"display:block\"\r\n     data-ad-client=\"ca-pub-8106111766207173\"\r\n     data-ad-slot=\"8535551207\"\r\n     data-ad-format=\"auto\"\r\n     data-full-width-responsive=\"true\"><\/ins>\r\n<script>\r\n     (adsbygoogle = window.adsbygoogle || []).push({});\r\n<\/script><\/div><\/div><br style=\"clear: both; display: block; float: none;\"\/>\n\n\n\n<p>&#8220;Ja sam kao \u010dovjek osjetio neopisivu bol koju svaki dan nosim u svom srcu, neprestano misle\u0107i na svoje slatke unu\u010dice kojima ne smijem pru\u017eit ruku. Ne smijem ih zagrliti i poljubiti. \u010cesto mi poteknu suze niz lice. Stra\u0161no je \u0161to im ne smijem iskazati svoju ljubav koju za njih \u010duvam. Tu\u017ean je ovaj \u017eivot bez mojih divnih unu\u010dica. Za sve su krivi k\u0107i i zet jer postupaju nerazumno zbog svog prezira i mr\u017enje, ali i bahatosti. Zaboravljaju da su i oni bili djeca, da su imali bake i djedove koji su ih voljeli&#8221;, napisao je.<\/p>\n\n\n\n<p>&#8220;Danas djeca vi\u0161e ne poznaju svoje najbli\u017ee, svoju rodbinu, ja kao \u010dovjek moram re\u0107i sve je to stra\u0161no i tu\u017eno&#8221;, dodao je za kraj nesretni djed. Iako nije naveo \u0161to mu k\u0107i i zet toliko strahovito zamjeraju, na\u0161 \u010ditatelj je spreman pru\u017eiti ruku, ako treba zamoliti za oprost i nastaviti \u017eivot u miru i slozi. No, zid je, barem zasad, previsok.<\/p>\n\n\n\n<div id=\"crveno\"><\/p>\n\n\n\n<h3 class=\"wp-block-heading\">Zanima nas va\u0161a pri\u010da<\/h3>\n\n\n\n<p>\u017delite li i vi, posve anonimno, podijeliti svoje iskustvo i vi\u0111enje ove teme s nama i na\u0161im \u010ditateljima, mo\u017eete to u\u010diniti putem web obrasca <a rel=\"noreferrer noopener\" href=\"https:\/\/www.mojevrijeme.hr\/magazin\/povjerljivo\/\" target=\"_blank\">Povjerljivo<\/a>. Napi\u0161ite svoju pri\u010du!<\/p>\n\n\n\n<p><\/div>\n<div id=\"mojev-2895445796\" class=\"mojev-kraj-teksta mojev-entity-placement\" style=\"margin-bottom: 20px;margin-left: auto;margin-right: auto;text-align: center;\"><div class=\"mojev-adlabel\">oglas<\/div><div style=\"height: 250px;\"><script async src=\"https:\/\/pagead2.googlesyndication.com\/pagead\/js\/adsbygoogle.js?client=ca-pub-8106111766207173\"\r\n     crossorigin=\"anonymous\"><\/script>\r\n<!-- Display-1 -->\r\n<ins class=\"adsbygoogle\"\r\n     style=\"display:block\"\r\n     data-ad-client=\"ca-pub-8106111766207173\"\r\n     data-ad-slot=\"1465712950\"\r\n     data-ad-format=\"auto\"\r\n     data-full-width-responsive=\"true\"><\/ins>\r\n<script>\r\n     (adsbygoogle = window.adsbygoogle || []).push({});\r\n<\/script><\/div><\/div>","protected":false},"excerpt":{"rendered":"<p>Da u na\u0161em dru\u0161tvu mu\u0161karci i dalje rijetko pokazuju osje\u0107aje govore i intimna i povjerljiva pisma koja nam \u0161aljete \u2013 \u017eene koje nam pi\u0161u su i dalje u velikoj ve\u0107ini. No, ovaj put slomio nas je upravo jedan mu\u0161karac &#8211; otac, punac i djed &#8211; koji nam se sav o\u010dajan po\u017ealio da mu k\u0107i i zet brane vi\u0111ati voljene unu\u010dice. Eh, \u017eivote!<\/p>\n","protected":false},"author":17,"featured_media":86122,"comment_status":"closed","ping_status":"closed","sticky":false,"template":"","format":"standard","meta":{"footnotes":"Previsok zid"},"categories":[3552],"tags":[3694,3437,3490],"class_list":["post-86099","post","type-post","status-publish","format-standard","has-post-thumbnail","hentry","category-povjerljivo","tag-djedovi-i-unuci","tag-obiteljski-odnosi","tag-otudenje"],"_links":{"self":[{"href":"https:\/\/www.mojevrijeme.hr\/magazin\/wp-json\/wp\/v2\/posts\/86099","targetHints":{"allow":["GET"]}}],"collection":[{"href":"https:\/\/www.mojevrijeme.hr\/magazin\/wp-json\/wp\/v2\/posts"}],"about":[{"href":"https:\/\/www.mojevrijeme.hr\/magazin\/wp-json\/wp\/v2\/types\/post"}],"author":[{"embeddable":true,"href":"https:\/\/www.mojevrijeme.hr\/magazin\/wp-json\/wp\/v2\/users\/17"}],"replies":[{"embeddable":true,"href":"https:\/\/www.mojevrijeme.hr\/magazin\/wp-json\/wp\/v2\/comments?post=86099"}],"version-history":[{"count":0,"href":"https:\/\/www.mojevrijeme.hr\/magazin\/wp-json\/wp\/v2\/posts\/86099\/revisions"}],"wp:featuredmedia":[{"embeddable":true,"href":"https:\/\/www.mojevrijeme.hr\/magazin\/wp-json\/wp\/v2\/media\/86122"}],"wp:attachment":[{"href":"https:\/\/www.mojevrijeme.hr\/magazin\/wp-json\/wp\/v2\/media?parent=86099"}],"wp:term":[{"taxonomy":"category","embeddable":true,"href":"https:\/\/www.mojevrijeme.hr\/magazin\/wp-json\/wp\/v2\/categories?post=86099"},{"taxonomy":"post_tag","embeddable":true,"href":"https:\/\/www.mojevrijeme.hr\/magazin\/wp-json\/wp\/v2\/tags?post=86099"}],"curies":[{"name":"wp","href":"https:\/\/api.w.org\/{rel}","templated":true}]}}