{"id":86141,"date":"2023-09-21T13:02:56","date_gmt":"2023-09-21T11:02:56","guid":{"rendered":"https:\/\/www.mojevrijeme.hr\/magazin\/?p=86141"},"modified":"2023-09-21T13:03:36","modified_gmt":"2023-09-21T11:03:36","slug":"muz-u-inozemstvu-a-beba-i-ja-na-cesti-jer-nam-je-svekrva-promijenila-bravu","status":"publish","type":"post","link":"https:\/\/www.mojevrijeme.hr\/magazin\/2023\/09\/muz-u-inozemstvu-a-beba-i-ja-na-cesti-jer-nam-je-svekrva-promijenila-bravu\/","title":{"rendered":"&#8216;Mu\u017e u inozemstvu, a beba i ja na cesti jer nam je svekrva promijenila bravu&#8217;"},"content":{"rendered":"\n<p>&#8220;\u010citala sam jednu od va\u0161ih pri\u010da o svekrvi koju je snaha duboko povrijedila. E pa, ja sam snaha koju je duboko povrijedila &#8216;svekrva&#8217;. Namjerno sam rije\u010d svekrva stavila pod navodne znakove&nbsp;jer ta \u017eena ne zaslu\u017euje da ju tako zovem&#8221;, rije\u010di su iz kojih isijava ogor\u010denost snahe koju smo za potrebe pri\u010de nazvali Vlatka, po\u0161tuju\u0107i anonimnost.<\/p>\n\n\n\n<p>Povrije\u0111ena snaha nadalje tuma\u010di kako je do\u0161lo do nepovratno naru\u0161enih odnosa, ba\u0161 u vrijeme koje joj je trebalo biti jedno od najljep\u0161ih razdoblja u \u017eivotu.<\/p>\n\n\n\n<p>&#8220;Nakon najradosnijeg doga\u0111aja u na\u0161im \u017eivotima, ro\u0111enja moje k\u0107eri, moj mu\u017e se posva\u0111ao s mojom majkom. Mama je doputovala k nama u inozemstvo gdje sam rodila, budu\u0107i da je moj suprug tamo na privremenom radu. Do\u0161la je kako bi nam pomogla oko bebe&#8221;, obja\u0161njava kako je zapravo po\u010deo obiteljski razdor.<\/p><div id=\"mojev-3724578109\" class=\"mojev-u-tekstu mojev-entity-placement\" style=\"margin-left: auto;margin-right: auto;text-align: center;\"><div class=\"mojev-adlabel\">oglas<\/div><div style=\"height: 250px;\"><script async src=\"https:\/\/pagead2.googlesyndication.com\/pagead\/js\/adsbygoogle.js?client=ca-pub-8106111766207173\"\r\n     crossorigin=\"anonymous\"><\/script>\r\n<!-- Prikazni 1 u tekstu -->\r\n<ins class=\"adsbygoogle\"\r\n     style=\"display:block\"\r\n     data-ad-client=\"ca-pub-8106111766207173\"\r\n     data-ad-slot=\"8535551207\"\r\n     data-ad-format=\"auto\"\r\n     data-full-width-responsive=\"true\"><\/ins>\r\n<script>\r\n     (adsbygoogle = window.adsbygoogle || []).push({});\r\n<\/script><\/div><\/div><br style=\"clear: both; display: block; float: none;\"\/>\n\n\n\n<h3 class=\"wp-block-heading\">Svekrva promijenila bravu<\/h3>\n\n\n\n<p>&#8220;Nakon 6 tjedana, dok jo\u0161 nisam iza\u0161la ni iz razdoblja babinja, vratila sam se s k\u0107erkicom u svoj rodni grad. Kad sam htjela u\u0107i u suprugov i moj zajedni\u010dki stan, nai\u0161la sam na promijenjenu bravu. Promijenila ju je moja svekrva. Znam ja \u0161to je htjela posti\u0107i tim potezom, htjela je trajno rastaviti mene i mog supruga. Ali, time je zapravo stavila to\u010dku na bilo kakav daljnji odnos sa mnom i s mojom k\u0107erkicom, svojom unukom. Da, svojoj je unuci zabranila da u\u0111e u stan, to je zapravo napravila&#8221;, obja\u0161njava snaha Vlatka.<\/p>\n\n\n\n<p>Takav udarac, napominje, nikad u \u017eivotu nije do\u017eivjela od nikoga i nikada niti jednoj majci ne bi po\u017eeljela da osjeti i najmanji djeli\u0107 takvog poni\u017eenja i zlobe.<\/p>\n\n\n\n<h3 class=\"wp-block-heading\">Unuka nikad nije vidjela baku po tati<\/h3>\n\n\n\n<p>&#8220;Ne moram ni re\u0107i da nikad, niti jednom nije nazvala i izrazila \u017eelju da vidi svoju unuku, niti da pita treba li nam ne\u0161to, niti ona, a niti njen suprug (svekar) i sinovi (stri\u010devi). Nedjela ove \u017eene ovim potezom nisu zavr\u0161ila, ali tim postupkom je u na\u0161im \u017eivotima zauvijek izgubila mjesto. Mi joj nikada ne\u0107emo oprostiti, a nadam se da onaj od gore sve vidi&#8221;, Vlatkine su rije\u010di.<\/p>\n\n\n\n<p>Snaha Vlatka nam potom ukazuje na to je suprugova obitelj dijametralno suprotna od njezine po po\u0161tenju, moralu i radi\u0161nosti. Svi \u017eive u ve\u0107em gradu s oko 150.000 stanovnika, ali vrijednosti im se nikako ne podudaraju. &#8220;Na \u017ealost, prekasno sam to prepoznala&#8221;, naglasila je na kraju snaha Vlatka, ina\u010de diplomirana pravnica koja radi u struci kao stru\u010dna suradnica na sudu. Uskoro se nada i napredovanju te bi, ka\u017ee, trebala postati sutkinja.<\/p>\n\n\n\n<div id=\"crveno\"><\/p>\n\n\n\n<h3 class=\"wp-block-heading\">Zanima nas va\u0161a pri\u010da<\/h3>\n\n\n\n<p>\u017delite li i vi, posve anonimno, podijeliti svoje iskustvo i vi\u0111enje ove teme s nama i na\u0161im \u010ditateljima, mo\u017eete to u\u010diniti putem web obrasca <a rel=\"noreferrer noopener\" href=\"https:\/\/www.mojevrijeme.hr\/magazin\/povjerljivo\/\" target=\"_blank\">Povjerljivo<\/a>. Napi\u0161ite svoju pri\u010du!<\/p>\n\n\n\n<p><\/div>\n\n\n\n<p><\/p>\n<div id=\"mojev-3685120627\" class=\"mojev-kraj-teksta mojev-entity-placement\" style=\"margin-bottom: 20px;margin-left: auto;margin-right: auto;text-align: center;\"><div class=\"mojev-adlabel\">oglas<\/div><div style=\"height: 250px;\"><script async src=\"https:\/\/pagead2.googlesyndication.com\/pagead\/js\/adsbygoogle.js?client=ca-pub-8106111766207173\"\r\n     crossorigin=\"anonymous\"><\/script>\r\n<!-- Display-1 -->\r\n<ins class=\"adsbygoogle\"\r\n     style=\"display:block\"\r\n     data-ad-client=\"ca-pub-8106111766207173\"\r\n     data-ad-slot=\"1465712950\"\r\n     data-ad-format=\"auto\"\r\n     data-full-width-responsive=\"true\"><\/ins>\r\n<script>\r\n     (adsbygoogle = window.adsbygoogle || []).push({});\r\n<\/script><\/div><\/div>","protected":false},"excerpt":{"rendered":"<p>Nakon \u0161to je pro\u010ditala nekoliko na\u0161ih pri\u010da u kojima se svekrve \u017eale na snahe, Vlatka nam je ukazala na to da postoje i svekrve koje doista dolaze &#8216;iz pakla&#8217;. Njena povrije\u0111enost toliko je duboka, da se \u010dini da za ovu obitelj nema ni zrnce nade za pomirbu, niti do stupnja formalnosti, a kamoli sloge.<\/p>\n","protected":false},"author":17,"featured_media":86268,"comment_status":"closed","ping_status":"closed","sticky":false,"template":"","format":"standard","meta":{"footnotes":""},"categories":[3552],"tags":[3437,3550],"class_list":["post-86141","post","type-post","status-publish","format-standard","has-post-thumbnail","hentry","category-povjerljivo","tag-obiteljski-odnosi","tag-svekrve-i-snahe"],"_links":{"self":[{"href":"https:\/\/www.mojevrijeme.hr\/magazin\/wp-json\/wp\/v2\/posts\/86141","targetHints":{"allow":["GET"]}}],"collection":[{"href":"https:\/\/www.mojevrijeme.hr\/magazin\/wp-json\/wp\/v2\/posts"}],"about":[{"href":"https:\/\/www.mojevrijeme.hr\/magazin\/wp-json\/wp\/v2\/types\/post"}],"author":[{"embeddable":true,"href":"https:\/\/www.mojevrijeme.hr\/magazin\/wp-json\/wp\/v2\/users\/17"}],"replies":[{"embeddable":true,"href":"https:\/\/www.mojevrijeme.hr\/magazin\/wp-json\/wp\/v2\/comments?post=86141"}],"version-history":[{"count":0,"href":"https:\/\/www.mojevrijeme.hr\/magazin\/wp-json\/wp\/v2\/posts\/86141\/revisions"}],"wp:featuredmedia":[{"embeddable":true,"href":"https:\/\/www.mojevrijeme.hr\/magazin\/wp-json\/wp\/v2\/media\/86268"}],"wp:attachment":[{"href":"https:\/\/www.mojevrijeme.hr\/magazin\/wp-json\/wp\/v2\/media?parent=86141"}],"wp:term":[{"taxonomy":"category","embeddable":true,"href":"https:\/\/www.mojevrijeme.hr\/magazin\/wp-json\/wp\/v2\/categories?post=86141"},{"taxonomy":"post_tag","embeddable":true,"href":"https:\/\/www.mojevrijeme.hr\/magazin\/wp-json\/wp\/v2\/tags?post=86141"}],"curies":[{"name":"wp","href":"https:\/\/api.w.org\/{rel}","templated":true}]}}