{"id":86160,"date":"2023-09-20T11:40:53","date_gmt":"2023-09-20T09:40:53","guid":{"rendered":"https:\/\/www.mojevrijeme.hr\/magazin\/?p=86160"},"modified":"2023-09-20T11:48:27","modified_gmt":"2023-09-20T09:48:27","slug":"vida-64-radim-iako-imam-610-eura-mirovine-lijepo-je-kad-sjedne-jos-450-eura","status":"publish","type":"post","link":"https:\/\/www.mojevrijeme.hr\/magazin\/2023\/09\/vida-64-radim-iako-imam-610-eura-mirovine-lijepo-je-kad-sjedne-jos-450-eura\/","title":{"rendered":"Vida (64): &#8216;Radim iako imam 610 eura mirovine, lijepo je kad sjedne jo\u0161 450 eura&#8217;"},"content":{"rendered":"\n<p>U mirovinu je <strong>gospo\u0111a Vida<\/strong> oti\u0161la prije godinu dana. Za \u017eivota je radila na \u0161alteru u banci, a kad se na\u0161la u mirovini, do\u017eivjela je hladan tu\u0161 ve\u0107 u prvom du\u0107anu s cipelama.<\/p>\n\n\n\n<p>&#8220;Znam da zvu\u010di glupo navesti to kao primjer pada standarda umirovljenika, jer se mnogi zamisle i prera\u010dunavaju dok kupuju kruh, ali Bo\u017ee moj, i cipele su nu\u017enost. Zna\u010di, u\u0161la sam u omiljeni du\u0107an i kad je trebalo donijeti odluku o kupnji, ja sam shvatila da ako od svojih 610 eura mirovine dam 129 za cipele, to do kraja mjeseca ne\u0107e na dobro. Povukla sam ko\u010dnicu i iza\u0161la na svje\u017ei zrak. Vra\u0107aju\u0107i se pje\u0161ice kroz grad ku\u0107i, odlu\u010dila sam da \u0107u odmah potra\u017eiti posao jer ne mogu \u017eivjeti u toj frustraciji&#8221;, iskreno nam govori gospo\u0111a Vida.<\/p>\n\n\n\n<h3 class=\"wp-block-heading\">Po\u010dastila se cipelama<\/h3>\n\n\n\n<p>Pregledala je oglasnik, a ve\u0107 se sutradan javila jednom servisu za \u010di\u0161\u0107enje jer su oglasili da zapo\u0161ljavaju umirovljenike na 4 sata dnevno. &#8220;To mi se \u010dinilo kao ne\u0161to prihvatljivo, iako me brinulo jesam li ja u ovim godinama uop\u0107e sposobna za takav fizi\u010dki rad. No, kad mi je nakon mjesec dana sjelo dodatnih <strong>450 eura<\/strong>, bila sam zadovoljna. Po\u010dastila sam se s cipelama&#8221;, otkrila je kroz smijeh.<\/p><div id=\"mojev-262454185\" class=\"mojev-u-tekstu mojev-entity-placement\" style=\"margin-left: auto;margin-right: auto;text-align: center;\"><div class=\"mojev-adlabel\">oglas<\/div><div style=\"height: 250px;\"><script async src=\"https:\/\/pagead2.googlesyndication.com\/pagead\/js\/adsbygoogle.js?client=ca-pub-8106111766207173\"\r\n     crossorigin=\"anonymous\"><\/script>\r\n<!-- Prikazni 1 u tekstu -->\r\n<ins class=\"adsbygoogle\"\r\n     style=\"display:block\"\r\n     data-ad-client=\"ca-pub-8106111766207173\"\r\n     data-ad-slot=\"8535551207\"\r\n     data-ad-format=\"auto\"\r\n     data-full-width-responsive=\"true\"><\/ins>\r\n<script>\r\n     (adsbygoogle = window.adsbygoogle || []).push({});\r\n<\/script><\/div><\/div><br style=\"clear: both; display: block; float: none;\"\/>\n\n\n\n<p>Sada, ka\u017ee, radi ve\u0107 godinu dana. &#8220;Ne znam iskreno koliko \u0107u jo\u0161 izdr\u017eati, ide mi malo na \u017eivce kad mi uvale ne\u0161to mi nije u opisu posla za taj dan, bude i umora nave\u010der iako sam na pola radnog vremena. No, ima i le\u017eernih dana pa guram dalje. Sada kad sam tu ve\u0107 &#8216;stara postava&#8217;, mogu se dogovoriti \u010dak i za mjesec dana pauze, pa nastaviti. Ma ne treba se bojati nikakvog posla, evo to je moja poruka umirovljenicama koje imaju snage i volje za dodatnu zaradu&#8221;, napominje gospo\u0111a Vida.<\/p>\n\n\n\n<p>O sasvim pristojnoj zaradi na poslovima \u010di\u0161\u0107enja nedavno nam je <a href=\"https:\/\/www.mojevrijeme.hr\/magazin\/2023\/05\/cistim-uz-mirovinu-izborila-sam-se-za-odlicnu-placu\/\" data-type=\"link\" data-id=\"https:\/\/www.mojevrijeme.hr\/magazin\/2023\/05\/cistim-uz-mirovinu-izborila-sam-se-za-odlicnu-placu\/\">govorila i gospo\u0111a Natalija<\/a> koja zaradi i do 600 eura mjese\u010dno.<\/p>\n\n\n\n<h3 class=\"wp-block-heading\">Helena (65): Radit \u0107u dok me zdravlje slu\u017ei<\/h3>\n\n\n\n<p>Na\u0161a<strong> \u010ditateljica Helena<\/strong> ima 65 godina i ve\u0107 je dvije godine u mirovini. &#8220;U mirovinu sam oti\u0161la sa 63 i pol godine \u017eivota te sam odradila 39 godina i jednu sam godinu ostvarila na ime dvoje djece. Imam visoku stru\u010dnu spremu, diplomirani sam in\u017eenjer strojarstva. Za \u017eivota sam radila na poslovima rukovoditeljice proizvodnje sa 200 zaposlenih. Bila sam i direktorica ljevaonice, <em>quality managerica<\/em> korporacije, stru\u010dnjakinja za\u0161tite na radu&#8221;, opisuje svoje obrazovanje i visoko rangirane pozicije na kojima je radila tijekom karijere.<\/p>\n\n\n\n<p>Mirovina joj, povjerava nam, sa zadnjim pove\u0107anjem (prvi i drugi stup) iznosi to\u010dno 593,28 eura. Nije zadovoljna s obzirom na dug sta\u017e na rukovode\u0107im radnim mjestima. &#8220;Jedina dobra stvar u svemu je \u0161to umirovljenici mo\u017eemo raditi na 4 sata i na taj na\u010din si pove\u0107ati primanja. Radit \u0107u dok me zdravlje slu\u017ei&#8221;, otkrila nam je umirovljenica Helena.<\/p>\n\n\n\n<div id=\"crveno\"><\/p>\n\n\n\n<h3 class=\"wp-block-heading\">Zanima nas va\u0161a pri\u010da<\/h3>\n\n\n\n<p>\u017delite li i vi, posve anonimno, podijeliti svoje iskustvo i vi\u0111enje ove teme s nama i na\u0161im \u010ditateljima, mo\u017eete to u\u010diniti putem web obrasca <a rel=\"noreferrer noopener\" href=\"https:\/\/www.mojevrijeme.hr\/magazin\/povjerljivo\/\" target=\"_blank\">Povjerljivo<\/a>. Napi\u0161ite svoju pri\u010du!<\/p>\n\n\n\n<p><\/div>\n<div id=\"mojev-3438986451\" class=\"mojev-kraj-teksta mojev-entity-placement\" style=\"margin-bottom: 20px;margin-left: auto;margin-right: auto;text-align: center;\"><div class=\"mojev-adlabel\">oglas<\/div><div style=\"height: 250px;\"><script async src=\"https:\/\/pagead2.googlesyndication.com\/pagead\/js\/adsbygoogle.js?client=ca-pub-8106111766207173\"\r\n     crossorigin=\"anonymous\"><\/script>\r\n<!-- Display-1 -->\r\n<ins class=\"adsbygoogle\"\r\n     style=\"display:block\"\r\n     data-ad-client=\"ca-pub-8106111766207173\"\r\n     data-ad-slot=\"1465712950\"\r\n     data-ad-format=\"auto\"\r\n     data-full-width-responsive=\"true\"><\/ins>\r\n<script>\r\n     (adsbygoogle = window.adsbygoogle || []).push({});\r\n<\/script><\/div><\/div>","protected":false},"excerpt":{"rendered":"<p>Ljudi koji su tek u\u0161li u mirovinu, ma kolika im penzija bila, \u010desto ostanu u totalnom \u0161oku zbog strelovitog pada primanja. Tako nam i umirovljenice Vida i Helena pi\u0161u da nisu zadovoljne mirovinom od 610 odnosno 593 eura, pa su odlu\u010dile potra\u017eiti posao i dodatno si zaraditi. U tome su i uspjele i danas si mogu priu\u0161titi i ne\u0161to vi\u0161e od pukog pre\u017eivljavanja. <\/p>\n","protected":false},"author":17,"featured_media":86179,"comment_status":"closed","ping_status":"closed","sticky":false,"template":"","format":"standard","meta":{"footnotes":""},"categories":[3552],"tags":[1342,236],"class_list":["post-86160","post","type-post","status-publish","format-standard","has-post-thumbnail","hentry","category-povjerljivo","tag-rad-uz-mirovinu","tag-standard"],"_links":{"self":[{"href":"https:\/\/www.mojevrijeme.hr\/magazin\/wp-json\/wp\/v2\/posts\/86160","targetHints":{"allow":["GET"]}}],"collection":[{"href":"https:\/\/www.mojevrijeme.hr\/magazin\/wp-json\/wp\/v2\/posts"}],"about":[{"href":"https:\/\/www.mojevrijeme.hr\/magazin\/wp-json\/wp\/v2\/types\/post"}],"author":[{"embeddable":true,"href":"https:\/\/www.mojevrijeme.hr\/magazin\/wp-json\/wp\/v2\/users\/17"}],"replies":[{"embeddable":true,"href":"https:\/\/www.mojevrijeme.hr\/magazin\/wp-json\/wp\/v2\/comments?post=86160"}],"version-history":[{"count":0,"href":"https:\/\/www.mojevrijeme.hr\/magazin\/wp-json\/wp\/v2\/posts\/86160\/revisions"}],"wp:featuredmedia":[{"embeddable":true,"href":"https:\/\/www.mojevrijeme.hr\/magazin\/wp-json\/wp\/v2\/media\/86179"}],"wp:attachment":[{"href":"https:\/\/www.mojevrijeme.hr\/magazin\/wp-json\/wp\/v2\/media?parent=86160"}],"wp:term":[{"taxonomy":"category","embeddable":true,"href":"https:\/\/www.mojevrijeme.hr\/magazin\/wp-json\/wp\/v2\/categories?post=86160"},{"taxonomy":"post_tag","embeddable":true,"href":"https:\/\/www.mojevrijeme.hr\/magazin\/wp-json\/wp\/v2\/tags?post=86160"}],"curies":[{"name":"wp","href":"https:\/\/api.w.org\/{rel}","templated":true}]}}