{"id":86161,"date":"2023-09-20T10:19:02","date_gmt":"2023-09-20T08:19:02","guid":{"rendered":"https:\/\/www.mojevrijeme.hr\/magazin\/?p=86161"},"modified":"2023-09-20T10:29:05","modified_gmt":"2023-09-20T08:29:05","slug":"nije-sve-crno-mirovina-za-40-godina-staza-je-77-posto-place-vise-nego-u-sloveniji","status":"publish","type":"post","link":"https:\/\/www.mojevrijeme.hr\/magazin\/2023\/09\/nije-sve-crno-mirovina-za-40-godina-staza-je-77-posto-place-vise-nego-u-sloveniji\/","title":{"rendered":"&#8216;Nije sve crno. Mirovina za 40 godina sta\u017ea je 77 posto pla\u0107e. Vi\u0161e nego u Sloveniji!"},"content":{"rendered":"\n<p>Saborski zastupnik Silvano Hrelja u programu N1 televizije komentirao je status umirovljenika te je ustvrdio da Hrvatski zavod za mirovinsko osiguranje (HZMO) pogre\u0161no ra\u010duna prosjek mirovina.<\/p>\n\n\n\n<p>\u201cOvaj saziv Sabora i ve\u0107ina koje sam \u010dlan ozbiljno rje\u0161ava umirovljeni\u010dka pitanja. Radi toga sam iz opozicije pre\u0161ao u poziciju. Radim na programu koji je bio predizborni program i moje koalicije s kojom sam u\u0161ao u Sabor. Bitno je da ljudi ne \u010dekaju da se to rije\u0161i. Ova vlada je pove\u0107ala obiteljske mirovine, prosje\u010dno je to oko 101 euro na svoju mirovinu koju netko ve\u0107 prima&#8221;, rekao je.<\/p>\n\n\n\n<p>Ka\u017ee kako to ne bi bilo ostvareno da nije u\u0161ao u koaliciju s vladaju\u0107im. &#8220;To tako funkcionira u politici. Mi nismo jo\u0161 do\u0161li do zrelosti da radimo politiku za op\u0107e dobro nego politiku utakmice. Da sam se za iste prijedloge zalagao u Saboru to vjerojatno ne bi pro\u0161lo, ali bi imao ve\u0107i rejting&#8221;, dodao je.<\/p><div id=\"mojev-4171128651\" class=\"mojev-u-tekstu mojev-entity-placement\" style=\"margin-left: auto;margin-right: auto;text-align: center;\"><div class=\"mojev-adlabel\">oglas<\/div><div style=\"height: 250px;\"><script async src=\"https:\/\/pagead2.googlesyndication.com\/pagead\/js\/adsbygoogle.js?client=ca-pub-8106111766207173\"\r\n     crossorigin=\"anonymous\"><\/script>\r\n<!-- Prikazni 1 u tekstu -->\r\n<ins class=\"adsbygoogle\"\r\n     style=\"display:block\"\r\n     data-ad-client=\"ca-pub-8106111766207173\"\r\n     data-ad-slot=\"8535551207\"\r\n     data-ad-format=\"auto\"\r\n     data-full-width-responsive=\"true\"><\/ins>\r\n<script>\r\n     (adsbygoogle = window.adsbygoogle || []).push({});\r\n<\/script><\/div><\/div><br style=\"clear: both; display: block; float: none;\"\/>\n\n\n\n<h3 class=\"wp-block-heading\">Ispravak neto\u010dnih navoda<\/h3>\n\n\n\n<p>Platforma Umirovljenici zajedno je iznijela podatak da je odnos izme\u0111u mirovina i pla\u0107a manji u odnosu na po\u010detak HDZ-ovog mandata. &#8220;To nije to\u010dno. Zbrajaju se kru\u0161ke i jabuke. Utakmica je \u0161to gore to bolje. Ja nisam vidio naroda koji \u017eeli o sebi misliti lo\u0161ije nego \u0161to su to Hrvati. Ne \u017eeli priznati da mi danas ispla\u0107ujemo 183 mirovine po me\u0111unarodnim ugovorima. Mi uporno te mirovine trpamo u prosjek, to ne radi niti jedna zemlja EU-a&#8221;, tvrdi.<\/p>\n\n\n\n<p>&#8220;Mirovina za 40 godina sta\u017ea iznosi 77 posto pla\u0107e, u Sloveniji je 74 posto. Ako \u0107emo se tako uspore\u0111ivati onda su rezultati druga\u010diji. To\u010dno je, invalidska mirovina je manja, ali obiteljska je ve\u0107a. Tako bi mogli uspore\u0111ivati. Sve smo podigli osim invalidskih mirovina, ali mi smo zemlja koja ima ogroman broj takvih mirovina, \u0161to je nerealno&#8221;, rekao je.<\/p>\n\n\n\n<p>\u201cPla\u0107e i mirovine se ne mogu uspore\u0111ivati bez uspore\u0111ivanja gospodarske mo\u0107i neke zemlje. Ekonomija nije uspje\u0161na da bi nam mirovine bile ve\u0107e. Odgovorni su svi koji su vodili ovu dr\u017eavu u zadnjih 30 godina. Mi previ\u0161e pri\u010damo daj, daj daj, a malo koliko moramo raditi i ulagati da bi imali dobru mirovinu&#8221;, dodao je.<\/p>\n\n\n\n<p>Obe\u0107anje HDZ-a bio je udio mirovina u pla\u0107i na 50 posto, a to nije ostvareno. &#8220;Statistika je kao bikini. Bitno je da ove prosjeke u starosne mirovine ulaze sve invalidske mirovine koje su s manje sta\u017ea i manje. Pogre\u0161no je gledati sve mirovine zajedno i to ne radi niti jedna zemlja&#8221; tvrdi Hrelja.<\/p>\n<div id=\"mojev-333046798\" class=\"mojev-kraj-teksta mojev-entity-placement\" style=\"margin-bottom: 20px;margin-left: auto;margin-right: auto;text-align: center;\"><div class=\"mojev-adlabel\">oglas<\/div><div style=\"height: 250px;\"><script async src=\"https:\/\/pagead2.googlesyndication.com\/pagead\/js\/adsbygoogle.js?client=ca-pub-8106111766207173\"\r\n     crossorigin=\"anonymous\"><\/script>\r\n<!-- Display-1 -->\r\n<ins class=\"adsbygoogle\"\r\n     style=\"display:block\"\r\n     data-ad-client=\"ca-pub-8106111766207173\"\r\n     data-ad-slot=\"1465712950\"\r\n     data-ad-format=\"auto\"\r\n     data-full-width-responsive=\"true\"><\/ins>\r\n<script>\r\n     (adsbygoogle = window.adsbygoogle || []).push({});\r\n<\/script><\/div><\/div>","protected":false},"excerpt":{"rendered":"<p>Pogre\u0161no je gledati sve mirovine zajedno i to ne radi niti jedna zemlja, tvrdi saborski zastupnik Silvano Hrelja.<\/p>\n","protected":false},"author":1,"featured_media":13130,"comment_status":"closed","ping_status":"closed","sticky":false,"template":"","format":"standard","meta":{"footnotes":""},"categories":[9],"tags":[18,553],"class_list":["post-86161","post","type-post","status-publish","format-standard","has-post-thumbnail","hentry","category-vijesti","tag-mirovine","tag-silvano-hrelja"],"_links":{"self":[{"href":"https:\/\/www.mojevrijeme.hr\/magazin\/wp-json\/wp\/v2\/posts\/86161","targetHints":{"allow":["GET"]}}],"collection":[{"href":"https:\/\/www.mojevrijeme.hr\/magazin\/wp-json\/wp\/v2\/posts"}],"about":[{"href":"https:\/\/www.mojevrijeme.hr\/magazin\/wp-json\/wp\/v2\/types\/post"}],"author":[{"embeddable":true,"href":"https:\/\/www.mojevrijeme.hr\/magazin\/wp-json\/wp\/v2\/users\/1"}],"replies":[{"embeddable":true,"href":"https:\/\/www.mojevrijeme.hr\/magazin\/wp-json\/wp\/v2\/comments?post=86161"}],"version-history":[{"count":0,"href":"https:\/\/www.mojevrijeme.hr\/magazin\/wp-json\/wp\/v2\/posts\/86161\/revisions"}],"wp:featuredmedia":[{"embeddable":true,"href":"https:\/\/www.mojevrijeme.hr\/magazin\/wp-json\/wp\/v2\/media\/13130"}],"wp:attachment":[{"href":"https:\/\/www.mojevrijeme.hr\/magazin\/wp-json\/wp\/v2\/media?parent=86161"}],"wp:term":[{"taxonomy":"category","embeddable":true,"href":"https:\/\/www.mojevrijeme.hr\/magazin\/wp-json\/wp\/v2\/categories?post=86161"},{"taxonomy":"post_tag","embeddable":true,"href":"https:\/\/www.mojevrijeme.hr\/magazin\/wp-json\/wp\/v2\/tags?post=86161"}],"curies":[{"name":"wp","href":"https:\/\/api.w.org\/{rel}","templated":true}]}}