{"id":86236,"date":"2023-09-21T11:04:31","date_gmt":"2023-09-21T09:04:31","guid":{"rendered":"https:\/\/www.mojevrijeme.hr\/magazin\/?p=86236"},"modified":"2023-09-21T11:06:12","modified_gmt":"2023-09-21T09:06:12","slug":"jasna-zlokic-68-u-tudi-brak-se-ne-dira-zene-su-prefriganije-od-muskaraca","status":"publish","type":"post","link":"https:\/\/www.mojevrijeme.hr\/magazin\/2023\/09\/jasna-zlokic-68-u-tudi-brak-se-ne-dira-zene-su-prefriganije-od-muskaraca\/","title":{"rendered":"Jasna Zloki\u0107 (68): &#8216;U tu\u0111i brak se ne dira! \u017dene su prefriganije od mu\u0161karaca&#8217;"},"content":{"rendered":"\n<p>Brutalno iskrena, ali topla, empati\u010dna, istinoljubiva i nadasve humoristi\u010dna \u2013 takva je pjeva\u010dica <strong>Jasna Zloki\u0107<\/strong> u svakodnevnom \u017eivotu. Ostavlja dojam osobe koju bi svatko po\u017eelio za prijateljicu, jer je ro\u0111eni optimist i voli sve okretati na \u0161alu. &#8220;Nekada se kroz humor nekome mo\u017ee ukazati i na ne\u0161to \u0161to nije tako zabavno i smije\u0161no&#8221;, re\u0107i \u0107e Jasna Zloki\u0107 diplomatski.<\/p>\n\n\n\n<p>Njezina svakodnevica okrenuta je ponajvi\u0161e <strong>suprugu Borisu <\/strong>te unu\u010dicama<strong> Mari i Tanji<\/strong>. Unuke im je podario <strong>sin Igor<\/strong>, a na pitanje kakva je kao baka, Jasna se sva ozarila: &#8220;Starija ima sedam godina, a mla\u0111a godinu i pol. Prebri\u017ena sam kao baka, to je malo previ\u0161e, ta ljubav prelazi granica razuma. Ja bi za svoje unuke napravila sve na svijetu. Znate, treba znati i voljeti, s mjerom, jer ja pretjerujem. Ali opet, takva sam, ili volim ili ne volim. Evo i danas sam od sedam na nogama, unuku sam vodila u \u0161kolu ujutro, jedva \u010dekam da se do\u010depam kreveta&#8221;, rekla je iskreno, a tek je bilo pro\u0161lo 20 sati.<\/p>\n\n\n\n<h3 class=\"wp-block-heading\">U tu\u0111i se brak ne dira!<\/h3>\n\n\n\n<p>Potom je odgovarala na jedno \u0161kakljivo pitanje koje glasi: \u0160to bi, kao mudra \u017eena, napravila da prijatelji\u010dinog &nbsp;partnera vidi u gradu s nekom drugom \u017eenom \u2013 bi li joj rekla odmah na prvu, ili bi ipak malo promislila? &#8220;Ja se u to ne diram. Ako se netko u to dira, to mo\u017ee biti vrlo opasno. To su delikatne stvari. Oni se onda obi\u010dno pomire, a vi ispadnete krivi. Ja mislim da je to stvar koju ne treba vidjet. Neka to rje\u0161avaju oni kojima se to dogodilo&#8221;, rekla je.<\/p><div id=\"mojev-2219144876\" class=\"mojev-u-tekstu mojev-entity-placement\" style=\"margin-left: auto;margin-right: auto;text-align: center;\"><div class=\"mojev-adlabel\">oglas<\/div><div style=\"height: 250px;\"><script async src=\"https:\/\/pagead2.googlesyndication.com\/pagead\/js\/adsbygoogle.js?client=ca-pub-8106111766207173\"\r\n     crossorigin=\"anonymous\"><\/script>\r\n<!-- Prikazni 1 u tekstu -->\r\n<ins class=\"adsbygoogle\"\r\n     style=\"display:block\"\r\n     data-ad-client=\"ca-pub-8106111766207173\"\r\n     data-ad-slot=\"8535551207\"\r\n     data-ad-format=\"auto\"\r\n     data-full-width-responsive=\"true\"><\/ins>\r\n<script>\r\n     (adsbygoogle = window.adsbygoogle || []).push({});\r\n<\/script><\/div><\/div><br style=\"clear: both; display: block; float: none;\"\/>\n\n\n\n<p>Na pitanje zna li, kao mudra \u017eena, zatra\u017eiti pomo\u0107, ili si \u010desto natovari previ\u0161e obaveza, Jasna ka\u017ee: &#8220;Ni\u0161ta ja ne govorim mojima da mi treba pomo\u0107, oni to sami naprave &#8211; ili im naredim. Predugo smo moj mu\u017e i ja zajedno, pa ja sam ve\u0107 47 godina u braku, nemam vi\u0161e \u0161ta molit. Nit&#8217; molit nit volit&#8217;, ma on mora mene volit \u0161to sam toliko izdr\u017eala s njim&#8221;, rekla je kroz \u0161alu. Zatim je naglasila da smatra da su \u017eene najzaslu\u017enije za odr\u017eavanje braka.<\/p>\n\n\n\n<h3 class=\"wp-block-heading\">&#8220;Klju\u010d \u017eivota je u rukama \u017eene&#8221;<\/h3>\n\n\n\n<p>&#8220;Ja mislim da je klju\u010d \u017eivota, tako i bra\u010dnog \u017eivota, u rukama \u017eene. Jednom sam kao cura pitala jednu stariju \u017eenu: Teta Luce, kako ste vi tako dugo izdr\u017eala s mu\u017eem, a on vam ba\u0161 i nije bio dobar? A ona mi je rekla: K\u0107eri moja, puno puta sam bila gluha, slijepa i nijema. Sve je time rekla. Ali, napominjem opet, \u017eene su prefriganije od mu\u0161karaca, njima je Bog dao tu osobinu ve\u0107 po tome \u0161to su majke, ve\u0107 zbog toga moraju biti za stepenicu gore, jer se moraju boriti za dijete&#8221;, rekla je Zloki\u0107.<\/p>\n\n\n\n<p>Nasmijala je potom publiku i kad je odgovorila na pitanje je li ju netko, mo\u017eda neki mu\u0161karac, u \u017eivotu nadmudrio. &#8220;Pa sigurno me suprug ne\u010dim nadmudrio kad me pridobio. Koje su to \u010dari bile, ne sje\u0107am se, ali ne\u010dim me oma\u0111ijao, iako sam ja to nakon toliko godina zaboravila.&#8221;<\/p>\n\n\n\n<h3 class=\"wp-block-heading\">Strah od smrti<\/h3>\n\n\n\n<p>Potom je priznala i da je hipohondar te da je redovita kod lije\u010dnika. &#8220;Ja sam hipohondar jer je mene jako strah umrijeti. Jo\u0161 se nitko nije vratio da nam ka\u017ee kako je tamo gore&#8221;, priznala je iskreno. &nbsp;&nbsp;<\/p>\n\n\n\n<p>Ro\u0111ena Velalu\u010danka ka\u017ee da je i danas, kad ve\u0107 desetlje\u0107ima \u017eivi u Zagrebu, vjerna mediteranskoj prehrani. &#8220;Volim jesti. Pripremam blitvu, koristim maslinovo ulje, samo ne znam od \u010dega se debljam, haha, valjda od smoga. \u0160alu na stranu, volim slatko i to mi je veliki porok i to si stvarno moram ukinut. Ali, mislim da ne\u0107u&#8221;, rekla je i nasmijala publiku. &nbsp;<\/p>\n\n\n\n<p>U slobodno vrijeme, kad ne tegli vre\u0107ice s placa Ii ne kuha, kad nije s unu\u010dicama u dje\u010djem parku, voli \u010ditati. &#8220;\u010citam ovisno o raspolo\u017eenju, ako idem le\u0107i tu\u017ena onda \u010ditam Miljenka Smoju, ako sam raspolo\u017eena za poeziju \u010ditam Arsena Dedi\u0107a, ako bi se malo smijala uzmem Ephraima Kishona. A ako mi se filozofira, onda je moj izbor Halil D\u017eubran. Volim i ljubavne romane, evo u\u017eivala sam i \u010ditaju\u0107i Mostove okruga Madison&#8221;, otkrila je o svom privatnom \u017eivotu pjeva\u010dica Jasna Zloki\u0107.<\/p>\n\n\n\n<h3 class=\"wp-block-heading\">Najlu\u0111a situacija u karijeri<\/h3>\n\n\n\n<p>Za kraj je prepri\u010dala i najsmje\u0161niju situaciju koja joj se dogodila tijekom karijere. &#8220;Bio je 8. mart i ja sam nastupala u Sloveniji. Po\u017ealila sam se da taj dan nisam dobila niti jedan cvijet, kad potom do\u0111e jedan obo\u017eavatelj, taj stvarno nije bio normalan, i donese mi cijeli naramak tulipana. Znate, pored dvorane bila je jedna ku\u0107a s oku\u0107nicom oko koje je sve tulipane pokosio. Ja nisam znala bih li se smijala ili plakala. To je zbilja bilo tragikomi\u010dno, nisam znala da li da ponesem te tulipane doma ili da ih odnesem tim ljudima u ku\u0107u. Ponijela sam ih na kraju doma&#8221;, rekla je Jasna Zloki\u0107 i po stoti put te ve\u010deri od srca nasmijala publiku.<\/p>\n<div id=\"mojev-3630195098\" class=\"mojev-kraj-teksta mojev-entity-placement\" style=\"margin-bottom: 20px;margin-left: auto;margin-right: auto;text-align: center;\"><div class=\"mojev-adlabel\">oglas<\/div><div style=\"height: 250px;\"><script async src=\"https:\/\/pagead2.googlesyndication.com\/pagead\/js\/adsbygoogle.js?client=ca-pub-8106111766207173\"\r\n     crossorigin=\"anonymous\"><\/script>\r\n<!-- Display-1 -->\r\n<ins class=\"adsbygoogle\"\r\n     style=\"display:block\"\r\n     data-ad-client=\"ca-pub-8106111766207173\"\r\n     data-ad-slot=\"1465712950\"\r\n     data-ad-format=\"auto\"\r\n     data-full-width-responsive=\"true\"><\/ins>\r\n<script>\r\n     (adsbygoogle = window.adsbygoogle || []).push({});\r\n<\/script><\/div><\/div>","protected":false},"excerpt":{"rendered":"<p>S pjeva\u010dicom Jasnom Zloki\u0107 (68) dru\u017eili smo se u zagreba\u010dkom klubu Sax! gdje je gostovala u talk showu \u017denska pri\u010da, i to na temu \u017eenske mudrosti. Voditeljici Marijani Perini\u0107 i brojnoj publici otkrila je tajnu dugovje\u010dnog braka sa suprugom Borisom, kakva je kao baka, \u0161to izdvaja kao svoju vrlinu, te ima li kakav porok.<\/p>\n","protected":false},"author":15,"featured_media":86242,"comment_status":"closed","ping_status":"closed","sticky":false,"template":"","format":"standard","meta":{"footnotes":""},"categories":[84],"tags":[1718],"class_list":["post-86236","post","type-post","status-publish","format-standard","has-post-thumbnail","hentry","category-show","tag-jasna-zlokic"],"_links":{"self":[{"href":"https:\/\/www.mojevrijeme.hr\/magazin\/wp-json\/wp\/v2\/posts\/86236","targetHints":{"allow":["GET"]}}],"collection":[{"href":"https:\/\/www.mojevrijeme.hr\/magazin\/wp-json\/wp\/v2\/posts"}],"about":[{"href":"https:\/\/www.mojevrijeme.hr\/magazin\/wp-json\/wp\/v2\/types\/post"}],"author":[{"embeddable":true,"href":"https:\/\/www.mojevrijeme.hr\/magazin\/wp-json\/wp\/v2\/users\/15"}],"replies":[{"embeddable":true,"href":"https:\/\/www.mojevrijeme.hr\/magazin\/wp-json\/wp\/v2\/comments?post=86236"}],"version-history":[{"count":0,"href":"https:\/\/www.mojevrijeme.hr\/magazin\/wp-json\/wp\/v2\/posts\/86236\/revisions"}],"wp:featuredmedia":[{"embeddable":true,"href":"https:\/\/www.mojevrijeme.hr\/magazin\/wp-json\/wp\/v2\/media\/86242"}],"wp:attachment":[{"href":"https:\/\/www.mojevrijeme.hr\/magazin\/wp-json\/wp\/v2\/media?parent=86236"}],"wp:term":[{"taxonomy":"category","embeddable":true,"href":"https:\/\/www.mojevrijeme.hr\/magazin\/wp-json\/wp\/v2\/categories?post=86236"},{"taxonomy":"post_tag","embeddable":true,"href":"https:\/\/www.mojevrijeme.hr\/magazin\/wp-json\/wp\/v2\/tags?post=86236"}],"curies":[{"name":"wp","href":"https:\/\/api.w.org\/{rel}","templated":true}]}}