{"id":86341,"date":"2023-09-22T14:33:33","date_gmt":"2023-09-22T12:33:33","guid":{"rendered":"https:\/\/www.mojevrijeme.hr\/magazin\/?p=86341"},"modified":"2023-09-22T22:32:23","modified_gmt":"2023-09-22T20:32:23","slug":"zagrepcanin-80-stisnuli-su-mi-kaznu-u-tramvaju-ubili-su-me-u-pojam","status":"publish","type":"post","link":"https:\/\/www.mojevrijeme.hr\/magazin\/2023\/09\/zagrepcanin-80-stisnuli-su-mi-kaznu-u-tramvaju-ubili-su-me-u-pojam\/","title":{"rendered":"Zagrep\u010danin (80): &#8216;Stisnuli su mi kaznu u tramvaju, ubili su me u pojam&#8217;"},"content":{"rendered":"\n<p>Ako je s nekim lijepo raspravljati o problemima umirovljenika ve\u0107 na ranojutarnjoj kavi, onda je to ba\u0161 iznimno lijepo s gospodinom <strong>Danijelom <\/strong>(80). Ovaj, ina\u010de zabavni, ro\u0111eni Zagrep\u010danec, koji je ovom gradu kao postolar odradio dugih \u010detiri desetlje\u0107a, ovaj put nam je ispri\u010dao \u0161to mu se to ru\u017eno dogodilo u tramvaju. <\/p>\n\n\n\n<p>Za tri dana, gospodin Danijel proslaviti \u0107e 80. ro\u0111endan. Prvu \u010destitku dobio je od ZET-a, i to u obliku kazne, a sve zbog nezgodnih okolnosti. <\/p>\n\n\n\n<p>&#8220;Znao sam donedavno da je na snazi cenzus po kojem svi umirovljenici, koji imaju mirovinu manju od 480 eura, imaju pravo na besplatnu tramvajsku kartu. No, onda sam dobio pove\u0107anje mirovine od nekih dvadesetak eura i taman za nekoliko eura pre\u0161ao sam taj limit. Dva mjeseca sam uredno kupovao kartu. Eh, tu nastaje moja muka. Vi\u0161e mi je ljudi reklo da je cenzus podignut na 560 eura. \u010cak nikome nisam ni povjerovao na prvu, nego sam uredno oti\u0161ao u ZET pitati. Slu\u017ebenica je provjerila moju pokaznu kartu i rekla mi je da vrijedi&#8221;, ispri\u010dao nam je. Ipak, dogodio se, ka\u017ee, nekakav nesporazum, jer je uslijedila za njega velika neugodnost.<\/p><div id=\"mojev-241336878\" class=\"mojev-u-tekstu mojev-entity-placement\" style=\"margin-left: auto;margin-right: auto;text-align: center;\"><div class=\"mojev-adlabel\">oglas<\/div><div style=\"height: 250px;\"><script async src=\"https:\/\/pagead2.googlesyndication.com\/pagead\/js\/adsbygoogle.js?client=ca-pub-8106111766207173\"\r\n     crossorigin=\"anonymous\"><\/script>\r\n<!-- Prikazni 1 u tekstu -->\r\n<ins class=\"adsbygoogle\"\r\n     style=\"display:block\"\r\n     data-ad-client=\"ca-pub-8106111766207173\"\r\n     data-ad-slot=\"8535551207\"\r\n     data-ad-format=\"auto\"\r\n     data-full-width-responsive=\"true\"><\/ins>\r\n<script>\r\n     (adsbygoogle = window.adsbygoogle || []).push({});\r\n<\/script><\/div><\/div><br style=\"clear: both; display: block; float: none;\"\/>\n\n\n\n<h3 class=\"wp-block-heading\">Velika neugodnost <\/h3>\n\n\n\n<p>&#8220;Vozio sam se po gradu bez karte, sasvim bezbri\u017ean i siguran da ne moram kupovati kartu. Nisam ni slutio da to jo\u0161 nije i slu\u017ebeno stupilo na snagu. Do\u0111e kontrola, ja samouvjereno poka\u017eem iskaznicu, kad ono, \u0161tampa meni kontrolor kaznu. Rekao sam mu uljudno: &#8216;Pa gospon, mislil&#8217; sam da vrijedi povlastica, pa govori se da su izmjene donesene. Ne mislite valjda da bi vam dal&#8217; iskaznicu da sam znal&#8217; da ne vrijedi?&#8217; Ali, kontrolor nije imao milosti za moju istinu&#8221;, doznajemo od gospodina Danijela.<\/p>\n\n\n\n<p>Kako ka\u017ee, imaju oni tamo svoju istinu. &#8220;Zaprijetio mi je da moram platiti. Ako ne platim odmah pola od 33 eura, poslije se to popne. Platio sam. Ali neka svi znaju kako se \u017eivi s na\u0161im mirovinama. Meni od moje mirovine, kad sve platim, ostane tri, \u010detiri ili pet eura na dan, kako koji mjesec. Meni je od toga jedan euro za svaki dan u mjesecu popapal ZET. Te\u0161ko sam se s tim pomirio, i\u0161ao sam se \u017ealiti&#8221;, rekao je.<\/p>\n\n\n\n<h3 class=\"wp-block-heading\">&#8216;Malo tolerancije ne bi \u0161kodilo&#8217;<\/h3>\n\n\n\n<p>U tom nadobudnom pohodu, uslijed borbe za pravdu, pro\u017eivio je novu agoniju. &#8220;Najprije sam i\u0161ao na Remizu, tamo su me tako razljutili da sam mislio da budu mi za\u0161titara pozvali. Nisam ja vikao, nego sam triput ulazio da im objasnim za\u0161to smatram da mi trebaju uva\u017eiti \u017ealbu. Ni\u0161ta. Zbogom euri&#8221;, ispri\u010dao nam je.<\/p>\n\n\n\n<p>&#8220;Razumijem da kontrolori i slu\u017ebenici rade svoj posao, ali neki zdravi razum naspram \u010dovjeka od 80 godina, koji je ro\u0111eni Zagrep\u010danin i ima dokaz o ovako mizernoj mirovini, k tome im obja\u0161njava da je i slu\u017ebeno bio krivo informiran, stvarno treba postojati.&#8221;<\/p>\n\n\n\n<p>&#8220;Malo tolerancije bi trebalo biti, ako ve\u0107 moram gledati kako su tolerantni kad u tramvaju uhvate strance. Ovi promrmljaju ne\u0161to na engleskom, ka\u017eu da nisu znali da trebaju imati kartu. Neke puste. Tko tu koga, ja ne znam. Evo ne znam kaj bi vam rekel. Ogor\u010den sam, razo\u010daran sam i vidim da pojedinac u ovoj birokratskoj zemlji ne mo\u017ee napraviti ni\u0161ta&#8221;, rekao je uzrujano na\u0161 sugovornik Danijel.<\/p>\n\n\n\n<p>Kako ishoditi besplatan umirovljeni\u010dki pokaz za zagreba\u010dki javni prijevoz te koji su uvjeti, pro\u010ditajte na <a href=\"https:\/\/www.mojevrijeme.hr\/magazin\/2023\/09\/zagreb-kako-do-besplatnog-umirovljenickog-pokaza-za-javni-prijevoz\/\" data-type=\"post\" data-id=\"86399\" target=\"_blank\" rel=\"noreferrer noopener\">ovoj poveznici<\/a>. <\/p>\n\n\n\n<div id=\"crveno\"><\/p>\n\n\n\n<h3 class=\"wp-block-heading\">Zanima nas va\u0161a pri\u010da<\/h3>\n\n\n\n<p>\u017delite li i vi, posve anonimno, podijeliti svoje iskustvo i vi\u0111enje ove teme s nama i na\u0161im \u010ditateljima, mo\u017eete to u\u010diniti putem web obrasca <a rel=\"noreferrer noopener\" href=\"https:\/\/www.mojevrijeme.hr\/magazin\/povjerljivo\/\" target=\"_blank\">Povjerljivo<\/a>. Napi\u0161ite svoju pri\u010du!<\/p>\n\n\n\n<p><\/div>\n<div id=\"mojev-474075677\" class=\"mojev-kraj-teksta mojev-entity-placement\" style=\"margin-bottom: 20px;margin-left: auto;margin-right: auto;text-align: center;\"><div class=\"mojev-adlabel\">oglas<\/div><div style=\"height: 250px;\"><script async src=\"https:\/\/pagead2.googlesyndication.com\/pagead\/js\/adsbygoogle.js?client=ca-pub-8106111766207173\"\r\n     crossorigin=\"anonymous\"><\/script>\r\n<!-- Display-1 -->\r\n<ins class=\"adsbygoogle\"\r\n     style=\"display:block\"\r\n     data-ad-client=\"ca-pub-8106111766207173\"\r\n     data-ad-slot=\"1465712950\"\r\n     data-ad-format=\"auto\"\r\n     data-full-width-responsive=\"true\"><\/ins>\r\n<script>\r\n     (adsbygoogle = window.adsbygoogle || []).push({});\r\n<\/script><\/div><\/div>","protected":false},"excerpt":{"rendered":"<p>Kao da mizerne mirovine nisu dovoljna muka starijim Zagrep\u010danima, na\u0161eg je sugovornika banalna pogre\u0161ka dovela do samog ruba egzistencije. Zbog tramvajske kazne, morat \u0107e se odricati hrane do idu\u0107e isplate mirovine. <\/p>\n","protected":false},"author":17,"featured_media":86362,"comment_status":"closed","ping_status":"closed","sticky":false,"template":"","format":"standard","meta":{"footnotes":""},"categories":[3552],"tags":[878,39],"class_list":["post-86341","post","type-post","status-publish","format-standard","has-post-thumbnail","hentry","category-povjerljivo","tag-javni-prijevoz","tag-zagreb"],"_links":{"self":[{"href":"https:\/\/www.mojevrijeme.hr\/magazin\/wp-json\/wp\/v2\/posts\/86341","targetHints":{"allow":["GET"]}}],"collection":[{"href":"https:\/\/www.mojevrijeme.hr\/magazin\/wp-json\/wp\/v2\/posts"}],"about":[{"href":"https:\/\/www.mojevrijeme.hr\/magazin\/wp-json\/wp\/v2\/types\/post"}],"author":[{"embeddable":true,"href":"https:\/\/www.mojevrijeme.hr\/magazin\/wp-json\/wp\/v2\/users\/17"}],"replies":[{"embeddable":true,"href":"https:\/\/www.mojevrijeme.hr\/magazin\/wp-json\/wp\/v2\/comments?post=86341"}],"version-history":[{"count":0,"href":"https:\/\/www.mojevrijeme.hr\/magazin\/wp-json\/wp\/v2\/posts\/86341\/revisions"}],"wp:featuredmedia":[{"embeddable":true,"href":"https:\/\/www.mojevrijeme.hr\/magazin\/wp-json\/wp\/v2\/media\/86362"}],"wp:attachment":[{"href":"https:\/\/www.mojevrijeme.hr\/magazin\/wp-json\/wp\/v2\/media?parent=86341"}],"wp:term":[{"taxonomy":"category","embeddable":true,"href":"https:\/\/www.mojevrijeme.hr\/magazin\/wp-json\/wp\/v2\/categories?post=86341"},{"taxonomy":"post_tag","embeddable":true,"href":"https:\/\/www.mojevrijeme.hr\/magazin\/wp-json\/wp\/v2\/tags?post=86341"}],"curies":[{"name":"wp","href":"https:\/\/api.w.org\/{rel}","templated":true}]}}