{"id":86399,"date":"2023-09-22T22:13:09","date_gmt":"2023-09-22T20:13:09","guid":{"rendered":"https:\/\/www.mojevrijeme.hr\/magazin\/?p=86399"},"modified":"2023-09-22T22:35:55","modified_gmt":"2023-09-22T20:35:55","slug":"zagreb-kako-do-besplatnog-umirovljenickog-pokaza-za-javni-prijevoz","status":"publish","type":"post","link":"https:\/\/www.mojevrijeme.hr\/magazin\/2023\/09\/zagreb-kako-do-besplatnog-umirovljenickog-pokaza-za-javni-prijevoz\/","title":{"rendered":"Zagreb: Kako do besplatnog umirovljeni\u010dkog pokaza za javni prijevoz?"},"content":{"rendered":"\n<p>Odlukom o izmjenama i dopunama Odluke o socijalnoj skrbi utvr\u0111eno je da pravo na besplatnu godi\u0161nju kartu ZET-a imaju umirovljenici \u010diji su ukupni prihodi jednaki ili manji od 560 \u20ac (4.219,32 kune) mjese\u010dno. Isto pravo pripada i osobama starijim od 65 godina, a koji ne primaju mirovinu te su im ukupni mjese\u010dni prihodi jednaki ili manji od 560 \u20ac (4.219,32 kuna) mjese\u010dno. <\/p>\n\n\n\n<p>Pravo na besplatan javni prijevoz imaju i korisnici pomo\u0107i za uzdr\u017eavanje nesposobni za rad i privre\u0111ivanje, kao i osobe kojima je priznato pravo na status roditelja njegovatelja ili status njegovatelja.<\/p>\n\n\n\n<p>Prava ostvaruju dr\u017eavljani Republike Hrvatske s prebivali\u0161tem u Gradu Zagrebu i azilanti s boravi\u0161tem u Gradu Zagrebu, kojima je odobren azil sukladno Zakonu o azilu.<\/p><div id=\"mojev-3625331253\" class=\"mojev-u-tekstu mojev-entity-placement\" style=\"margin-left: auto;margin-right: auto;text-align: center;\"><div class=\"mojev-adlabel\">oglas<\/div><div style=\"height: 250px;\"><script async src=\"https:\/\/pagead2.googlesyndication.com\/pagead\/js\/adsbygoogle.js?client=ca-pub-8106111766207173\"\r\n     crossorigin=\"anonymous\"><\/script>\r\n<!-- Prikazni 1 u tekstu -->\r\n<ins class=\"adsbygoogle\"\r\n     style=\"display:block\"\r\n     data-ad-client=\"ca-pub-8106111766207173\"\r\n     data-ad-slot=\"8535551207\"\r\n     data-ad-format=\"auto\"\r\n     data-full-width-responsive=\"true\"><\/ins>\r\n<script>\r\n     (adsbygoogle = window.adsbygoogle || []).push({});\r\n<\/script><\/div><\/div><br style=\"clear: both; display: block; float: none;\"\/>\n\n\n\n<p>Zahtjevi za ostvarivanje prava podnose se od 21. rujna 2023. u pisarnicama podru\u010dnih ureda Gradske uprave prema mjestu stanovanja, a uredno popunjenom i potpisanom Zahtjevu potrebno je prilo\u017eiti i sljede\u0107u dokumentaciju:<\/p>\n\n\n\n<ul class=\"wp-block-list\">\n<li>presliku osobne iskaznice<\/li>\n\n\n\n<li>zadnji odrezak hrvatske mirovine<\/li>\n\n\n\n<li>zadnji odrezak ili potvrda o inozemnoj mirovini samo ako je u inozemstvu ostvaren dio radnog sta\u017ea<\/li>\n\n\n\n<li>potvrda Hrvatskog zavoda za mirovinsko osiguranje za osobe koje ne primaju mirovinu, o tome da nisu korisnici inozemne ili hrvatske mirovine<\/li>\n\n\n\n<li>Nalaz i mi\u0161ljenje PTV-a, Rje\u0161enje Centra za socijalnu skrb o priznavanju prava na zajam\u010denu minimalnu naknadu, odrezak od zadnje ispla\u0107ene pomo\u0107i za zajam\u010denu minimalnu naknadu (za korisnike pomo\u0107i za uzdr\u017eavanje nesposobne za rad i privre\u0111ivanje)<\/li>\n\n\n\n<li>izvr\u0161no rje\u0161enje &#8220;Centra za socijalnu skrb Zagreb&#8221; o priznavanju prava na status roditelja njegovatelja ili njegovatelja<\/li>\n\n\n\n<li>Budu\u0107i da nadle\u017eni gradski uredi imaju uvid u sustav EDIP (Evidencija dohodaka i primitaka) Porezne uprave, stranke koje podnose zahtjev za ostvarivanje prava na besplatan prijevoz u jednom od navedenih statusa, odnosno korisni\u010dkih skupina, ne trebaju dostavljati Potvrdu o visini dohotka.<\/li>\n<\/ul>\n\n\n\n<h3 class=\"wp-block-heading\">Gdje i kada se predaju zahtjevi? <\/h3>\n\n\n\n<p>Isklju\u010divo u pisarnicama podru\u010dnih ureda Gradske uprave i to ponedjeljkom, srijedom i petkom od 8.30 do 15.30 sati, a utorkom i \u010detvrtkom od 8.30 do 18.00 sati, na sljede\u0107im adresama:<\/p>\n\n\n\n<ul class=\"wp-block-list\">\n<li>PU Centar- Ilica 25<\/li>\n\n\n\n<li>PU \u010crnomerec- Trg Francuske Republike 15<\/li>\n\n\n\n<li>PU Dubrava- Dubrava 49<\/li>\n\n\n\n<li>PU Maksimir- Petrova 116<\/li>\n\n\n\n<li>PU Medve\u0161\u010dak- Dra\u0161kovi\u0107eva 15<\/li>\n\n\n\n<li>PU Novi Zagreb- Avenija Dubrovnik 12<\/li>\n\n\n\n<li>PU Pe\u0161\u0107enica- Zapoljska 1<\/li>\n\n\n\n<li>PU Sesvete- Trg Dragutina Domjani\u0107a 4, Sesvete<\/li>\n\n\n\n<li>PU Susedgrad- Sigetje 2<\/li>\n\n\n\n<li>PU Tre\u0161njevka- Park Stara Tre\u0161njevka 2<\/li>\n\n\n\n<li>PU Trnje-Ulica grada Vukovara 56 a<\/li>\n<\/ul>\n\n\n\n<p>Nakon predaje propisane dokumentacije, ZET-u \u0107e biti dostavljen popis odobrenih zahtjeva, nakon \u010dega korisnici prava trebaju produljiti valjanost postoje\u0107ih pretplatnih karata, ako ih imaju, odnosno izraditi nove, ako to do sada nisu u\u010dinili. Zahtjevi za izradu pretplatnih karata mogu se predati na bilo kojem prodajnom mjestu ZET-a.<\/p>\n\n\n\n<p>Za dodatne informacije o ostvarivanju prava na besplatan prijevoz potrebno je obratiti se Gradskom uredu za socijalnu za\u0161titu, zdravstvo, branitelje i osobe s invaliditetom.<\/p>\n<div id=\"mojev-2210938880\" class=\"mojev-kraj-teksta mojev-entity-placement\" style=\"margin-bottom: 20px;margin-left: auto;margin-right: auto;text-align: center;\"><div class=\"mojev-adlabel\">oglas<\/div><div style=\"height: 250px;\"><script async src=\"https:\/\/pagead2.googlesyndication.com\/pagead\/js\/adsbygoogle.js?client=ca-pub-8106111766207173\"\r\n     crossorigin=\"anonymous\"><\/script>\r\n<!-- Display-1 -->\r\n<ins class=\"adsbygoogle\"\r\n     style=\"display:block\"\r\n     data-ad-client=\"ca-pub-8106111766207173\"\r\n     data-ad-slot=\"1465712950\"\r\n     data-ad-format=\"auto\"\r\n     data-full-width-responsive=\"true\"><\/ins>\r\n<script>\r\n     (adsbygoogle = window.adsbygoogle || []).push({});\r\n<\/script><\/div><\/div>","protected":false},"excerpt":{"rendered":"<p>Prebivali\u0161te u Zagrebu te prihodovni cenzus, osnovni su uvjeti za besplatan umirovljeni\u010dki pokaz. Procedura je strogo propisana, a kona\u010dnu odluku donosi Gradska uprava.<\/p>\n","protected":false},"author":1,"featured_media":41322,"comment_status":"closed","ping_status":"closed","sticky":false,"template":"","format":"standard","meta":{"footnotes":""},"categories":[9],"tags":[878,77,39,361],"class_list":["post-86399","post","type-post","status-publish","format-standard","has-post-thumbnail","hentry","category-vijesti","tag-javni-prijevoz","tag-umirovljenici","tag-zagreb","tag-zet"],"_links":{"self":[{"href":"https:\/\/www.mojevrijeme.hr\/magazin\/wp-json\/wp\/v2\/posts\/86399","targetHints":{"allow":["GET"]}}],"collection":[{"href":"https:\/\/www.mojevrijeme.hr\/magazin\/wp-json\/wp\/v2\/posts"}],"about":[{"href":"https:\/\/www.mojevrijeme.hr\/magazin\/wp-json\/wp\/v2\/types\/post"}],"author":[{"embeddable":true,"href":"https:\/\/www.mojevrijeme.hr\/magazin\/wp-json\/wp\/v2\/users\/1"}],"replies":[{"embeddable":true,"href":"https:\/\/www.mojevrijeme.hr\/magazin\/wp-json\/wp\/v2\/comments?post=86399"}],"version-history":[{"count":0,"href":"https:\/\/www.mojevrijeme.hr\/magazin\/wp-json\/wp\/v2\/posts\/86399\/revisions"}],"wp:featuredmedia":[{"embeddable":true,"href":"https:\/\/www.mojevrijeme.hr\/magazin\/wp-json\/wp\/v2\/media\/41322"}],"wp:attachment":[{"href":"https:\/\/www.mojevrijeme.hr\/magazin\/wp-json\/wp\/v2\/media?parent=86399"}],"wp:term":[{"taxonomy":"category","embeddable":true,"href":"https:\/\/www.mojevrijeme.hr\/magazin\/wp-json\/wp\/v2\/categories?post=86399"},{"taxonomy":"post_tag","embeddable":true,"href":"https:\/\/www.mojevrijeme.hr\/magazin\/wp-json\/wp\/v2\/tags?post=86399"}],"curies":[{"name":"wp","href":"https:\/\/api.w.org\/{rel}","templated":true}]}}