{"id":86427,"date":"2023-09-23T09:47:14","date_gmt":"2023-09-23T07:47:14","guid":{"rendered":"https:\/\/www.mojevrijeme.hr\/magazin\/?p=86427"},"modified":"2023-09-23T09:48:35","modified_gmt":"2023-09-23T07:48:35","slug":"umirovljenik-na-sudu-skupljao-je-boce-pa-ukrao-tude-prijeti-mu-zatvor","status":"publish","type":"post","link":"https:\/\/www.mojevrijeme.hr\/magazin\/2023\/09\/umirovljenik-na-sudu-skupljao-je-boce-pa-ukrao-tude-prijeti-mu-zatvor\/","title":{"rendered":"Umirovljenik je skupljao boce pa ukrao tu\u0111e, prijeti mu zatvor"},"content":{"rendered":"\n<p>Umirovljenik (73) iz Dresdena se na\u0161ao na Zemaljskom sudu u Dresdenu jer je navodno ukrao dvije plasti\u010dne boce u vrijednosti pologa od 50 centi, koje su nalazile ispred ku\u0107e gdje je domar kosio travu sa svojim sinom. Prijeti mu godinu dana zatvora.<\/p>\n\n\n\n<p>Kako javlja <a href=\"https:\/\/fenix-magazin.de\/na-sudu-u-njemackoj-zbog-praznih-boca-73-godisnjak-je-kazao-kako-sve-sto-nade-na-ulici-pripada-njemu\/\" target=\"_blank\" rel=\"noreferrer noopener\">Fenix magazin<\/a>, 74-godi\u0161njak i njegova supruga imaju mjese\u010dna neto primanja od oko 2.500 eura. Unato\u010d tome, on skuplja boce jer mu, ka\u017ee, financije ne doti\u010du do kraja mjeseca.<\/p>\n\n\n\n<p>Prema navodima tu\u017eiteljstva, u petak, 21. travnja, u podne na Dresdner Strasse u Cossebaudeu, mu\u0161karac je ukrao dvije plasti\u010dne boce u vrijednosti pologa od 50 centi, koje su o\u010dito le\u017eale na imanju na kojem je domar kosio travnjak sa svojim sinom.<\/p><div id=\"mojev-1471516823\" class=\"mojev-u-tekstu mojev-entity-placement\" style=\"margin-left: auto;margin-right: auto;text-align: center;\"><div class=\"mojev-adlabel\">oglas<\/div><div style=\"height: 250px;\"><script async src=\"https:\/\/pagead2.googlesyndication.com\/pagead\/js\/adsbygoogle.js?client=ca-pub-8106111766207173\"\r\n     crossorigin=\"anonymous\"><\/script>\r\n<!-- Prikazni 1 u tekstu -->\r\n<ins class=\"adsbygoogle\"\r\n     style=\"display:block\"\r\n     data-ad-client=\"ca-pub-8106111766207173\"\r\n     data-ad-slot=\"8535551207\"\r\n     data-ad-format=\"auto\"\r\n     data-full-width-responsive=\"true\"><\/ins>\r\n<script>\r\n     (adsbygoogle = window.adsbygoogle || []).push({});\r\n<\/script><\/div><\/div><br style=\"clear: both; display: block; float: none;\"\/>\n\n\n\n<p>Oplja\u010dkani domar je to primijetio i pojurio za lopovom tra\u017ee\u0107i da mu se plijen vrati. Me\u0111utim, umirovljenik je to odbio. Domara je odgurnuo i zaprijetio mu d\u017eepnim no\u017eem kojeg je izvadio iz jakne. Za plja\u010dku je predvi\u0111ena kazna od najmanje godinu dana zatvora.<\/p>\n\n\n\n<p>Optu\u017eeni je priznao da je uzeo boce. Otkotrljale su se prema njemu na ulicu. &#8220;\u0160to god je na ulici moje je. Mo\u017eda sam mogao gurnuti \u010dovjeka jer mi se previ\u0161e pribli\u017eio&#8221;, rekao je 73-godi\u0161njak. \u017dao mu je zbog toga, neugodno je. Vjerojatno zbog \u201cstara\u010dke tvrdoglavosti\u201d nije predao boce. Ali, ka\u017ee, niti je imao d\u017eepni no\u017e u d\u017eepu niti ga je koristio, prenosi <a href=\"https:\/\/fenix-magazin.de\/na-sudu-u-njemackoj-zbog-praznih-boca-73-godisnjak-je-kazao-kako-sve-sto-nade-na-ulici-pripada-njemu\/\" target=\"_blank\" rel=\"noreferrer noopener\">Fenix magazin<\/a>.<\/p>\n\n\n\n<p>Domar (64) je pak detaljno ispri\u010dao kako je umirovljenik izvukao no\u017e, kako mu je pri\u0161ao i kako je to izgledalo. &#8220;Mogao je baciti boce, a mo\u017eda i svoj no\u017e u kantu za sme\u0107e ispred trgovine. Zatim je nestao u podzemnom parkirali\u0161tu&#8221;, rekao je domar.<\/p>\n\n\n\n<p>Druga svjedokinja, voza\u010dica, rekla je da je vidjela kako optu\u017eeni pokupi boce, \u201ciako je bilo jasno da pripadaju ljudima koji su tu kosili travnjak\u201d. Pretpostavila je da boce nisu prazne.<\/p>\n<div id=\"mojev-3306829256\" class=\"mojev-kraj-teksta mojev-entity-placement\" style=\"margin-bottom: 20px;margin-left: auto;margin-right: auto;text-align: center;\"><div class=\"mojev-adlabel\">oglas<\/div><div style=\"height: 250px;\"><script async src=\"https:\/\/pagead2.googlesyndication.com\/pagead\/js\/adsbygoogle.js?client=ca-pub-8106111766207173\"\r\n     crossorigin=\"anonymous\"><\/script>\r\n<!-- Display-1 -->\r\n<ins class=\"adsbygoogle\"\r\n     style=\"display:block\"\r\n     data-ad-client=\"ca-pub-8106111766207173\"\r\n     data-ad-slot=\"1465712950\"\r\n     data-ad-format=\"auto\"\r\n     data-full-width-responsive=\"true\"><\/ins>\r\n<script>\r\n     (adsbygoogle = window.adsbygoogle || []).push({});\r\n<\/script><\/div><\/div>","protected":false},"excerpt":{"rendered":"<p>Optu\u017eeni umirovljenik je priznao da je uzeo boce. Otkotrljale su se prema njemu na ulicu. &#8216;\u0160to god je na ulici moje je&#8217;, ka\u017ee.<\/p>\n","protected":false},"author":1,"featured_media":86428,"comment_status":"closed","ping_status":"closed","sticky":false,"template":"","format":"standard","meta":{"footnotes":""},"categories":[9],"tags":[127,237,77],"class_list":["post-86427","post","type-post","status-publish","format-standard","has-post-thumbnail","hentry","category-vijesti","tag-njemacka","tag-siromastvo","tag-umirovljenici"],"_links":{"self":[{"href":"https:\/\/www.mojevrijeme.hr\/magazin\/wp-json\/wp\/v2\/posts\/86427","targetHints":{"allow":["GET"]}}],"collection":[{"href":"https:\/\/www.mojevrijeme.hr\/magazin\/wp-json\/wp\/v2\/posts"}],"about":[{"href":"https:\/\/www.mojevrijeme.hr\/magazin\/wp-json\/wp\/v2\/types\/post"}],"author":[{"embeddable":true,"href":"https:\/\/www.mojevrijeme.hr\/magazin\/wp-json\/wp\/v2\/users\/1"}],"replies":[{"embeddable":true,"href":"https:\/\/www.mojevrijeme.hr\/magazin\/wp-json\/wp\/v2\/comments?post=86427"}],"version-history":[{"count":0,"href":"https:\/\/www.mojevrijeme.hr\/magazin\/wp-json\/wp\/v2\/posts\/86427\/revisions"}],"wp:featuredmedia":[{"embeddable":true,"href":"https:\/\/www.mojevrijeme.hr\/magazin\/wp-json\/wp\/v2\/media\/86428"}],"wp:attachment":[{"href":"https:\/\/www.mojevrijeme.hr\/magazin\/wp-json\/wp\/v2\/media?parent=86427"}],"wp:term":[{"taxonomy":"category","embeddable":true,"href":"https:\/\/www.mojevrijeme.hr\/magazin\/wp-json\/wp\/v2\/categories?post=86427"},{"taxonomy":"post_tag","embeddable":true,"href":"https:\/\/www.mojevrijeme.hr\/magazin\/wp-json\/wp\/v2\/tags?post=86427"}],"curies":[{"name":"wp","href":"https:\/\/api.w.org\/{rel}","templated":true}]}}