{"id":86506,"date":"2023-09-25T09:52:43","date_gmt":"2023-09-25T07:52:43","guid":{"rendered":"https:\/\/www.mojevrijeme.hr\/magazin\/?p=86506"},"modified":"2023-09-25T09:57:59","modified_gmt":"2023-09-25T07:57:59","slug":"istrazivanje-vecina-proizvoda-je-cijenom-pristupacnija-nego-u-jugoslaviji","status":"publish","type":"post","link":"https:\/\/www.mojevrijeme.hr\/magazin\/2023\/09\/istrazivanje-vecina-proizvoda-je-cijenom-pristupacnija-nego-u-jugoslaviji\/","title":{"rendered":"Istra\u017eivanje: Ve\u0107ina proizvoda je cijenom pristupa\u010dnija nego u Jugoslaviji"},"content":{"rendered":"\n<p>\u010cesto obja\u0161njenje za dobra stara vremena je lo\u0161e pam\u0107enje, a \u010dini se da se to pokazalo i u slu\u010daju istra\u017eivanja objavljenog na web stranici Sredi\u0161nje banke BiH.<\/p>\n\n\n\n<p>Naime, istra\u017eivanje je ra\u0111eno o sveprisutnoj percepciji Bosanaca i Hercegovaca da je \u017eivot u Jugoslaviji bio bolji nego \u0161to je danas. Me\u0111utim, ako se vodimo empirijskim podacima koja su predstavljena u istra\u017eivanju, postaje o\u010digledno da &#8220;dobra, stara vremena&#8221; ipak nisu bila toliko dobra, analizira <a href=\"https:\/\/n1info.hr\/regija\/koliko-su-radnici-u-jugoslaviji-morali-raditi-da-bi-priustili-osnovne-zivotne-namirnice-a-koliko-danas\/\" target=\"_blank\" rel=\"noreferrer noopener\">N1<\/a>.<\/p>\n\n\n\n<p>\u010cesto \u010dujemo od ljudi koji su zara\u0111ivali u Jugoslaviji da im je standard bio bolji nego sada. Frustracije zbog inflacije nakon pandemije i zbog rata izme\u0111u Ukrajine i Rusije su dodatno intenzivirane.<\/p><div id=\"mojev-2072800987\" class=\"mojev-u-tekstu mojev-entity-placement\" style=\"margin-left: auto;margin-right: auto;text-align: center;\"><div class=\"mojev-adlabel\">oglas<\/div><div style=\"height: 250px;\"><script async src=\"https:\/\/pagead2.googlesyndication.com\/pagead\/js\/adsbygoogle.js?client=ca-pub-8106111766207173\"\r\n     crossorigin=\"anonymous\"><\/script>\r\n<!-- Prikazni 1 u tekstu -->\r\n<ins class=\"adsbygoogle\"\r\n     style=\"display:block\"\r\n     data-ad-client=\"ca-pub-8106111766207173\"\r\n     data-ad-slot=\"8535551207\"\r\n     data-ad-format=\"auto\"\r\n     data-full-width-responsive=\"true\"><\/ins>\r\n<script>\r\n     (adsbygoogle = window.adsbygoogle || []).push({});\r\n<\/script><\/div><\/div><br style=\"clear: both; display: block; float: none;\"\/>\n\n\n\n<p>Da bi do\u0161li do najboljih rezultata usporedbe, u istra\u017eivanju je napravljen obra\u010dun &#8220;radnog vremena za zaradu&#8221; novca za kupovinu odre\u0111enih proizvoda koje se zasniva na prosje\u010dnoj neto pla\u0107i i prosje\u010dnoj cijeni tih proizvoda. Ova metoda poma\u017ee u usporedbi perioda bez daljnjih prilago\u0111avanja podataka i modela.<\/p>\n\n\n\n<p>Op\u0107enito, dana\u0161njim radnicima s prosje\u010dnom pla\u0107om treba otprilike isto vrijeme ili \u010dak ne\u0161to manje, nego 1990. godine da priu\u0161te osnovne prehrambene artikle poput kruha, bra\u0161na, mlijeka, jaja i maslaca. Isto se odnosi i na tro\u0161kove elektri\u010dne energije. Me\u0111utim, neki proizvodi, poput jestivog ulja, kave, \u0161pinata, drva za ogrjev i ugljena, sada zahtijevaju znatno manje utro\u0161enog radnog vremena za nabavku nego 1990. godine.<\/p>\n\n\n\n<p>Najuo\u010dljivije razlike u pristupa\u010dnosti uo\u010davaju se kod elektri\u010dnih ure\u0111aja i namje\u0161taja. 1990. godine radniku s prosje\u010dnom pla\u0107om bilo je potrebno vi\u0161e od mjesec dana da zaradi dovoljno novca da kupi pe\u0107nicu ili komad namje\u0161taja. U 2022. za to je potrebno manje od pola mjeseca.<\/p>\n\n\n\n<figure class=\"wp-block-image size-large\"><img loading=\"lazy\" decoding=\"async\" width=\"740\" height=\"536\" src=\"https:\/\/www.mojevrijeme.hr\/magazin\/wp-content\/uploads\/2023\/09\/cijene-740x536.png\" alt=\"Cijene u Jugoslaviji\" class=\"wp-image-86507\" srcset=\"https:\/\/www.mojevrijeme.hr\/magazin\/wp-content\/uploads\/2023\/09\/cijene-740x536.png 740w, https:\/\/www.mojevrijeme.hr\/magazin\/wp-content\/uploads\/2023\/09\/cijene-636x461.png 636w, https:\/\/www.mojevrijeme.hr\/magazin\/wp-content\/uploads\/2023\/09\/cijene-768x557.png 768w, https:\/\/www.mojevrijeme.hr\/magazin\/wp-content\/uploads\/2023\/09\/cijene.png 857w\" sizes=\"auto, (max-width: 740px) 100vw, 740px\" \/><figcaption class=\"wp-element-caption\">ilustracija: Sredi\u0161nja banka BiH<\/figcaption><\/figure>\n\n\n\n<p>Analiza se tako\u0111er prote\u017ee na razli\u010dite periode, kao \u0161to je 1986. \u2013 1990. u odnosu na 2018. \u2013 2022., kako bi se uzeli u obzir sezonski ili krizni efekti. Period 1986. \u2013 1990. pokazao je nestabilnost cijena i disparitet pla\u0107a i cijena, dok je period 2018. \u2013 2022. bio relativno stabilan do 2022. godine kada je inflacija porasla zbog globalnih kriza poput pandemije bolesti COVID-19 i rata u Ukrajini.<\/p>\n\n\n\n<p>Sve u svemu, osnovni prehrambeni proizvodi ko\u0161taju otprilike istu koli\u010dinu radnog vremena za oba perioda, ali skuplji proizvodi su danas mnogo pristupa\u010dniji. Analiza tako\u0111er uklju\u010duje podatke iz daleke 1960. godine, otkrivaju\u0107i da pla\u0107e radnika sada omogu\u0107avaju pristupa\u010dniju kupovinu u ve\u0107ini kategorija proizvoda.<\/p>\n\n\n\n<p>Postotak pla\u0107a koji se tro\u0161i na osnovne proizvode zna\u010dajno se smanjio tijekom vremena. 1960. godine radnik bi tro\u0161io 89 posto svoje pla\u0107e na osnovne proizvode, dok bi 2022. godine to iznosila otprilike jedna tre\u0107ina njihove pla\u0107e.<\/p>\n<div id=\"mojev-15684240\" class=\"mojev-kraj-teksta mojev-entity-placement\" style=\"margin-bottom: 20px;margin-left: auto;margin-right: auto;text-align: center;\"><div class=\"mojev-adlabel\">oglas<\/div><div style=\"height: 250px;\"><script async src=\"https:\/\/pagead2.googlesyndication.com\/pagead\/js\/adsbygoogle.js?client=ca-pub-8106111766207173\"\r\n     crossorigin=\"anonymous\"><\/script>\r\n<!-- Display-1 -->\r\n<ins class=\"adsbygoogle\"\r\n     style=\"display:block\"\r\n     data-ad-client=\"ca-pub-8106111766207173\"\r\n     data-ad-slot=\"1465712950\"\r\n     data-ad-format=\"auto\"\r\n     data-full-width-responsive=\"true\"><\/ins>\r\n<script>\r\n     (adsbygoogle = window.adsbygoogle || []).push({});\r\n<\/script><\/div><\/div>","protected":false},"excerpt":{"rendered":"<p>Analiza tako\u0111er uklju\u010duje podatke iz daleke 1960. godine, otkrivaju\u0107i da pla\u0107e radnika sada omogu\u0107avaju pristupa\u010dniju kupovinu u ve\u0107ini kategorija proizvoda.<\/p>\n","protected":false},"author":1,"featured_media":86515,"comment_status":"closed","ping_status":"closed","sticky":false,"template":"","format":"standard","meta":{"footnotes":""},"categories":[9],"tags":[1080,1137,188,236],"class_list":["post-86506","post","type-post","status-publish","format-standard","has-post-thumbnail","hentry","category-vijesti","tag-bosna-i-hercegovina","tag-cijene","tag-jugoslavija","tag-standard"],"_links":{"self":[{"href":"https:\/\/www.mojevrijeme.hr\/magazin\/wp-json\/wp\/v2\/posts\/86506","targetHints":{"allow":["GET"]}}],"collection":[{"href":"https:\/\/www.mojevrijeme.hr\/magazin\/wp-json\/wp\/v2\/posts"}],"about":[{"href":"https:\/\/www.mojevrijeme.hr\/magazin\/wp-json\/wp\/v2\/types\/post"}],"author":[{"embeddable":true,"href":"https:\/\/www.mojevrijeme.hr\/magazin\/wp-json\/wp\/v2\/users\/1"}],"replies":[{"embeddable":true,"href":"https:\/\/www.mojevrijeme.hr\/magazin\/wp-json\/wp\/v2\/comments?post=86506"}],"version-history":[{"count":0,"href":"https:\/\/www.mojevrijeme.hr\/magazin\/wp-json\/wp\/v2\/posts\/86506\/revisions"}],"wp:featuredmedia":[{"embeddable":true,"href":"https:\/\/www.mojevrijeme.hr\/magazin\/wp-json\/wp\/v2\/media\/86515"}],"wp:attachment":[{"href":"https:\/\/www.mojevrijeme.hr\/magazin\/wp-json\/wp\/v2\/media?parent=86506"}],"wp:term":[{"taxonomy":"category","embeddable":true,"href":"https:\/\/www.mojevrijeme.hr\/magazin\/wp-json\/wp\/v2\/categories?post=86506"},{"taxonomy":"post_tag","embeddable":true,"href":"https:\/\/www.mojevrijeme.hr\/magazin\/wp-json\/wp\/v2\/tags?post=86506"}],"curies":[{"name":"wp","href":"https:\/\/api.w.org\/{rel}","templated":true}]}}