{"id":87028,"date":"2023-10-01T19:01:20","date_gmt":"2023-10-01T17:01:20","guid":{"rendered":"https:\/\/www.mojevrijeme.hr\/magazin\/?p=87028"},"modified":"2023-10-01T19:01:52","modified_gmt":"2023-10-01T17:01:52","slug":"mirovine-su-pale-za-20-posto-plenkovic-podcjenjuje-pamet-umirovljenika","status":"publish","type":"post","link":"https:\/\/www.mojevrijeme.hr\/magazin\/2023\/10\/mirovine-su-pale-za-20-posto-plenkovic-podcjenjuje-pamet-umirovljenika\/","title":{"rendered":"&#8216;Mirovine su pale za 20 posto, Plenkovi\u0107 podcjenjuje pamet umirovljenika&#8217;"},"content":{"rendered":"\n<p>Povodom Me\u0111unarodnog dana starijih osoba koji se obilje\u017eava 1. listopada, Reformisti Radimira \u010ca\u010di\u0107a zatra\u017eili su od Plenkovi\u0107eve garniture konkretne mjere za umirovljenike. Ka\u017eu, u ovom trenutku u Hrvatskoj egzistencijalno su najugro\u017eeniji umirovljenici koji predstavljaju tre\u0107inu gra\u0111ana pri \u010demu \u017eive na granici ili ispod granice siroma\u0161tva.<\/p>\n\n\n\n<p>&#8220;To se posebno odnosi na umirovljenike Sjevera koji su svoj radni sta\u017e odradili u radno intenzivnim industrijama poput tekstilne, obu\u0107arske, drvne te zbog stalnih niskih pla\u0107a danas imaju najni\u017ee mirovine u Hrvatskoj&#8221;, navode Reformisti u priop\u0107enju. <\/p>\n\n\n\n<p>Posebno isti\u010du \u010dinjenicu da je 2016. godine udio prosje\u010dne mirovine u prosje\u010dnoj pla\u0107i iznosio 43 posto pla\u0107e, a danas on iznosi svega 35 posto pla\u0107e, \u0161to zna\u010di da su mirovine u mandatu Vlade premijera Plenkovi\u0107a pale 20 posto.<\/p><div id=\"mojev-550529476\" class=\"mojev-u-tekstu mojev-entity-placement\" style=\"margin-left: auto;margin-right: auto;text-align: center;\"><div class=\"mojev-adlabel\">oglas<\/div><div style=\"height: 250px;\"><script async src=\"https:\/\/pagead2.googlesyndication.com\/pagead\/js\/adsbygoogle.js?client=ca-pub-8106111766207173\"\r\n     crossorigin=\"anonymous\"><\/script>\r\n<!-- Prikazni 1 u tekstu -->\r\n<ins class=\"adsbygoogle\"\r\n     style=\"display:block\"\r\n     data-ad-client=\"ca-pub-8106111766207173\"\r\n     data-ad-slot=\"8535551207\"\r\n     data-ad-format=\"auto\"\r\n     data-full-width-responsive=\"true\"><\/ins>\r\n<script>\r\n     (adsbygoogle = window.adsbygoogle || []).push({});\r\n<\/script><\/div><\/div><br style=\"clear: both; display: block; float: none;\"\/>\n\n\n\n<p>&#8220;Stvarna poskupljenja hrane su gotovo 20 posto, a re\u017eija 12 posto i to uz sve navedeno dodatno sni\u017eava standard \u017eivota umirovljenika. Dodaci koji se Vladinim mjerama daju kao pomo\u0107 umirovljenicima na\u017ealost su podcjenjivanje zdrave pameti umirovljenika i situacije u kojoj danas u Hrvatskoj \u017eive&#8221;, objavila je \u010ca\u010di\u0107eva stranka. <\/p>\n\n\n\n<p>Zato su Reformisti pred Banske dvore stavili tri zahtjeva: isplatu 13. mirovine, uskla\u0111ivanje mirovine sa stvarnom stopom inflacije i dizanje prosje\u010dne mirovine na 50 posto prosje\u010dne pla\u0107e. <\/p>\n\n\n\n<p>&#8220;Od Vlade o\u010dekujemo da barem jednom u ovom mandatu pogleda prema umirovljenicima i poduzme konkretne mjere kako bi se te\u0161ke \u017eivotne situacije na\u0161ih umirovljenika pobolj\u0161ale&#8221;, zaklju\u010duju Reformisti. <\/p>\n<div id=\"mojev-4132494826\" class=\"mojev-kraj-teksta mojev-entity-placement\" style=\"margin-bottom: 20px;margin-left: auto;margin-right: auto;text-align: center;\"><div class=\"mojev-adlabel\">oglas<\/div><div style=\"height: 250px;\"><script async src=\"https:\/\/pagead2.googlesyndication.com\/pagead\/js\/adsbygoogle.js?client=ca-pub-8106111766207173\"\r\n     crossorigin=\"anonymous\"><\/script>\r\n<!-- Display-1 -->\r\n<ins class=\"adsbygoogle\"\r\n     style=\"display:block\"\r\n     data-ad-client=\"ca-pub-8106111766207173\"\r\n     data-ad-slot=\"1465712950\"\r\n     data-ad-format=\"auto\"\r\n     data-full-width-responsive=\"true\"><\/ins>\r\n<script>\r\n     (adsbygoogle = window.adsbygoogle || []).push({});\r\n<\/script><\/div><\/div>","protected":false},"excerpt":{"rendered":"<p>&#8216;Dodaci koji se Vladinim mjerama daju kao pomo\u0107 umirovljenicima na\u017ealost su podcjenjivanje zdrave pameti umirovljenika i situacije u kojoj danas u Hrvatskoj \u017eive.&#8217;<\/p>\n","protected":false},"author":1,"featured_media":77062,"comment_status":"closed","ping_status":"closed","sticky":false,"template":"","format":"standard","meta":{"footnotes":""},"categories":[9],"tags":[3398,3564,3727,971],"class_list":["post-87028","post","type-post","status-publish","format-standard","has-post-thumbnail","hentry","category-vijesti","tag-13-mirovina","tag-radimir-cacic","tag-reformisti","tag-uskladivanje-mirovina"],"_links":{"self":[{"href":"https:\/\/www.mojevrijeme.hr\/magazin\/wp-json\/wp\/v2\/posts\/87028","targetHints":{"allow":["GET"]}}],"collection":[{"href":"https:\/\/www.mojevrijeme.hr\/magazin\/wp-json\/wp\/v2\/posts"}],"about":[{"href":"https:\/\/www.mojevrijeme.hr\/magazin\/wp-json\/wp\/v2\/types\/post"}],"author":[{"embeddable":true,"href":"https:\/\/www.mojevrijeme.hr\/magazin\/wp-json\/wp\/v2\/users\/1"}],"replies":[{"embeddable":true,"href":"https:\/\/www.mojevrijeme.hr\/magazin\/wp-json\/wp\/v2\/comments?post=87028"}],"version-history":[{"count":0,"href":"https:\/\/www.mojevrijeme.hr\/magazin\/wp-json\/wp\/v2\/posts\/87028\/revisions"}],"wp:featuredmedia":[{"embeddable":true,"href":"https:\/\/www.mojevrijeme.hr\/magazin\/wp-json\/wp\/v2\/media\/77062"}],"wp:attachment":[{"href":"https:\/\/www.mojevrijeme.hr\/magazin\/wp-json\/wp\/v2\/media?parent=87028"}],"wp:term":[{"taxonomy":"category","embeddable":true,"href":"https:\/\/www.mojevrijeme.hr\/magazin\/wp-json\/wp\/v2\/categories?post=87028"},{"taxonomy":"post_tag","embeddable":true,"href":"https:\/\/www.mojevrijeme.hr\/magazin\/wp-json\/wp\/v2\/tags?post=87028"}],"curies":[{"name":"wp","href":"https:\/\/api.w.org\/{rel}","templated":true}]}}