{"id":87295,"date":"2023-10-05T11:07:47","date_gmt":"2023-10-05T09:07:47","guid":{"rendered":"https:\/\/www.mojevrijeme.hr\/magazin\/?p=87295"},"modified":"2023-10-05T11:22:12","modified_gmt":"2023-10-05T09:22:12","slug":"umirovljenici-zajedno-fortuna-trguje-interesima-umirovljenika-ili-je-nesposobna","status":"publish","type":"post","link":"https:\/\/www.mojevrijeme.hr\/magazin\/2023\/10\/umirovljenici-zajedno-fortuna-trguje-interesima-umirovljenika-ili-je-nesposobna\/","title":{"rendered":"Umirovljenici zajedno: &#8216;Fortuna trguje interesima umirovljenika. Ili je nesposobna&#8217;"},"content":{"rendered":"\n<p>Koalicija umirovljeni\u010dkih stranaka Umirovljenici zajedno o\u0161tro je kritizirala nastojanja nastojanja najve\u0107ih umirovljeni\u010dkih udruga u pregovorima s Vladom RH, a vezano uz 13. mirovinu koja je sada, \u010dini se, ve\u0107 gotova stvar. <\/p>\n\n\n\n<p>U svojem otvorenom pismu naslovljenom &#8220;Gladan umirovljenik ne razmi\u0161lja o desertu ako nema ru\u010dka ni ve\u010dere&#8221; izravno prozivaju <strong>Vi\u0161nju Fortunu<\/strong>, predsjednicu Matice umirovljenika Hrvatske (MUH), <strong>Jasnu A. Petrovi\u0107<\/strong>, predsjednicu Sindikata umirovljenika Hrvatske (SUH) i saborskog zastupnika <strong>Silvana Hrelju<\/strong> koji je nekad pripadao Hrvatskoj stranicu umirovljenika (HSU), a danas podr\u017eava vladaju\u0107e u Saboru. <\/p>\n\n\n\n<p>&#8220;Naprosto je nevjerojatno koliko se predstavnici SUH-a i MUH-a, kao i jedini saborski zastupnik umirovljenika trude uvjeriti javnost, posebno umirovljenike, kako je njima zapravo dobro samo \u0161to to oni ne vide. Kao argumenti iznose se razne statistike koje istrgnute iz konteksta zapravo vrije\u0111aju zdrav razum. Potpuno je proma\u0161eno uvjeravati nekoga da mu je bolje, da su mirovine nikada ve\u0107e, pa onda u istoj re\u010denici potvrditi kako nikada nije bilo vi\u0161e umirovljenika sa mirovinom ispod linije siroma\u0161tva kojima Vlada poma\u017ee sa ve\u0107 \u0161estim paketom&#8221;, navodi Platforma Umirovljenici zajedno. <\/p><div id=\"mojev-3046500228\" class=\"mojev-u-tekstu mojev-entity-placement\" style=\"margin-left: auto;margin-right: auto;text-align: center;\"><div class=\"mojev-adlabel\">oglas<\/div><div style=\"height: 250px;\"><script async src=\"https:\/\/pagead2.googlesyndication.com\/pagead\/js\/adsbygoogle.js?client=ca-pub-8106111766207173\"\r\n     crossorigin=\"anonymous\"><\/script>\r\n<!-- Prikazni 1 u tekstu -->\r\n<ins class=\"adsbygoogle\"\r\n     style=\"display:block\"\r\n     data-ad-client=\"ca-pub-8106111766207173\"\r\n     data-ad-slot=\"8535551207\"\r\n     data-ad-format=\"auto\"\r\n     data-full-width-responsive=\"true\"><\/ins>\r\n<script>\r\n     (adsbygoogle = window.adsbygoogle || []).push({});\r\n<\/script><\/div><\/div><br style=\"clear: both; display: block; float: none;\"\/>\n\n\n\n<h3 class=\"wp-block-heading\">&#8220;Fortuna trguje interesima umirovljenika&#8221;<\/h3>\n\n\n\n<p>&#8220;Nema te statistike koja mo\u017ee demantirati \u010dinjenicu da oni koji danas idu u mirovinu sa prosje\u010dnom pla\u0107om imaju gotovo dvostruko ve\u0107u mirovinu od onih koji su uz isto tako prosje\u010dnom pla\u0107om oti\u0161li u mirovinu prije 5, 10, 15 ili vi\u0161e godina. Rije\u010d je o otprilike 800 tisu\u0107a umirovljenika od kojih oko 700 tisu\u0107a ima mirovinu do 450 eura, a trebali bi imati do 850 eura. Predsjedati Nacionalnim vije\u0107em za umirovljenike i starije osobe (NV), a nikako ne staviti kao prvu to\u010dku dnevnog reda pove\u0107anje mirovina sa novim izra\u010dunom za sve uz ukidanje penalizacije svima sa navr\u0161enih 65 godina \u017eivota je jasan znak da osoba koja predsjedava NV (Vi\u0161nja Fortuna MUH) ili trguje interesima umirovljenika, ili ne&nbsp; kreira dnevni red \u0161to bi zna\u010dilo da je ne\u010diji &#8216;lutak na daljinski&#8217; ili je jednostavno nesposobna&#8221;, pi\u0161e zajednica umirovljeni\u010dkih neparlamentarnih stranaka. <\/p>\n\n\n\n<p>U priop\u0107enju ponavljaju da je njihov novi model izra\u010duna mirovina pravedan i brz, o \u010demu smo ve\u0107 <a rel=\"noreferrer noopener\" href=\"https:\/\/www.mojevrijeme.hr\/magazin\/tag\/umirovljenici-zajedno\/\" target=\"_blank\">pisali ranije<\/a>. &#8220;Dok se ne uradi novi izra\u010dun za sve ne treba sa Vladom pri\u010dati ni o \u010demu drugom niti je Nacionalno vije\u0107e trebalo zapo\u010deti i jednu sjednicu, ako navedeni prijedlozi nisu prva to\u010dka dnevnog reda i tako sve dok se navedeno ne rije\u0161i. Tek nakon toga sa Vladom mo\u017eemo razgovarati o raznim \u0161arenim paketima, 6 mjeseci po ro\u0111enom djetetu, 13. mirovini ili bilo \u010demu drugom&#8221;, navode Umirovljenici zajedno. <\/p>\n\n\n\n<p>&#8220;Neshvatljivo je nerazumijevanje ili ipak samo izostanak empatije prema vi\u0161e od pola milijuna umirovljenika koji gladni sjedaju za stol razmi\u0161ljaju isklju\u010divo o tome \u0161to imaju za &#8216;glavno jelo&#8217; do\u010dim Vlada nakon &#8216;obilnog ru\u010dka ili ve\u010dere&#8217; uz pomo\u0107 &#8216;predstavnika umirovljenika&#8217; u Nacionalnom vije\u0107u s gladnim umirovljenicima uporno \u017eeli razgovarati samo o &#8216;desertu'&#8221;, zaklju\u010duju u priop\u0107enju koje potpisuju Milivoj \u0160pika i Lazar Gruji\u0107. <\/p>\n<div id=\"mojev-2997735091\" class=\"mojev-kraj-teksta mojev-entity-placement\" style=\"margin-bottom: 20px;margin-left: auto;margin-right: auto;text-align: center;\"><div class=\"mojev-adlabel\">oglas<\/div><div style=\"height: 250px;\"><script async src=\"https:\/\/pagead2.googlesyndication.com\/pagead\/js\/adsbygoogle.js?client=ca-pub-8106111766207173\"\r\n     crossorigin=\"anonymous\"><\/script>\r\n<!-- Display-1 -->\r\n<ins class=\"adsbygoogle\"\r\n     style=\"display:block\"\r\n     data-ad-client=\"ca-pub-8106111766207173\"\r\n     data-ad-slot=\"1465712950\"\r\n     data-ad-format=\"auto\"\r\n     data-full-width-responsive=\"true\"><\/ins>\r\n<script>\r\n     (adsbygoogle = window.adsbygoogle || []).push({});\r\n<\/script><\/div><\/div>","protected":false},"excerpt":{"rendered":"<p>&#8216;Nema te statistike koja mo\u017ee demantirati \u010dinjenicu da oni koji danas idu u mirovinu sa prosje\u010dnom pla\u0107om imaju gotovo dvostruko ve\u0107u mirovinu od onih koji su uz isto tako prosje\u010dnom pla\u0107om oti\u0161li u mirovinu prije 5, 10, 15 ili vi\u0161e godina&#8217;, navode.<\/p>\n","protected":false},"author":1,"featured_media":42363,"comment_status":"closed","ping_status":"closed","sticky":false,"template":"","format":"standard","meta":{"footnotes":""},"categories":[9],"tags":[3398,684,854,3306,1221],"class_list":["post-87295","post","type-post","status-publish","format-standard","has-post-thumbnail","hentry","category-vijesti","tag-13-mirovina","tag-jasna-petrovic","tag-milivoj-spika","tag-umirovljenici-zajedno","tag-visnja-fortuna"],"_links":{"self":[{"href":"https:\/\/www.mojevrijeme.hr\/magazin\/wp-json\/wp\/v2\/posts\/87295","targetHints":{"allow":["GET"]}}],"collection":[{"href":"https:\/\/www.mojevrijeme.hr\/magazin\/wp-json\/wp\/v2\/posts"}],"about":[{"href":"https:\/\/www.mojevrijeme.hr\/magazin\/wp-json\/wp\/v2\/types\/post"}],"author":[{"embeddable":true,"href":"https:\/\/www.mojevrijeme.hr\/magazin\/wp-json\/wp\/v2\/users\/1"}],"replies":[{"embeddable":true,"href":"https:\/\/www.mojevrijeme.hr\/magazin\/wp-json\/wp\/v2\/comments?post=87295"}],"version-history":[{"count":0,"href":"https:\/\/www.mojevrijeme.hr\/magazin\/wp-json\/wp\/v2\/posts\/87295\/revisions"}],"wp:featuredmedia":[{"embeddable":true,"href":"https:\/\/www.mojevrijeme.hr\/magazin\/wp-json\/wp\/v2\/media\/42363"}],"wp:attachment":[{"href":"https:\/\/www.mojevrijeme.hr\/magazin\/wp-json\/wp\/v2\/media?parent=87295"}],"wp:term":[{"taxonomy":"category","embeddable":true,"href":"https:\/\/www.mojevrijeme.hr\/magazin\/wp-json\/wp\/v2\/categories?post=87295"},{"taxonomy":"post_tag","embeddable":true,"href":"https:\/\/www.mojevrijeme.hr\/magazin\/wp-json\/wp\/v2\/tags?post=87295"}],"curies":[{"name":"wp","href":"https:\/\/api.w.org\/{rel}","templated":true}]}}