{"id":87406,"date":"2023-10-06T10:49:07","date_gmt":"2023-10-06T08:49:07","guid":{"rendered":"https:\/\/www.mojevrijeme.hr\/magazin\/?p=87406"},"modified":"2023-10-06T10:49:11","modified_gmt":"2023-10-06T08:49:11","slug":"tonia-70-ne-daj-mi-boze-da-nadzivim-svoje-dijete","status":"publish","type":"post","link":"https:\/\/www.mojevrijeme.hr\/magazin\/2023\/10\/tonia-70-ne-daj-mi-boze-da-nadzivim-svoje-dijete\/","title":{"rendered":"Tonia (70): &#8216;Ne daj mi Bo\u017ee da nad\u017eivim svoje dijete&#8217;"},"content":{"rendered":"\n<p>&#8220;Za bra\u010dnog \u017eivota zaboravljala sam da \u0107e jedan od nas oti\u0107i prije drugog. Kad je suprug umro, tuga je bila te\u0161ka, to je kao da ste na vlaku smrti, a onaj koji ostane mora se nastaviti voziti. Ne poma\u017ee ni to \u0161to se to dogodilo mnogima prije vas. Jer, ovo je samo va\u0161 vlak, a on ne usporava i mogli biste izletjeti iz tra\u010dnica ako se ne dr\u017eite. No naposljetku, sva\u010diji vlak jednom stane&#8221;, promi\u0161lja Tonia (70), sudionica rasprave na platformi Quora, na temu suo\u010davanja s gubicima u zlatnoj \u017eivotnoj dobi.<\/p>\n\n\n\n<p>Ono \u0161to joj je pomoglo, pi\u0161e, je to \u0161to se nekoliko godina nakon smrti mu\u017ea preselila. &#8220;Ljudi te\u0161ko sele u poznijoj dobi, ali vjerujte mi, nikada nismo prestari da se preselimo ili <strong>napravimo veliku promjenu<\/strong> u svom \u017eivotu. Mislimo da trebamo ostati tu gdje jesmo, \u010distiti, odr\u017eavati uspomene i paziti na sve te silne nakupljene stvari koje vi\u0161e ne koristimo. Ma ne moramo!&#8221; svjedo\u010di o tome \u0161to joj je dalo novi polet za dalje.\u00a0<\/p>\n\n\n\n<p>&#8220;Ta velika promjena meni je pru\u017eila novo uzbu\u0111enje, dodu\u0161e, istina &#8211; s trunkom straha, ba\u0161 kao kad sam bila u dvadesetima i napravila veliki korak. Ali sve u svemu, osje\u0107ala sam se kao da sam dobila neku novu energiju i vratila kontrolu nad svojim \u017eivotom&#8221;, ukazuje.\u00a0<\/p><div id=\"mojev-1792148224\" class=\"mojev-u-tekstu mojev-entity-placement\" style=\"margin-left: auto;margin-right: auto;text-align: center;\"><div class=\"mojev-adlabel\">oglas<\/div><div style=\"height: 250px;\"><script async src=\"https:\/\/pagead2.googlesyndication.com\/pagead\/js\/adsbygoogle.js?client=ca-pub-8106111766207173\"\r\n     crossorigin=\"anonymous\"><\/script>\r\n<!-- Prikazni 1 u tekstu -->\r\n<ins class=\"adsbygoogle\"\r\n     style=\"display:block\"\r\n     data-ad-client=\"ca-pub-8106111766207173\"\r\n     data-ad-slot=\"8535551207\"\r\n     data-ad-format=\"auto\"\r\n     data-full-width-responsive=\"true\"><\/ins>\r\n<script>\r\n     (adsbygoogle = window.adsbygoogle || []).push({});\r\n<\/script><\/div><\/div><br style=\"clear: both; display: block; float: none;\"\/>\n\n\n\n<p>Na kraju je otkrila \u0161to joj je jo\u0161 pomoglo preboljeti supruga. &#8220;Jo\u0161 jedna stvar koja mi je pomogla je &#8211; <strong>prona\u0161la sam svoju vjeru<\/strong>. Svima to poma\u017ee, nema sumnje i nije rijetkost vjeru prona\u0107i u poznoj dobi, bilo da se radi o nereligioznom osobnom uvjerenju ili izaberemo jednu od 300 aktivnih religija koje imamo na izbor. Nije va\u017eno \u0161to \u0107ete odabrati sve dok u potpunosti vjerujete, bez dokaza, jer sna\u017ena vjera pru\u017ea utjehu&#8221;, svjedo\u010di 70-godi\u0161nja Tonia.\u00a0To je i pomo\u0107 kad se ljudima dogodi da izgube dijete, za \u0161to \u0107e re\u0107i: <strong>&#8220;Ne daj Bo\u017ee nikome<\/strong>.&#8221;<\/p>\n\n\n\n<p>&#8220;I na kraju, \u017eelim re\u0107i ne\u0161to va\u017eno: bez brige, ne\u0107e nam nitko dugo nedostajati. Ni mi se ne\u0107emo izvu\u0107i \u017eivi, \u200b\u200btako da nam nitko ne\u0107e nedostajati &#8216;za cijeli \u017eivot&#8217;, ve\u0107 samo tih nekoliko godina koliko nam je jo\u0161 ostalo&#8221;, nisu ba\u0161 utje\u0161ne Tonijine rije\u010di, no da su istinite, jesu. Njoj je i to razmi\u0161ljanje pomoglo da prihvati odlazak najmilijih.\u00a0<\/p>\n\n\n\n<h3 class=\"wp-block-heading\">&#8220;Nogu pred nogu&#8221;<\/h3>\n\n\n\n<p>U raspravu se uklju\u010dio i jedan mu\u0161ki 70-godi\u0161njak, koji je iskreno napisao: &#8220;Jedino nam preostaje da nastaviti i\u0107i nogu pred nogu, iako nije uvijek zabavno. Iako imam samo 70 godina, izgubio sam sve svoje bliske prijatelje i bliske ro\u0111ake s kojima sam se dru\u017eio, pa \u010dak i k\u0107er punu ljubavi. Nakon njih, \u017eivot ne blista tako svijetlo. No, ostale su mi jo\u0161 dvije k\u0107eri i svi njihovi \u010dlanovi obitelji, bez njih bi mi vjerojatno bilo neizdr\u017eivo&#8221;, iskren je ovaj umirovljenik koji tako\u0111er ka\u017ee da <strong>nikome nikada ne bi po\u017eelio da nad\u017eivi svoje dijete<\/strong>.<\/p>\n\n\n\n<p>&#8220;\u010cesto se okupljamo i moja najmla\u0111a k\u0107i svakog utorka dovodi svoju k\u0107erkicu u posjet i tu ostanu satima. Poku\u0161avam ne glumiti o\u010daj zbog usamljenosti i razumijem da svatko ima svoj \u017eivot, ne mogu biti stalno kod mene. Da bih imao \u0161to raditi, imam psa, \u010detiri koze i osam koko\u0161i te ponekad napravim ne\u0161to u svojoj gara\u017ei. Tuga kod mene nije konstantna, to je ne\u0161to \u0161to me pogodi s vremena na vrijeme. I vjerujte mi, mo\u017ee pogoditi jako, jako&#8221;, iskren je u raspravi ovaj 70-godi\u0161njak.<\/p>\n\n\n\n<h3 class=\"wp-block-heading\">&#8216;Poma\u017ee ako ste ina\u010de sretna du\u0161a&#8217;<\/h3>\n\n\n\n<p>O gubitku je raspravljao i 91-godi\u0161nji umirovljenik Henry, koji je to lijepo sa\u017eeo:\u00a0&#8220;Do svoje 91. godine izgubio sam svu bli\u017eu rodbinu, a po\u010delo je jo\u0161 u Drugom svjetskom ratu kada sam izgubio<strong> sve ro\u0111ake s o\u010deve strane<\/strong>, uklju\u010duju\u0107i i oca.\u00a0Gubitak bliskih ro\u0111aka i prijatelja dio je \u017eivota, ne mo\u017eemo ga izbje\u0107i, puno poma\u017ee ako ste ina\u010de pozitivna i sretna du\u0161a, lak\u0161e prebolite gubitak.&#8221;<\/p>\n\n\n\n<div id=\"crveno\"><\/p>\n\n\n\n<h3 class=\"wp-block-heading\">Zanima nas va\u0161a pri\u010da<\/h3>\n\n\n\n<p>\u017delite li i vi, posve anonimno, podijeliti svoje iskustvo i vi\u0111enje ove teme s nama i na\u0161im \u010ditateljima, mo\u017eete to u\u010diniti putem web obrasca <a rel=\"noreferrer noopener\" href=\"https:\/\/www.mojevrijeme.hr\/magazin\/povjerljivo\/\" target=\"_blank\">Povjerljivo<\/a>. Napi\u0161ite svoju pri\u010du!<\/p>\n\n\n\n<p><\/div>\n<div id=\"mojev-2404707698\" class=\"mojev-kraj-teksta mojev-entity-placement\" style=\"margin-bottom: 20px;margin-left: auto;margin-right: auto;text-align: center;\"><div class=\"mojev-adlabel\">oglas<\/div><div style=\"height: 250px;\"><script async src=\"https:\/\/pagead2.googlesyndication.com\/pagead\/js\/adsbygoogle.js?client=ca-pub-8106111766207173\"\r\n     crossorigin=\"anonymous\"><\/script>\r\n<!-- Display-1 -->\r\n<ins class=\"adsbygoogle\"\r\n     style=\"display:block\"\r\n     data-ad-client=\"ca-pub-8106111766207173\"\r\n     data-ad-slot=\"1465712950\"\r\n     data-ad-format=\"auto\"\r\n     data-full-width-responsive=\"true\"><\/ins>\r\n<script>\r\n     (adsbygoogle = window.adsbygoogle || []).push({});\r\n<\/script><\/div><\/div>","protected":false},"excerpt":{"rendered":"<p>Nikoga tko do\u0111e u zlatnu dob ne zaobi\u0111e suo\u010davanje s gubitkom voljenih. Najte\u017ee je, \u010dujemo od mnogih na\u0161ih starijih, kad izgube supru\u017enika s kojim su planirali podijeliti zadnji dio \u017eivotnog puta. A svi koji imaju sinove, k\u0107eri i unuke ka\u017eu i: Ne daj mi Bo\u017ee da nad\u017eivim svoju djecu. Donosimo razmi\u0161ljanja nekolicine umirovljenika na temu gubitka. \u00a0<\/p>\n","protected":false},"author":17,"featured_media":87436,"comment_status":"closed","ping_status":"closed","sticky":false,"template":"","format":"standard","meta":{"footnotes":""},"categories":[2],"tags":[2688,951,800,423],"class_list":["post-87406","post","type-post","status-publish","format-standard","has-post-thumbnail","hentry","category-mozaik","tag-gubitak-djeteta","tag-udovci","tag-udovice","tag-usamljenost"],"_links":{"self":[{"href":"https:\/\/www.mojevrijeme.hr\/magazin\/wp-json\/wp\/v2\/posts\/87406","targetHints":{"allow":["GET"]}}],"collection":[{"href":"https:\/\/www.mojevrijeme.hr\/magazin\/wp-json\/wp\/v2\/posts"}],"about":[{"href":"https:\/\/www.mojevrijeme.hr\/magazin\/wp-json\/wp\/v2\/types\/post"}],"author":[{"embeddable":true,"href":"https:\/\/www.mojevrijeme.hr\/magazin\/wp-json\/wp\/v2\/users\/17"}],"replies":[{"embeddable":true,"href":"https:\/\/www.mojevrijeme.hr\/magazin\/wp-json\/wp\/v2\/comments?post=87406"}],"version-history":[{"count":0,"href":"https:\/\/www.mojevrijeme.hr\/magazin\/wp-json\/wp\/v2\/posts\/87406\/revisions"}],"wp:featuredmedia":[{"embeddable":true,"href":"https:\/\/www.mojevrijeme.hr\/magazin\/wp-json\/wp\/v2\/media\/87436"}],"wp:attachment":[{"href":"https:\/\/www.mojevrijeme.hr\/magazin\/wp-json\/wp\/v2\/media?parent=87406"}],"wp:term":[{"taxonomy":"category","embeddable":true,"href":"https:\/\/www.mojevrijeme.hr\/magazin\/wp-json\/wp\/v2\/categories?post=87406"},{"taxonomy":"post_tag","embeddable":true,"href":"https:\/\/www.mojevrijeme.hr\/magazin\/wp-json\/wp\/v2\/tags?post=87406"}],"curies":[{"name":"wp","href":"https:\/\/api.w.org\/{rel}","templated":true}]}}