{"id":87443,"date":"2023-10-06T13:17:25","date_gmt":"2023-10-06T11:17:25","guid":{"rendered":"https:\/\/www.mojevrijeme.hr\/magazin\/?p=87443"},"modified":"2023-10-06T21:38:23","modified_gmt":"2023-10-06T19:38:23","slug":"stize-regresnica-ili-bozicnica-za-umirovljenike-to-je-gotova-stvar-bruse-se-detalji","status":"publish","type":"post","link":"https:\/\/www.mojevrijeme.hr\/magazin\/2023\/10\/stize-regresnica-ili-bozicnica-za-umirovljenike-to-je-gotova-stvar-bruse-se-detalji\/","title":{"rendered":"Regresnica ili bo\u017ei\u0107nica za umirovljenike: To je gotova stvar, bruse se detalji"},"content":{"rendered":"\n<p>\u010cini se kako je 13. mirovina kao zakonom zacementirano pravom nadohvat ruke. Naime, pregovori koje vode najve\u0107e umirovljeni\u010dke udruge s Vladom RH, kroz Nacionalno vije\u0107e za umirovljenike i starije osobe, donekle su urodili plodom.<\/p>\n\n\n\n<p>Od predsjednice Sindikata umirovljenika Hrvatske <strong>Jasne A. Petrovi\u0107<\/strong> doznajemo da se 13. mirovina ne\u0107e zvati doslovno tim imenom, ba\u0161 kao \u0161to se ne naziva ni u drugim europskim dr\u017eavama koje ju ispla\u0107uju. &#8220;Ta naknada koja \u0107e se ispla\u0107ivati jednom ili dva puta godi\u0161nje mo\u017ee se zvati godi\u0161njom naknadom, neki to zovu regresnica ili bo\u017ei\u0107nica&#8221;, obja\u0161njava nam Petrovi\u0107.<\/p>\n\n\n\n<h3 class=\"wp-block-heading\">Ukidanje alimentacije za djedove i bake, pregovori oko penalizacije<\/h3>\n\n\n\n<p>&#8220;Dobili smo obe\u0107anje da \u0107e se ukinuti <a href=\"https:\/\/www.mojevrijeme.hr\/magazin\/2023\/09\/baka-15-godina-nije-vidjela-unuka-ali-mu-mora-placati-alimentaciju\/\" data-type=\"post\" data-id=\"86676\" target=\"_blank\" rel=\"noreferrer noopener\">alimentacija za bake i djedove<\/a>. To je usputni bonus. Sada \u010dekamo da se rije\u0161i uskla\u0111ivanje mirovina. Mislimo da ima mogu\u0107nosti. U fokusu nam je i ukidanje penalizacije za prijevremeno umirovljenje. To je te\u0161ko 1,1 milijardu eura godi\u0161nje. Imamo primjer umirovljenika iz \u0160ibenika koji je penalizacijom o\u0161te\u0107en za 80.000 eura&#8221; navodi. <\/p><div id=\"mojev-2796766091\" class=\"mojev-u-tekstu mojev-entity-placement\" style=\"margin-left: auto;margin-right: auto;text-align: center;\"><div class=\"mojev-adlabel\">oglas<\/div><div style=\"height: 250px;\"><script async src=\"https:\/\/pagead2.googlesyndication.com\/pagead\/js\/adsbygoogle.js?client=ca-pub-8106111766207173\"\r\n     crossorigin=\"anonymous\"><\/script>\r\n<!-- Prikazni 1 u tekstu -->\r\n<ins class=\"adsbygoogle\"\r\n     style=\"display:block\"\r\n     data-ad-client=\"ca-pub-8106111766207173\"\r\n     data-ad-slot=\"8535551207\"\r\n     data-ad-format=\"auto\"\r\n     data-full-width-responsive=\"true\"><\/ins>\r\n<script>\r\n     (adsbygoogle = window.adsbygoogle || []).push({});\r\n<\/script><\/div><\/div><br style=\"clear: both; display: block; float: none;\"\/>\n\n\n\n<h3 class=\"wp-block-heading\">\u0160to je s prosvjedima?<\/h3>\n\n\n\n<p>Petrovi\u0107 navodi da to ne zna\u010di da je Sindikat odustao od prosvjeda, ve\u0107 da pregovori idu dalje, a prosvjedi se odga\u0111aju. Dodaje da \u0107e, ako pregovori ne ispune o\u010dekivanja, Sindikat najvjerojatnije sam organizirati prosvjede, budu\u0107i da iz Matice umirovljenika Hrvatske ne dolaze signali da su zainteresirani za takav vid borbe za umirovljeni\u010dka prava.<\/p>\n\n\n\n<h3 class=\"wp-block-heading\">\u017destoke kritike iz smjera umirovljeni\u010dkih stranaka<\/h3>\n\n\n\n<p>Ova umirovljeni\u010dka aktivistkinja komentirala nam je i kritike koje dolaze od ujedinjenih neparlamentarnih umirovljeni\u010dkih stranaka. Naime, politi\u010dka platforma Umirovljenici zajedno u\u010destalo napada borbu za 13. mirovinu, navode\u0107i da bi prioritet trebao biti novi model izra\u010duna mirovina.<\/p>\n\n\n\n<p>Iz nedavnih <a rel=\"noreferrer noopener\" href=\"https:\/\/www.mojevrijeme.hr\/magazin\/2023\/10\/umirovljenici-zajedno-fortuna-trguje-interesima-umirovljenika-ili-je-nesposobna\/\" data-type=\"post\" data-id=\"87295\" target=\"_blank\">medijskih priop\u0107enja<\/a>, \u010dini se da Platforma ima &#8220;na zubu&#8221; predsjednicu Matice umirovljenika Hrvatske i predsjednicu Nacionalnog vije\u0107a za umirovljenike i starije osobe, <strong>Vi\u0161nju Fortunu<\/strong>, dok samu Petrovi\u0107, koja je tako\u0111er u Nacionalnom vije\u0107u, zaobilaze kao izravnu metu.<\/p>\n\n\n\n<p>&#8220;Ha, \u010dujte, oni se bore za mjesto u Saboru. Vjerujem da su u\u010destala priop\u0107enja kontraproduktivna. Mislim da njihovi prijedlozi nemaju provedbenu razinu, nerazumljivi su u provedbenom smislu za razliku od rje\u0161enja koje su predlo\u017eile neke druge stranke&#8221;, navodi Petrovi\u0107 pa dodaje: &#8220;A \u0161to je 13. mirovina, ako nije jednokratno izvanredno uskla\u0111ivanje? Ho\u0107e li ona biti prilago\u0111ena siroma\u0161nijima s nekim drugim postotkom i iznosom? To je stvar pregovora koje jo\u0161 vodimo. Za desetak dana \u0107emo znati.&#8221;<\/p>\n\n\n\n<p>&#8220;Mijenja se Zakon o nacionalnoj naknadi za starije osobe, uspjeli smo i pokrenutu promjenu Zakona o obveznim odnosima u smislu ugovora o uzdr\u017eavanju, mi smo tamo gdje trebamo biti i popravljamo stvari&#8221;, zaklju\u010duje predsjednica Sindikata umirovljenika Hrvatske.<\/p>\n<div id=\"mojev-2612152830\" class=\"mojev-kraj-teksta mojev-entity-placement\" style=\"margin-bottom: 20px;margin-left: auto;margin-right: auto;text-align: center;\"><div class=\"mojev-adlabel\">oglas<\/div><div style=\"height: 250px;\"><script async src=\"https:\/\/pagead2.googlesyndication.com\/pagead\/js\/adsbygoogle.js?client=ca-pub-8106111766207173\"\r\n     crossorigin=\"anonymous\"><\/script>\r\n<!-- Display-1 -->\r\n<ins class=\"adsbygoogle\"\r\n     style=\"display:block\"\r\n     data-ad-client=\"ca-pub-8106111766207173\"\r\n     data-ad-slot=\"1465712950\"\r\n     data-ad-format=\"auto\"\r\n     data-full-width-responsive=\"true\"><\/ins>\r\n<script>\r\n     (adsbygoogle = window.adsbygoogle || []).push({});\r\n<\/script><\/div><\/div>","protected":false},"excerpt":{"rendered":"<p>Ako pregovori ne ispune o\u010dekivanja, Sindikat \u0107e najvjerojatnije sam organizirati prosvjede, budu\u0107i da iz Matice umirovljenika Hrvatske ne dolaze signali da su zainteresirani za takav vid borbe za umirovljeni\u010dka prava.<\/p>\n","protected":false},"author":10,"featured_media":87451,"comment_status":"closed","ping_status":"closed","sticky":false,"template":"","format":"standard","meta":{"footnotes":""},"categories":[9],"tags":[3398,684,3498,687,167,3306],"class_list":["post-87443","post","type-post","status-publish","format-standard","has-post-thumbnail","hentry","category-vijesti","tag-13-mirovina","tag-jasna-petrovic","tag-penalizacija","tag-prosvjedi","tag-sindikat-umirovljenika","tag-umirovljenici-zajedno"],"_links":{"self":[{"href":"https:\/\/www.mojevrijeme.hr\/magazin\/wp-json\/wp\/v2\/posts\/87443","targetHints":{"allow":["GET"]}}],"collection":[{"href":"https:\/\/www.mojevrijeme.hr\/magazin\/wp-json\/wp\/v2\/posts"}],"about":[{"href":"https:\/\/www.mojevrijeme.hr\/magazin\/wp-json\/wp\/v2\/types\/post"}],"author":[{"embeddable":true,"href":"https:\/\/www.mojevrijeme.hr\/magazin\/wp-json\/wp\/v2\/users\/10"}],"replies":[{"embeddable":true,"href":"https:\/\/www.mojevrijeme.hr\/magazin\/wp-json\/wp\/v2\/comments?post=87443"}],"version-history":[{"count":0,"href":"https:\/\/www.mojevrijeme.hr\/magazin\/wp-json\/wp\/v2\/posts\/87443\/revisions"}],"wp:featuredmedia":[{"embeddable":true,"href":"https:\/\/www.mojevrijeme.hr\/magazin\/wp-json\/wp\/v2\/media\/87451"}],"wp:attachment":[{"href":"https:\/\/www.mojevrijeme.hr\/magazin\/wp-json\/wp\/v2\/media?parent=87443"}],"wp:term":[{"taxonomy":"category","embeddable":true,"href":"https:\/\/www.mojevrijeme.hr\/magazin\/wp-json\/wp\/v2\/categories?post=87443"},{"taxonomy":"post_tag","embeddable":true,"href":"https:\/\/www.mojevrijeme.hr\/magazin\/wp-json\/wp\/v2\/tags?post=87443"}],"curies":[{"name":"wp","href":"https:\/\/api.w.org\/{rel}","templated":true}]}}