{"id":87465,"date":"2023-10-06T18:41:27","date_gmt":"2023-10-06T16:41:27","guid":{"rendered":"https:\/\/www.mojevrijeme.hr\/magazin\/?p=87465"},"modified":"2023-10-06T18:45:41","modified_gmt":"2023-10-06T16:45:41","slug":"ovih-sedam-cvatucih-grmova-ne-smijete-orezivati-u-jesen-provjerite-zasto","status":"publish","type":"post","link":"https:\/\/www.mojevrijeme.hr\/magazin\/2023\/10\/ovih-sedam-cvatucih-grmova-ne-smijete-orezivati-u-jesen-provjerite-zasto\/","title":{"rendered":"Ovih sedam cvatu\u0107ih grmova ne smijete orezivati u jesen, provjerite za\u0161to"},"content":{"rendered":"\n<p>Orezivanje je va\u017ena praksa njege grmlja i drve\u0107a koja igra klju\u010dnu ulogu u o\u010duvanju zdravlja, forme i kondicije biljke. Pravilno orezivanje poti\u010de rast i pobolj\u0161ava cvatnju, no valja znati kada cvatu\u0107em grmu smijemo pri\u0107i s vrtlarskim \u0161karama. <\/p>\n\n\n\n<p>Naime, brojne vrste popularne u hrvatskim vrtovima cvatu na starom drvu na kojem su ve\u0107 krajem ljeta spremni cvjetni pupovi koji \u0107e se razviti i otvoriti idu\u0107e godine. Odre\u017eete li te grane, zaboravite na slapove boja i mirisa idu\u0107e prolje\u0107e i ljeto. <\/p>\n\n\n\n<h3 class=\"wp-block-heading\">Japanska dunja<\/h3>\n\n\n\n<figure class=\"wp-block-image size-large\"><img loading=\"lazy\" decoding=\"async\" width=\"740\" height=\"444\" src=\"https:\/\/www.mojevrijeme.hr\/magazin\/wp-content\/uploads\/2023\/10\/japanska-dunja-740x444.jpg\" alt=\"\" class=\"wp-image-87483\" srcset=\"https:\/\/www.mojevrijeme.hr\/magazin\/wp-content\/uploads\/2023\/10\/japanska-dunja-740x444.jpg 740w, https:\/\/www.mojevrijeme.hr\/magazin\/wp-content\/uploads\/2023\/10\/japanska-dunja-636x382.jpg 636w, https:\/\/www.mojevrijeme.hr\/magazin\/wp-content\/uploads\/2023\/10\/japanska-dunja-768x461.jpg 768w, https:\/\/www.mojevrijeme.hr\/magazin\/wp-content\/uploads\/2023\/10\/japanska-dunja-1536x922.jpg 1536w, https:\/\/www.mojevrijeme.hr\/magazin\/wp-content\/uploads\/2023\/10\/japanska-dunja-1500x900.jpg 1500w, https:\/\/www.mojevrijeme.hr\/magazin\/wp-content\/uploads\/2023\/10\/japanska-dunja-1600x960.jpg 1600w, https:\/\/www.mojevrijeme.hr\/magazin\/wp-content\/uploads\/2023\/10\/japanska-dunja-590x354.jpg 590w, https:\/\/www.mojevrijeme.hr\/magazin\/wp-content\/uploads\/2023\/10\/japanska-dunja-400x240.jpg 400w, https:\/\/www.mojevrijeme.hr\/magazin\/wp-content\/uploads\/2023\/10\/japanska-dunja.jpg 2000w\" sizes=\"auto, (max-width: 740px) 100vw, 740px\" \/><figcaption class=\"wp-element-caption\">foto:  Trong Trung Nguyen\/Pixabay<\/figcaption><\/figure>\n\n\n\n<p>Omiljene japanske dunje <em>(Chaenomeles japonica)<\/em> valja orezivati u prolje\u0107e nakon zavr\u0161etka cvjetanja, budu\u0107i da se cvjetni pupovi formiraju na starom drvu. Orezivanje u prolje\u0107e tako\u0111er poti\u010de rast i bolju cvatnju u idu\u0107oj godini. Ipak, izbjegavajte prekomjerno orezivanje.<\/p><div id=\"mojev-195709866\" class=\"mojev-u-tekstu mojev-entity-placement\" style=\"margin-left: auto;margin-right: auto;text-align: center;\"><div class=\"mojev-adlabel\">oglas<\/div><div style=\"height: 250px;\"><script async src=\"https:\/\/pagead2.googlesyndication.com\/pagead\/js\/adsbygoogle.js?client=ca-pub-8106111766207173\"\r\n     crossorigin=\"anonymous\"><\/script>\r\n<!-- Prikazni 1 u tekstu -->\r\n<ins class=\"adsbygoogle\"\r\n     style=\"display:block\"\r\n     data-ad-client=\"ca-pub-8106111766207173\"\r\n     data-ad-slot=\"8535551207\"\r\n     data-ad-format=\"auto\"\r\n     data-full-width-responsive=\"true\"><\/ins>\r\n<script>\r\n     (adsbygoogle = window.adsbygoogle || []).push({});\r\n<\/script><\/div><\/div><br style=\"clear: both; display: block; float: none;\"\/>\n\n\n\n<h3 class=\"wp-block-heading\">Jorgovan<\/h3>\n\n\n\n<figure class=\"wp-block-image size-large\"><img loading=\"lazy\" decoding=\"async\" width=\"740\" height=\"444\" src=\"https:\/\/www.mojevrijeme.hr\/magazin\/wp-content\/uploads\/2023\/10\/jorgovan-740x444.jpg\" alt=\"\" class=\"wp-image-87478\" srcset=\"https:\/\/www.mojevrijeme.hr\/magazin\/wp-content\/uploads\/2023\/10\/jorgovan-740x444.jpg 740w, https:\/\/www.mojevrijeme.hr\/magazin\/wp-content\/uploads\/2023\/10\/jorgovan-636x382.jpg 636w, https:\/\/www.mojevrijeme.hr\/magazin\/wp-content\/uploads\/2023\/10\/jorgovan-768x461.jpg 768w, https:\/\/www.mojevrijeme.hr\/magazin\/wp-content\/uploads\/2023\/10\/jorgovan-1536x922.jpg 1536w, https:\/\/www.mojevrijeme.hr\/magazin\/wp-content\/uploads\/2023\/10\/jorgovan-1500x900.jpg 1500w, https:\/\/www.mojevrijeme.hr\/magazin\/wp-content\/uploads\/2023\/10\/jorgovan-1600x960.jpg 1600w, https:\/\/www.mojevrijeme.hr\/magazin\/wp-content\/uploads\/2023\/10\/jorgovan-590x354.jpg 590w, https:\/\/www.mojevrijeme.hr\/magazin\/wp-content\/uploads\/2023\/10\/jorgovan-400x240.jpg 400w, https:\/\/www.mojevrijeme.hr\/magazin\/wp-content\/uploads\/2023\/10\/jorgovan.jpg 2000w\" sizes=\"auto, (max-width: 740px) 100vw, 740px\" \/><figcaption class=\"wp-element-caption\">foto: Ralph\/Pixabay<\/figcaption><\/figure>\n\n\n\n<p>Orezivanje je bitno ako jorgovan <em>(Syringa vulgaris)<\/em> \u017eelite odr\u017eavati urednim i grmolikim. Naime, pustite li ga da nesmetano raste, mogao bi dosegnuti visinu od nekoliko metara. I ova biljka cvjeta samo na starom drvu pa orezivanje kasno tijekom sezone uklanja i zametnute cvjetne pupove. Jorgovane zato treba orezivati odmah nakon \u0161to zavr\u0161e s cvjetanjem, u kasno prolje\u0107e ili rano ljeto.<\/p>\n\n\n\n<h3 class=\"wp-block-heading\">Forzicija<\/h3>\n\n\n\n<figure class=\"wp-block-image size-large\"><img loading=\"lazy\" decoding=\"async\" width=\"740\" height=\"444\" src=\"https:\/\/www.mojevrijeme.hr\/magazin\/wp-content\/uploads\/2023\/10\/forzicija-740x444.jpg\" alt=\"\" class=\"wp-image-87480\" srcset=\"https:\/\/www.mojevrijeme.hr\/magazin\/wp-content\/uploads\/2023\/10\/forzicija-740x444.jpg 740w, https:\/\/www.mojevrijeme.hr\/magazin\/wp-content\/uploads\/2023\/10\/forzicija-636x382.jpg 636w, https:\/\/www.mojevrijeme.hr\/magazin\/wp-content\/uploads\/2023\/10\/forzicija-768x461.jpg 768w, https:\/\/www.mojevrijeme.hr\/magazin\/wp-content\/uploads\/2023\/10\/forzicija-1536x922.jpg 1536w, https:\/\/www.mojevrijeme.hr\/magazin\/wp-content\/uploads\/2023\/10\/forzicija-1500x900.jpg 1500w, https:\/\/www.mojevrijeme.hr\/magazin\/wp-content\/uploads\/2023\/10\/forzicija-1600x960.jpg 1600w, https:\/\/www.mojevrijeme.hr\/magazin\/wp-content\/uploads\/2023\/10\/forzicija-590x354.jpg 590w, https:\/\/www.mojevrijeme.hr\/magazin\/wp-content\/uploads\/2023\/10\/forzicija-400x240.jpg 400w, https:\/\/www.mojevrijeme.hr\/magazin\/wp-content\/uploads\/2023\/10\/forzicija.jpg 2000w\" sizes=\"auto, (max-width: 740px) 100vw, 740px\" \/><figcaption class=\"wp-element-caption\">foto: HeungSoon\/Pixabay<\/figcaption><\/figure>\n\n\n\n<p>Sli\u010dno jorgovanu, grmovi forzicije <em>(Forsythia sp.)<\/em> su brzorastu\u0107e biljke i mogu lako prerasti vrt, ako se ne orezuju svake ili svake druge godine. Poga\u0111ate, i ove biljke cvatu samo na starom drvu. Jesenjim rezom uklanjate glavninu cvjetnih pupova pa tu mjeru ostavite za prolje\u0107e za vrijeme netom nakon cvatnje. Nikada ne uklanjajte vi\u0161e od tre\u0107ine grana forzicije odjednom.<\/p>\n\n\n\n<h3 class=\"wp-block-heading\">Pajasmin<\/h3>\n\n\n\n<figure class=\"wp-block-image size-large\"><img loading=\"lazy\" decoding=\"async\" width=\"740\" height=\"444\" src=\"https:\/\/www.mojevrijeme.hr\/magazin\/wp-content\/uploads\/2023\/10\/pajasmin-740x444.jpg\" alt=\"\" class=\"wp-image-87481\" srcset=\"https:\/\/www.mojevrijeme.hr\/magazin\/wp-content\/uploads\/2023\/10\/pajasmin-740x444.jpg 740w, https:\/\/www.mojevrijeme.hr\/magazin\/wp-content\/uploads\/2023\/10\/pajasmin-636x382.jpg 636w, https:\/\/www.mojevrijeme.hr\/magazin\/wp-content\/uploads\/2023\/10\/pajasmin-768x461.jpg 768w, https:\/\/www.mojevrijeme.hr\/magazin\/wp-content\/uploads\/2023\/10\/pajasmin-1536x922.jpg 1536w, https:\/\/www.mojevrijeme.hr\/magazin\/wp-content\/uploads\/2023\/10\/pajasmin-1500x900.jpg 1500w, https:\/\/www.mojevrijeme.hr\/magazin\/wp-content\/uploads\/2023\/10\/pajasmin-1600x960.jpg 1600w, https:\/\/www.mojevrijeme.hr\/magazin\/wp-content\/uploads\/2023\/10\/pajasmin-590x354.jpg 590w, https:\/\/www.mojevrijeme.hr\/magazin\/wp-content\/uploads\/2023\/10\/pajasmin-400x240.jpg 400w, https:\/\/www.mojevrijeme.hr\/magazin\/wp-content\/uploads\/2023\/10\/pajasmin.jpg 2000w\" sizes=\"auto, (max-width: 740px) 100vw, 740px\" \/><figcaption class=\"wp-element-caption\">foto: Hans\/Pixabay<\/figcaption><\/figure>\n\n\n\n<p>Pajasmin <em>(Philadelphus coronarius)<\/em> je poznat po opojno mirisnim cvjetovima i \u010desto se uzgaja u seoskim vrtovima Hrvatske gdje se lijepo sla\u017ee s forzicijom, viburnumima i jorgovanom. Ovaj cvatu\u0107i grm je posve bez prohjteva i jedino \u0161to trebate je paziti da ga ne ore\u017eete na jesen, budu\u0107i da i on cvate na starom drvu. Umjesto toga, oblikujte ga i prikratite odmah nakon \u0161to pro\u0111e cvatnja u prolje\u0107e ili rano ljeto. <\/p>\n\n\n\n<h3 class=\"wp-block-heading\">Vajgela<\/h3>\n\n\n\n<figure class=\"wp-block-image size-large\"><img loading=\"lazy\" decoding=\"async\" width=\"740\" height=\"444\" src=\"https:\/\/www.mojevrijeme.hr\/magazin\/wp-content\/uploads\/2023\/10\/vajgela-740x444.jpg\" alt=\"\" class=\"wp-image-87486\" srcset=\"https:\/\/www.mojevrijeme.hr\/magazin\/wp-content\/uploads\/2023\/10\/vajgela-740x444.jpg 740w, https:\/\/www.mojevrijeme.hr\/magazin\/wp-content\/uploads\/2023\/10\/vajgela-636x382.jpg 636w, https:\/\/www.mojevrijeme.hr\/magazin\/wp-content\/uploads\/2023\/10\/vajgela-768x461.jpg 768w, https:\/\/www.mojevrijeme.hr\/magazin\/wp-content\/uploads\/2023\/10\/vajgela-1536x922.jpg 1536w, https:\/\/www.mojevrijeme.hr\/magazin\/wp-content\/uploads\/2023\/10\/vajgela-1500x900.jpg 1500w, https:\/\/www.mojevrijeme.hr\/magazin\/wp-content\/uploads\/2023\/10\/vajgela-1600x960.jpg 1600w, https:\/\/www.mojevrijeme.hr\/magazin\/wp-content\/uploads\/2023\/10\/vajgela-590x354.jpg 590w, https:\/\/www.mojevrijeme.hr\/magazin\/wp-content\/uploads\/2023\/10\/vajgela-400x240.jpg 400w, https:\/\/www.mojevrijeme.hr\/magazin\/wp-content\/uploads\/2023\/10\/vajgela.jpg 2000w\" sizes=\"auto, (max-width: 740px) 100vw, 740px\" \/><figcaption class=\"wp-element-caption\">foto: Erika Varga\/Pixabay<\/figcaption><\/figure>\n\n\n\n<p>I vajgele <em>(Weigela sp.)<\/em> je najbolje orezivati u kasno prolje\u0107e nakon \u0161to zavr\u0161e s cvjetanjem. Na taj na\u010din ne\u0107ete nenamjerno ukloniti cvjetove za idu\u0107u godinu. To je zato \u0161to vajgela, kao i ostale vrste koje opisujemo u ovom tekstu, cvate na pro\u0161logodi\u0161njim granama. Nakon pravovremenog orezivanja, biljka \u0107e razviti izboje koji \u0107e imati vremena sazrjeti i pripremiti cvjetne pupove do zime. <\/p>\n\n\n\n<h3 class=\"wp-block-heading\">Dojcija<\/h3>\n\n\n\n<figure class=\"wp-block-image size-large\"><img loading=\"lazy\" decoding=\"async\" width=\"740\" height=\"444\" src=\"https:\/\/www.mojevrijeme.hr\/magazin\/wp-content\/uploads\/2023\/10\/dojcija-740x444.jpg\" alt=\"\" class=\"wp-image-87482\" srcset=\"https:\/\/www.mojevrijeme.hr\/magazin\/wp-content\/uploads\/2023\/10\/dojcija-740x444.jpg 740w, https:\/\/www.mojevrijeme.hr\/magazin\/wp-content\/uploads\/2023\/10\/dojcija-636x382.jpg 636w, https:\/\/www.mojevrijeme.hr\/magazin\/wp-content\/uploads\/2023\/10\/dojcija-768x461.jpg 768w, https:\/\/www.mojevrijeme.hr\/magazin\/wp-content\/uploads\/2023\/10\/dojcija-1536x922.jpg 1536w, https:\/\/www.mojevrijeme.hr\/magazin\/wp-content\/uploads\/2023\/10\/dojcija-1500x900.jpg 1500w, https:\/\/www.mojevrijeme.hr\/magazin\/wp-content\/uploads\/2023\/10\/dojcija-1600x960.jpg 1600w, https:\/\/www.mojevrijeme.hr\/magazin\/wp-content\/uploads\/2023\/10\/dojcija-590x354.jpg 590w, https:\/\/www.mojevrijeme.hr\/magazin\/wp-content\/uploads\/2023\/10\/dojcija-400x240.jpg 400w, https:\/\/www.mojevrijeme.hr\/magazin\/wp-content\/uploads\/2023\/10\/dojcija.jpg 2000w\" sizes=\"auto, (max-width: 740px) 100vw, 740px\" \/><figcaption class=\"wp-element-caption\">foto:  Trong Trung Nguyen\/Pixabay<\/figcaption><\/figure>\n\n\n\n<p>I predivne grmove dojcije <em>(Deutzia sp.)<\/em> valja orezivati nakon cvatnje, krajem prolje\u0107a do sredine ljeta. Kod prekasnog reza ne\u0107e razviti izboje s cvjetnim pupovima za idu\u0107u godinu, a koji u dobroj formi i zreli moraju u\u0107i u zimu. Orezivanje se provodi uklanjanjem svih izdanaka koji su cvjetali &#8211; povratnim rezom za otprilike tre\u0107inu duljine. Drugim rije\u010dima, svaki izboj koja je cvjetao, treba biti prikra\u0107en na dvije tre\u0107ine svoje duljine &#8211; odmah nakon cvatnje.<\/p>\n\n\n\n<h3 class=\"wp-block-heading\">Azaleja i rododendron<\/h3>\n\n\n\n<figure class=\"wp-block-image size-large\"><img loading=\"lazy\" decoding=\"async\" width=\"740\" height=\"444\" src=\"https:\/\/www.mojevrijeme.hr\/magazin\/wp-content\/uploads\/2023\/10\/rododendron-740x444.jpg\" alt=\"\" class=\"wp-image-87477\" srcset=\"https:\/\/www.mojevrijeme.hr\/magazin\/wp-content\/uploads\/2023\/10\/rododendron-740x444.jpg 740w, https:\/\/www.mojevrijeme.hr\/magazin\/wp-content\/uploads\/2023\/10\/rododendron-636x382.jpg 636w, https:\/\/www.mojevrijeme.hr\/magazin\/wp-content\/uploads\/2023\/10\/rododendron-768x461.jpg 768w, https:\/\/www.mojevrijeme.hr\/magazin\/wp-content\/uploads\/2023\/10\/rododendron-1536x922.jpg 1536w, https:\/\/www.mojevrijeme.hr\/magazin\/wp-content\/uploads\/2023\/10\/rododendron-1500x900.jpg 1500w, https:\/\/www.mojevrijeme.hr\/magazin\/wp-content\/uploads\/2023\/10\/rododendron-1600x960.jpg 1600w, https:\/\/www.mojevrijeme.hr\/magazin\/wp-content\/uploads\/2023\/10\/rododendron-590x354.jpg 590w, https:\/\/www.mojevrijeme.hr\/magazin\/wp-content\/uploads\/2023\/10\/rododendron-400x240.jpg 400w, https:\/\/www.mojevrijeme.hr\/magazin\/wp-content\/uploads\/2023\/10\/rododendron.jpg 2000w\" sizes=\"auto, (max-width: 740px) 100vw, 740px\" \/><figcaption class=\"wp-element-caption\">foto: RitaE\/Pixabay<\/figcaption><\/figure>\n\n\n\n<p>Azaleje i rododendroni <em>(Rhododendron sp.)<\/em> pripadaju istoj biljnoj obitelji, \u0161to zna\u010di da imaju sli\u010dne zahtjeve kad se govori o orezivanju. Budu\u0107i da ove biljke cvatu na starom drvu, orezivanje u jesen \u0107e ukloniti njihove cvjetne pupoljke i sprije\u010diti biljke da procvjetaju idu\u0107e prolje\u0107e. Kako biste to izbjegli, orezujte ih isklju\u010divo u prolje\u0107e ili rano ljeto, ali unutar tri tjedna nakon \u0161to zavr\u0161i cvatnja.<\/p>\n<div id=\"mojev-3796569765\" class=\"mojev-kraj-teksta mojev-entity-placement\" style=\"margin-bottom: 20px;margin-left: auto;margin-right: auto;text-align: center;\"><div class=\"mojev-adlabel\">oglas<\/div><div style=\"height: 250px;\"><script async src=\"https:\/\/pagead2.googlesyndication.com\/pagead\/js\/adsbygoogle.js?client=ca-pub-8106111766207173\"\r\n     crossorigin=\"anonymous\"><\/script>\r\n<!-- Display-1 -->\r\n<ins class=\"adsbygoogle\"\r\n     style=\"display:block\"\r\n     data-ad-client=\"ca-pub-8106111766207173\"\r\n     data-ad-slot=\"1465712950\"\r\n     data-ad-format=\"auto\"\r\n     data-full-width-responsive=\"true\"><\/ins>\r\n<script>\r\n     (adsbygoogle = window.adsbygoogle || []).push({});\r\n<\/script><\/div><\/div>","protected":false},"excerpt":{"rendered":"<p>Iako nam se \u010dini da je jesen pravo vrijeme da isu\u010demo pile i vrtlarske \u0161kare, pred nekim ukrasnim grmovima valja zastati. Jer, ore\u017eemo li ih sada, u prolje\u0107e bismo mogli do\u017eivjeti razo\u010daranje. <\/p>\n","protected":false},"author":1,"featured_media":87489,"comment_status":"closed","ping_status":"closed","sticky":false,"template":"","format":"standard","meta":{"footnotes":""},"categories":[3497],"tags":[3737,55,960],"class_list":["post-87465","post","type-post","status-publish","format-standard","has-post-thumbnail","hentry","category-vrt","tag-cvatuce-grmlje","tag-vrt","tag-vrtlarstvo"],"_links":{"self":[{"href":"https:\/\/www.mojevrijeme.hr\/magazin\/wp-json\/wp\/v2\/posts\/87465","targetHints":{"allow":["GET"]}}],"collection":[{"href":"https:\/\/www.mojevrijeme.hr\/magazin\/wp-json\/wp\/v2\/posts"}],"about":[{"href":"https:\/\/www.mojevrijeme.hr\/magazin\/wp-json\/wp\/v2\/types\/post"}],"author":[{"embeddable":true,"href":"https:\/\/www.mojevrijeme.hr\/magazin\/wp-json\/wp\/v2\/users\/1"}],"replies":[{"embeddable":true,"href":"https:\/\/www.mojevrijeme.hr\/magazin\/wp-json\/wp\/v2\/comments?post=87465"}],"version-history":[{"count":0,"href":"https:\/\/www.mojevrijeme.hr\/magazin\/wp-json\/wp\/v2\/posts\/87465\/revisions"}],"wp:featuredmedia":[{"embeddable":true,"href":"https:\/\/www.mojevrijeme.hr\/magazin\/wp-json\/wp\/v2\/media\/87489"}],"wp:attachment":[{"href":"https:\/\/www.mojevrijeme.hr\/magazin\/wp-json\/wp\/v2\/media?parent=87465"}],"wp:term":[{"taxonomy":"category","embeddable":true,"href":"https:\/\/www.mojevrijeme.hr\/magazin\/wp-json\/wp\/v2\/categories?post=87465"},{"taxonomy":"post_tag","embeddable":true,"href":"https:\/\/www.mojevrijeme.hr\/magazin\/wp-json\/wp\/v2\/tags?post=87465"}],"curies":[{"name":"wp","href":"https:\/\/api.w.org\/{rel}","templated":true}]}}