{"id":87501,"date":"2023-10-07T04:00:00","date_gmt":"2023-10-07T02:00:00","guid":{"rendered":"https:\/\/www.mojevrijeme.hr\/magazin\/?p=87501"},"modified":"2023-12-12T11:53:26","modified_gmt":"2023-12-12T10:53:26","slug":"ivka-lautar-83-iz-trsca-od-svih-bolesti-covjeku-je-najgora-samoca","status":"publish","type":"post","link":"https:\/\/www.mojevrijeme.hr\/magazin\/2023\/10\/ivka-lautar-83-iz-trsca-od-svih-bolesti-covjeku-je-najgora-samoca\/","title":{"rendered":"Ivka Lautar (83) iz Tr\u0161\u0107a: &#8216;Od svih bolesti \u010dovjeku je najgora samo\u0107a&#8217;"},"content":{"rendered":"\n<p>&#8220;Evo moje drage Ivkice, \u010deka me vani pred vratima jer zna da je danas dan kad \u0107u joj do\u0107i&#8221;, rekla mi je gerontodoma\u0107ica iz&nbsp;Gradskog dru\u0161tva Crvenog kri\u017ea \u010cabar<strong>&nbsp;Renata Brovet<\/strong>&nbsp;dok smo se pribli\u017eavale njezinoj 83-godi\u0161njoj korisnici.<\/p>\n\n\n\n<p>Uredno odjevena, po\u010de\u0161ljana i sa \u0161irokim osmijehom na licu, do\u010dekala nas je teta Ivka ra\u0161irenih ruku i s osmijehom na licu, cupkaju\u0107i od sre\u0107e. &#8220;Ma sam Bog mi ju je poslao, ne znam \u0161to bih bez moje Renate&#8221;, uzviknula je.<\/p>\n\n\n\n<p>Vani je vladala o\u0161tra goranska jesen, ali u ku\u0107i je bilo toplo, teta Ivka je rano izjutra zalo\u017eila pe\u0107 na drva. Pripremila je ve\u0107 bila kavu, lon\u010di\u0107 s vodom i dvije \u0161alice, kad smo u\u0161le dodala je potajice jo\u0161 jednu, za mene. &#8220;Veselim se ovoj kavi u Renatinom dru\u0161tvu, jedva do\u010dekam dan kad znam da mora do\u0107i&#8221;, govori nam.<\/p><div id=\"mojev-2368869172\" class=\"mojev-u-tekstu mojev-entity-placement\" style=\"margin-left: auto;margin-right: auto;text-align: center;\"><div class=\"mojev-adlabel\">oglas<\/div><div style=\"height: 250px;\"><script async src=\"https:\/\/pagead2.googlesyndication.com\/pagead\/js\/adsbygoogle.js?client=ca-pub-8106111766207173\"\r\n     crossorigin=\"anonymous\"><\/script>\r\n<!-- Prikazni 1 u tekstu -->\r\n<ins class=\"adsbygoogle\"\r\n     style=\"display:block\"\r\n     data-ad-client=\"ca-pub-8106111766207173\"\r\n     data-ad-slot=\"8535551207\"\r\n     data-ad-format=\"auto\"\r\n     data-full-width-responsive=\"true\"><\/ins>\r\n<script>\r\n     (adsbygoogle = window.adsbygoogle || []).push({});\r\n<\/script><\/div><\/div><br style=\"clear: both; display: block; float: none;\"\/>\n\n\n\n<h3 class=\"wp-block-heading\"><strong>Nekad je ku\u0107a bila prepuna<\/strong><\/h3>\n\n\n\n<p>Njezina ku\u0107a, doznajem ubrzo, nekad je bila puna i prepuna \u010dlanova obitelji, sada u njoj ve\u0107 12 godina gospo\u0111a Ivka \u017eivi sama. &#8220;Mirovinu imam, zdravlja jo\u0161 malo imam, jedino mi te\u0161ko pada ova samo\u0107a. Nisam navikla biti sama. Nekad su obitelji imale i po osmero, pa i desetero djece, u ku\u0107ama je bilo \u017eivahno, a danas vam je sve prazno, tu i tamo koji \u010dovjek, \u010desto stariji samac, kao \u0161to sam ja.&#8221;<\/p>\n\n\n\n<p>&#8220;Pogledajte ovu pe\u0107, tu se ru\u010dak nekad kuhao u ogromnim loncima jer je moja svekrva imala osmero \u017eivu\u0107e djece, a desetero ih je rodila, samo su dvije k\u0107eri umrle dok su bile curice. Sva su se ta djeca udala ili o\u017eenila, imala djecu, a ta djeca su kod bake bila non-stop. Mo\u017eete si onda misliti koliko nas je znalo biti u ku\u0107i&#8221;, govori mi.<\/p>\n\n\n\n<h3 class=\"wp-block-heading\"><strong>Dogovoren brak<\/strong><\/h3>\n\n\n\n<p>Svog supruga Cvetka, priznaje mi, nije sama birala, svekrva i njezina sestra do\u0161le su u njezin zaseok Legi po nju, znale su da je u obitelji radi\u0161na djevojka. &#8220;I tako sam se udala ve\u0107 s 18 godina. A kad sam do\u0161la u svekrvinu ku\u0107u, nije bilo milosti. Moj suprug je bio najmla\u0111e dijete, on i ja smo i ostali u ku\u0107i. On je bio zaposlen, a mene se nije \u0161tedjelo. Muzla sam kravu, sadila i plijevila, pilila i sa sjekirom cijepala drva, grane iz \u0161ume na lancima vukla, kro\u0161nje sijena na le\u0111ima nosila, radila sam kao vol&#8221;, prisjetila se i uzdahnula.<\/p>\n\n\n\n<figure class=\"wp-block-image size-large\"><img loading=\"lazy\" decoding=\"async\" width=\"740\" height=\"444\" src=\"https:\/\/www.mojevrijeme.hr\/magazin\/wp-content\/uploads\/2023\/10\/ivkica-kraj-stednjaka-740x444.jpg\" alt=\"Kako se mo\u017ee dobiti gerontodoma\u0107ica?\" class=\"wp-image-87526\" srcset=\"https:\/\/www.mojevrijeme.hr\/magazin\/wp-content\/uploads\/2023\/10\/ivkica-kraj-stednjaka-740x444.jpg 740w, https:\/\/www.mojevrijeme.hr\/magazin\/wp-content\/uploads\/2023\/10\/ivkica-kraj-stednjaka-636x382.jpg 636w, https:\/\/www.mojevrijeme.hr\/magazin\/wp-content\/uploads\/2023\/10\/ivkica-kraj-stednjaka-768x461.jpg 768w, https:\/\/www.mojevrijeme.hr\/magazin\/wp-content\/uploads\/2023\/10\/ivkica-kraj-stednjaka-1536x922.jpg 1536w, https:\/\/www.mojevrijeme.hr\/magazin\/wp-content\/uploads\/2023\/10\/ivkica-kraj-stednjaka-1500x900.jpg 1500w, https:\/\/www.mojevrijeme.hr\/magazin\/wp-content\/uploads\/2023\/10\/ivkica-kraj-stednjaka-1600x960.jpg 1600w, https:\/\/www.mojevrijeme.hr\/magazin\/wp-content\/uploads\/2023\/10\/ivkica-kraj-stednjaka-590x354.jpg 590w, https:\/\/www.mojevrijeme.hr\/magazin\/wp-content\/uploads\/2023\/10\/ivkica-kraj-stednjaka-400x240.jpg 400w, https:\/\/www.mojevrijeme.hr\/magazin\/wp-content\/uploads\/2023\/10\/ivkica-kraj-stednjaka.jpg 2000w\" sizes=\"auto, (max-width: 740px) 100vw, 740px\" \/><figcaption class=\"wp-element-caption\">Ivka Lautar (foto: Gordana Arh)<\/figcaption><\/figure>\n\n\n\n<p>&#8220;Sje\u0107am se da sam jednom imala gripu, moj mu\u017e je prije posla molio svekrvu neka me ne di\u017ee taj dan iz kreveta. \u010cim je moj Cvetko oti\u0161ao, zazvala me: Ajmo, idemo u podrum probrati krumpir i djetelinu pokositi. Eto, tako se nekad radilo&#8221;, ispri\u010dala nam je. A siroma\u0161tvo je, napominje, bilo toliko, da ljudi \u010desto nisu imali za platiti sve\u0107enika koji bi umrle dostojno ispratio k Bogu. <\/p>\n\n\n\n<p>&#8220;Jednom su za ispra\u0107aj sve\u0107eniku umjesto novca dali sijeno \u0161to su ga za kravu prehraniti namijenili, onda znate kako je te\u0161ko bilo. Moj otac je dvaput i\u0161ao na rad u Francusku, jednom je ostao pet godina, a drugi put \u010detiri godine. Ali su ti ljudi \u017eivjeli za dan kad \u0107e se vratiti u svoj gorski kraj&#8221;, napominje gospo\u0111a Ivka. Sje\u0107a se, ka\u017ee potom, da je otac po povratku govorio da je u Francuskoj skoro poludio kad je saznao da su mu sinovi, moja mala bra\u0107a, od bolesti umrli.<\/p>\n\n\n\n<h3 class=\"wp-block-heading\"><strong>Najsretnija kad je po\u010dela raditi u tvornici<\/strong><\/h3>\n\n\n\n<p>Najljep\u0161e razdoblje u \u017eivotu bilo joj je kad se, sredinom sedamdesetih, zaposlila. &#8220;Svekrva je bila umrla, mu\u017e je radio kao \u0161ofer kamiona u tvornici namje\u0161taja Goranprodukt, ja sam bila stalno sama kod ku\u0107e pa su me znanci po\u010deli nagovarati da se zaposlim. Posla je bilo, ve\u0107i dio ljudi ovog kraja \u017eivio je od te tvornice. Moj Cvetko nije htio da radim u tvorni\u010dkom pogonu, no pristao je da radim kao \u0161velja, i rekao mi da mogu oti\u0107i s posla kad god po\u017eelim. Ali ja sam bila tako sretna i zadovoljna na poslu da sam s veseljem radila dvadeset godina. To je bilo najljep\u0161e razdoblje mog \u017eivota&#8221;, pri\u010da mi.<\/p>\n\n\n\n<h3 class=\"wp-block-heading\"><strong>Gospo\u0111u Ivku boli samo\u0107a<\/strong><\/h3>\n\n\n\n<p>Zagleda se povremeno gospo\u0111a Ivka u daljinu, sjeti se, ka\u017ee, supruga s kojim je provela 53 godine. &#8220;Samo\u0107a bez njega boli. Sre\u0107om jo\u0161 imam vrt, njivu, cvije\u0107e. Svaki dan kuham, ju\u010der sam imala grah s malo \u0161peka, danas \u0107u kuhati krumpir i blitvu. Uz malo \u0161peka, mi Gorani to volimo. Ina\u010de si kuham i \u010dajeve koje sama berem i su\u0161im, volim kamilicu, neven, kadulju, gospinu travu, stolisnik, gospin pla\u0161t, melisu, koprivu. Evo pogledajte, dvije pune ko\u0161are bilja imam po vre\u0107icama. Prije nije bilo vremena za to, ali sada mi je to u\u017eitak&#8221;, pokazuje nam.<\/p>\n\n\n\n<figure class=\"wp-block-image size-large\"><img loading=\"lazy\" decoding=\"async\" width=\"740\" height=\"444\" src=\"https:\/\/www.mojevrijeme.hr\/magazin\/wp-content\/uploads\/2023\/10\/renata-brovet-ivka-lautar-740x444.jpg\" alt=\"\" class=\"wp-image-87528\" srcset=\"https:\/\/www.mojevrijeme.hr\/magazin\/wp-content\/uploads\/2023\/10\/renata-brovet-ivka-lautar-740x444.jpg 740w, https:\/\/www.mojevrijeme.hr\/magazin\/wp-content\/uploads\/2023\/10\/renata-brovet-ivka-lautar-636x382.jpg 636w, https:\/\/www.mojevrijeme.hr\/magazin\/wp-content\/uploads\/2023\/10\/renata-brovet-ivka-lautar-768x461.jpg 768w, https:\/\/www.mojevrijeme.hr\/magazin\/wp-content\/uploads\/2023\/10\/renata-brovet-ivka-lautar-1536x922.jpg 1536w, https:\/\/www.mojevrijeme.hr\/magazin\/wp-content\/uploads\/2023\/10\/renata-brovet-ivka-lautar-1500x900.jpg 1500w, https:\/\/www.mojevrijeme.hr\/magazin\/wp-content\/uploads\/2023\/10\/renata-brovet-ivka-lautar-1600x960.jpg 1600w, https:\/\/www.mojevrijeme.hr\/magazin\/wp-content\/uploads\/2023\/10\/renata-brovet-ivka-lautar-590x354.jpg 590w, https:\/\/www.mojevrijeme.hr\/magazin\/wp-content\/uploads\/2023\/10\/renata-brovet-ivka-lautar-400x240.jpg 400w, https:\/\/www.mojevrijeme.hr\/magazin\/wp-content\/uploads\/2023\/10\/renata-brovet-ivka-lautar.jpg 2000w\" sizes=\"auto, (max-width: 740px) 100vw, 740px\" \/><figcaption class=\"wp-element-caption\">Gerontodoma\u0107ica Renata Brovet i Ivka Lautar (foto: Gordana Arh)<\/figcaption><\/figure>\n\n\n\n<h3 class=\"wp-block-heading\"><strong>Renata: &#8220;Volim Ivku, kod nje je uvijek ugodno do\u0107i<\/strong>&#8220;<\/h3>\n\n\n\n<p>Gerontodoma\u0107ica Renata joj je, uz razgovor, u kutijice slagala tablete \u2013 ukupno sedam vrsta lijekova gospo\u0111a Ivka pije tijekom dana. &#8220;Ima problema sa srcem i tlakom, sada \u0107e morati na blokade zbog bolnih koljena u Lovran. Mu\u010dila ju je i ko\u017ena alergija pa smo to mazale kremom, bolje joj je. Pomo\u0107 gerontodoma\u0107ice joj puno zna\u010di, ja je vozim u trgovinu, na po\u0161tu, pla\u0107am joj re\u017eije, podi\u017eem lijekove u ljekarni u \u010cabru&#8221;, obja\u0161njava mi Renata.<\/p>\n\n\n\n<p>&#8220;Popri\u010dam svaki put s njom, to joj je, \u010dini mi se ponekad, jo\u0161 najva\u017enije od svega. Ina\u010de, pola moje usluge\u00a0sufinancira joj Grad \u010cabar, a pola pla\u0107a sama, jer je\u00a0cenzus definiran Zakonom o socijalnoj skrbi, a za besplatnu gerontodoma\u0107icu mirovina ne smije prelaziti 265 eura,\u00a0a njezina je malo ve\u0107a od toga. I trudimo se da ti na\u0161i stariji sugra\u0111ani s malim mirovinama, kojima treba njega, dobiju barem 78 eura dr\u017eavne socijalne pomo\u0107i&#8221;, rekla je Renata Brovet.<\/p>\n\n\n\n<h3 class=\"wp-block-heading\"><strong>Radost molitve<\/strong><\/h3>\n\n\n\n<p>Sva radost za gospo\u0111u Ivku, doznajem na rastanku, danas po\u010diva u molitvi i hodo\u010da\u0161\u0107ima na koja jo\u0161 uvijek ide, prije dva tjedna ba\u0161 se vratila iz Me\u0111ugorja. &#8220;Kad smo ja i moja sestra blizanka bile male, spavale smo u sobi s tatom, mamom, bakom i jo\u0161 jednom sestrom. Morale smo svaku ve\u010der glasno moliti da nas tata \u010duje, nije se tu smjelo zabu\u0161avati. Tata je bio toliko pobo\u017ean, da je nama sestrama govorio da iz njegove ku\u0107e niti jedna od nas ne\u0107e iza\u0107i \u017eiva ako se prije ne uda u crkvi. Cijeli \u017eivot se molim&#8221;, prisjetila se moja sugovornica i dodala da se priprema za skori bo\u017eji put u Mariju Bistricu.<\/p>\n\n\n\n<p>&#8220;Za koga i za \u0161to se toliko molite?&#8221; upitam je dok smo se sve tri grlile na rastanku, a ona kratko odgovori: &#8220;Za zdravlje, da do kraja ostanem kod ku\u0107e i ne moram u stara\u010dki dom, potom za zdravu pamet i najvi\u0161e &#8211; za laku smrt.&#8221;<\/p>\n\n\n\n<p class=\"has-text-align-center has-text-color\" style=\"color:#666666;font-size:0.8rem\">Ovaj prilog je objavljen u sklopu projekta poticanja novinarske izvrsnosti Agencije za elektroni\u010dke medije.<\/p>\n<div id=\"mojev-2928072107\" class=\"mojev-kraj-teksta mojev-entity-placement\" style=\"margin-bottom: 20px;margin-left: auto;margin-right: auto;text-align: center;\"><div class=\"mojev-adlabel\">oglas<\/div><div style=\"height: 250px;\"><script async src=\"https:\/\/pagead2.googlesyndication.com\/pagead\/js\/adsbygoogle.js?client=ca-pub-8106111766207173\"\r\n     crossorigin=\"anonymous\"><\/script>\r\n<!-- Display-1 -->\r\n<ins class=\"adsbygoogle\"\r\n     style=\"display:block\"\r\n     data-ad-client=\"ca-pub-8106111766207173\"\r\n     data-ad-slot=\"1465712950\"\r\n     data-ad-format=\"auto\"\r\n     data-full-width-responsive=\"true\"><\/ins>\r\n<script>\r\n     (adsbygoogle = window.adsbygoogle || []).push({});\r\n<\/script><\/div><\/div>","protected":false},"excerpt":{"rendered":"<p>Ivka Lautar (83) ro\u0111ena je u selu Tr\u0161\u0107e u Gorskom kotaru, u obitelji s osmero djece, od kojih je \u010dak petero umrlo u djetinjstvu. Udala se za seoskog mladi\u0107a i s 18 godina do\u0161la u ku\u0107u u kojoj je svekrva, kao ratna udovica, sama podigla osmero djece. Radila je gospo\u0111a Ivka ondje najte\u017ee fizi\u010dke poslove, predahnula je tek dva desetlje\u0107a kasnije kad se zaposlila kao \u0161velja u tvornici namje\u0161taja. Danas \u017eivi sama, ve\u0107 je 12 godina udovica. Mu\u010di je, \u010desto ponavlja, jedino samo\u0107a, koju joj triput tjedno malo ubla\u017ei gerontodoma\u0107ica Renata Brovet iz \u010cabra, s kojom sam je posjetila.<\/p>\n","protected":false},"author":15,"featured_media":87525,"comment_status":"closed","ping_status":"closed","sticky":false,"template":"","format":"standard","meta":{"footnotes":""},"categories":[2],"tags":[205,1501,3104],"class_list":["post-87501","post","type-post","status-publish","format-standard","has-post-thumbnail","hentry","category-mozaik","tag-demografija","tag-gerontodomacice","tag-gorski-kotar"],"_links":{"self":[{"href":"https:\/\/www.mojevrijeme.hr\/magazin\/wp-json\/wp\/v2\/posts\/87501","targetHints":{"allow":["GET"]}}],"collection":[{"href":"https:\/\/www.mojevrijeme.hr\/magazin\/wp-json\/wp\/v2\/posts"}],"about":[{"href":"https:\/\/www.mojevrijeme.hr\/magazin\/wp-json\/wp\/v2\/types\/post"}],"author":[{"embeddable":true,"href":"https:\/\/www.mojevrijeme.hr\/magazin\/wp-json\/wp\/v2\/users\/15"}],"replies":[{"embeddable":true,"href":"https:\/\/www.mojevrijeme.hr\/magazin\/wp-json\/wp\/v2\/comments?post=87501"}],"version-history":[{"count":0,"href":"https:\/\/www.mojevrijeme.hr\/magazin\/wp-json\/wp\/v2\/posts\/87501\/revisions"}],"wp:featuredmedia":[{"embeddable":true,"href":"https:\/\/www.mojevrijeme.hr\/magazin\/wp-json\/wp\/v2\/media\/87525"}],"wp:attachment":[{"href":"https:\/\/www.mojevrijeme.hr\/magazin\/wp-json\/wp\/v2\/media?parent=87501"}],"wp:term":[{"taxonomy":"category","embeddable":true,"href":"https:\/\/www.mojevrijeme.hr\/magazin\/wp-json\/wp\/v2\/categories?post=87501"},{"taxonomy":"post_tag","embeddable":true,"href":"https:\/\/www.mojevrijeme.hr\/magazin\/wp-json\/wp\/v2\/tags?post=87501"}],"curies":[{"name":"wp","href":"https:\/\/api.w.org\/{rel}","templated":true}]}}