{"id":87554,"date":"2023-10-07T09:16:07","date_gmt":"2023-10-07T07:16:07","guid":{"rendered":"https:\/\/www.mojevrijeme.hr\/magazin\/?p=87554"},"modified":"2023-10-07T09:16:10","modified_gmt":"2023-10-07T07:16:10","slug":"hrvatska-stvarnost-djece-nema-pa-skolu-pretvaraju-u-staracki-dom","status":"publish","type":"post","link":"https:\/\/www.mojevrijeme.hr\/magazin\/2023\/10\/hrvatska-stvarnost-djece-nema-pa-skolu-pretvaraju-u-staracki-dom\/","title":{"rendered":"Hrvatska stvarnost: Djece nema pa \u0161kolu pretvaraju u stara\u010dki dom"},"content":{"rendered":"\n<p>Biv\u0161a Podru\u010dna \u0161kola Dragljane, koja je godinama stajala prazna, postaje stara\u010dki dom. Zgrada u kojoj su generacije zapo\u010dinjale svoj \u017eivotni put, sada \u0107e dobiti posve suprotnu namjenu. Na\u017ealost, djece koja bi je napunila ve\u0107 du\u017ee vrijeme &#8211; nema. <\/p>\n\n\n\n<p>Grad Vrgorac je dobio bespovratna sredstva u iznosu od 5.454.000 eura kako bi se ova zgrada prenamijenila u Centar za starije osobe. &#8220;U domu u Dragljanama \u0107e smje\u0161taj na\u0107i vi\u0161e od 100 novih korisnika. Osim toga, otvaraju se nova radna mjesta za ljude iz vrgora\u010dkog kraja&#8221;, istaknuo je \u017eupan Bla\u017eenko Boban.<\/p>\n\n\n\n<p>Ovaj projekt odobren je u okviru poziva &#8220;Izgradnja i opremanje centara za starije osobe (izvaninstitucijske i institucijske usluge)&#8221; iz Nacionalnog programa oporavka i otpornosti za razdoblje od 2021. do 2026. godine. Vrgorac se tako pridru\u017euje malom broju gradova u Hrvatskoj koji su ostvarili 100-postotno financiranje za ovu svrhu. <\/p><div id=\"mojev-2252601825\" class=\"mojev-u-tekstu mojev-entity-placement\" style=\"margin-left: auto;margin-right: auto;text-align: center;\"><div class=\"mojev-adlabel\">oglas<\/div><div style=\"height: 250px;\"><script async src=\"https:\/\/pagead2.googlesyndication.com\/pagead\/js\/adsbygoogle.js?client=ca-pub-8106111766207173\"\r\n     crossorigin=\"anonymous\"><\/script>\r\n<!-- Prikazni 1 u tekstu -->\r\n<ins class=\"adsbygoogle\"\r\n     style=\"display:block\"\r\n     data-ad-client=\"ca-pub-8106111766207173\"\r\n     data-ad-slot=\"8535551207\"\r\n     data-ad-format=\"auto\"\r\n     data-full-width-responsive=\"true\"><\/ins>\r\n<script>\r\n     (adsbygoogle = window.adsbygoogle || []).push({});\r\n<\/script><\/div><\/div><br style=\"clear: both; display: block; float: none;\"\/>\n\n\n\n<p>Pozivom je predvi\u0111eno pru\u017eanje usluge smje\u0161taja i pru\u017eanje izvaninstitucijskih usluga pomo\u0107i u ku\u0107i, usluga boravka \u2013 poludnevnog i cjelodnevnog, skrbi za starije osobe za vrijeme sprije\u010denosti njegovatelja; usluge savjetovanja, psihosocijalnog savjetovanja i psihosocijalne podr\u0161ke, integrirane usluge socijalne i zdravstvene skrbi na primarnoj razini (prostor i oprema za rad lije\u010dnika obiteljske medicine, mobilni timovi).<\/p>\n<div id=\"mojev-550969561\" class=\"mojev-kraj-teksta mojev-entity-placement\" style=\"margin-bottom: 20px;margin-left: auto;margin-right: auto;text-align: center;\"><div class=\"mojev-adlabel\">oglas<\/div><div style=\"height: 250px;\"><script async src=\"https:\/\/pagead2.googlesyndication.com\/pagead\/js\/adsbygoogle.js?client=ca-pub-8106111766207173\"\r\n     crossorigin=\"anonymous\"><\/script>\r\n<!-- Display-1 -->\r\n<ins class=\"adsbygoogle\"\r\n     style=\"display:block\"\r\n     data-ad-client=\"ca-pub-8106111766207173\"\r\n     data-ad-slot=\"1465712950\"\r\n     data-ad-format=\"auto\"\r\n     data-full-width-responsive=\"true\"><\/ins>\r\n<script>\r\n     (adsbygoogle = window.adsbygoogle || []).push({});\r\n<\/script><\/div><\/div>","protected":false},"excerpt":{"rendered":"<p>U domu u Dragljanama \u0107e smje\u0161taj na\u0107i vi\u0161e od 100 novih korisnika. Osim toga, otvaraju se nova radna mjesta za ljude iz vrgora\u010dkog kraja, istaknuo je \u017eupan Bla\u017eenko Boban.<\/p>\n","protected":false},"author":1,"featured_media":87558,"comment_status":"closed","ping_status":"closed","sticky":false,"template":"","format":"standard","meta":{"footnotes":""},"categories":[9],"tags":[205,2669],"class_list":["post-87554","post","type-post","status-publish","format-standard","has-post-thumbnail","hentry","category-vijesti","tag-demografija","tag-domovi"],"_links":{"self":[{"href":"https:\/\/www.mojevrijeme.hr\/magazin\/wp-json\/wp\/v2\/posts\/87554","targetHints":{"allow":["GET"]}}],"collection":[{"href":"https:\/\/www.mojevrijeme.hr\/magazin\/wp-json\/wp\/v2\/posts"}],"about":[{"href":"https:\/\/www.mojevrijeme.hr\/magazin\/wp-json\/wp\/v2\/types\/post"}],"author":[{"embeddable":true,"href":"https:\/\/www.mojevrijeme.hr\/magazin\/wp-json\/wp\/v2\/users\/1"}],"replies":[{"embeddable":true,"href":"https:\/\/www.mojevrijeme.hr\/magazin\/wp-json\/wp\/v2\/comments?post=87554"}],"version-history":[{"count":0,"href":"https:\/\/www.mojevrijeme.hr\/magazin\/wp-json\/wp\/v2\/posts\/87554\/revisions"}],"wp:featuredmedia":[{"embeddable":true,"href":"https:\/\/www.mojevrijeme.hr\/magazin\/wp-json\/wp\/v2\/media\/87558"}],"wp:attachment":[{"href":"https:\/\/www.mojevrijeme.hr\/magazin\/wp-json\/wp\/v2\/media?parent=87554"}],"wp:term":[{"taxonomy":"category","embeddable":true,"href":"https:\/\/www.mojevrijeme.hr\/magazin\/wp-json\/wp\/v2\/categories?post=87554"},{"taxonomy":"post_tag","embeddable":true,"href":"https:\/\/www.mojevrijeme.hr\/magazin\/wp-json\/wp\/v2\/tags?post=87554"}],"curies":[{"name":"wp","href":"https:\/\/api.w.org\/{rel}","templated":true}]}}