{"id":87573,"date":"2023-10-07T13:57:01","date_gmt":"2023-10-07T11:57:01","guid":{"rendered":"https:\/\/www.mojevrijeme.hr\/magazin\/?p=87573"},"modified":"2023-10-07T14:07:33","modified_gmt":"2023-10-07T12:07:33","slug":"olivera-cirkovic-o-mirovini-ostalo-mi-je-novca-od-pljacki-dragulja","status":"publish","type":"post","link":"https:\/\/www.mojevrijeme.hr\/magazin\/2023\/10\/olivera-cirkovic-o-mirovini-ostalo-mi-je-novca-od-pljacki-dragulja\/","title":{"rendered":"Olivera \u0106irkovi\u0107 o mirovini: Ostalo mi je novca od plja\u010dki dragulja"},"content":{"rendered":"\n<p><strong>Olivera \u0106irkovi\u0107<\/strong>, biv\u0161a ko\u0161arka\u0161ica i medijski glorificirana plja\u010dka\u0161ica koja je vodila me\u0111unarodnu zlo\u010dina\u010dku organizaciju &#8220;Pink Panther&#8221;, za N1 Slovenija otkrila je da joj je nakon plja\u010dki u kojima je sudjelovala &#8220;ostalo novca za mirovinu&#8221;. Uz to nagla\u0161ava da nikada ne\u0107e javno govoriti o nekim akcijama u kojima je sudjelovala.<\/p>\n\n\n\n<p>&#8220;Postoje djela koja sam po\u010dinila, a za koje nisam nikad uhi\u0107ena i o njima ne govorim&#8221;, dodala je \u0106irkovi\u0107. Iako joj je su\u0111eno za nedjela koje je po\u010dinila u Gr\u010dkoj, otkrila je da nije to jedina dr\u017eava u kojoj se bavila kriminalom.<\/p>\n\n\n\n<p>\u0106irkovi\u0107 se smatra jedinom \u017eenom koja je ikada pobjegla iz gr\u010dkog zatvora. Zlo\u010dina\u010dka organizacija kojoj je bila \u010dlan, navodno je izvela stotine velikih plja\u010dki i oru\u017eanih plja\u010dki gr\u010dkih zlatara i draguljara. Naj\u010de\u0161\u0107e bi se automobilima zabijali u objekte i izvje\u017ebanim manevrom pokupili dragulje u manje od dvije minute. \u0106irkovi\u0107 je zbog toga u zatvoru provela gotovo osam godina.<\/p><div id=\"mojev-4055346001\" class=\"mojev-u-tekstu mojev-entity-placement\" style=\"margin-left: auto;margin-right: auto;text-align: center;\"><div class=\"mojev-adlabel\">oglas<\/div><div style=\"height: 250px;\"><script async src=\"https:\/\/pagead2.googlesyndication.com\/pagead\/js\/adsbygoogle.js?client=ca-pub-8106111766207173\"\r\n     crossorigin=\"anonymous\"><\/script>\r\n<!-- Prikazni 1 u tekstu -->\r\n<ins class=\"adsbygoogle\"\r\n     style=\"display:block\"\r\n     data-ad-client=\"ca-pub-8106111766207173\"\r\n     data-ad-slot=\"8535551207\"\r\n     data-ad-format=\"auto\"\r\n     data-full-width-responsive=\"true\"><\/ins>\r\n<script>\r\n     (adsbygoogle = window.adsbygoogle || []).push({});\r\n<\/script><\/div><\/div><br style=\"clear: both; display: block; float: none;\"\/>\n\n\n\n<p>Njezin prvi susret sa zatvorom dogodio se 2006. godine na otoku Kreti u Gr\u010dkoj, kako stoji u njezinoj biografiji. Optu\u017eena je za te\u0161ku kra\u0111u skupocjenog &#8220;Chopard&#8221; nakita u luksuznom hotelskom kompleksu. Tada je odslu\u017eila trogodi\u0161nju zatvorsku kaznu.<\/p>\n\n\n\n<p>Uhi\u0107ena je ponovno 2012. godine kao organizatorica i vo\u0111a kriminalne skupine Pink Panther. Iako je iste godine pobjegla iz zatvora, ponovno je uhi\u0107ena tri mjeseca kasnije, pri \u010demu je, uz ranijih 116 plja\u010dki, optu\u017eena i da je organizirala i izvela oru\u017eanu plja\u010dku draguljarnice u Ateni. Izre\u010dena joj je ukupna kazna od 32 godine, no nakon \u017ealbi, na slobodu je pu\u0161tena 2017. godine.<\/p>\n\n\n\n<p>Koliko je istine u njenim rije\u010dima da \u0107e i u mirovini tro\u0161iti dragulje koje je oplja\u010dkala, te\u0161ko je provjeriti. No sigurno je da \u0107e pone\u0161to zaraditi i na romansiranoj biografiji koju je proteklih godina promovirala u Hrvatskoj. Uz seriju koja se trenutno snima o njoj, \u0106irkovi\u0107 je anga\u017eirana i na promoviranju slovenskog izdanja svoje knjige &#8220;Ja, Pink Panther&#8221;. <\/p>\n<div id=\"mojev-2470764943\" class=\"mojev-kraj-teksta mojev-entity-placement\" style=\"margin-bottom: 20px;margin-left: auto;margin-right: auto;text-align: center;\"><div class=\"mojev-adlabel\">oglas<\/div><div style=\"height: 250px;\"><script async src=\"https:\/\/pagead2.googlesyndication.com\/pagead\/js\/adsbygoogle.js?client=ca-pub-8106111766207173\"\r\n     crossorigin=\"anonymous\"><\/script>\r\n<!-- Display-1 -->\r\n<ins class=\"adsbygoogle\"\r\n     style=\"display:block\"\r\n     data-ad-client=\"ca-pub-8106111766207173\"\r\n     data-ad-slot=\"1465712950\"\r\n     data-ad-format=\"auto\"\r\n     data-full-width-responsive=\"true\"><\/ins>\r\n<script>\r\n     (adsbygoogle = window.adsbygoogle || []).push({});\r\n<\/script><\/div><\/div>","protected":false},"excerpt":{"rendered":"<p>Glorificirana plja\u010dka\u0161ica Olivera \u0106irkovi\u0107 jo\u0161 je jednom stala pred kamere. Ovoga puta otkrila je da nije su\u0111ena za sva nedjela koja je u\u010dinila, ali i da je ne\u0161to novca od plja\u010dki sa\u010duvala za mirovinu. <\/p>\n","protected":false},"author":1,"featured_media":87577,"comment_status":"closed","ping_status":"closed","sticky":false,"template":"","format":"standard","meta":{"footnotes":""},"categories":[84],"tags":[289,957,3741],"class_list":["post-87573","post","type-post","status-publish","format-standard","has-post-thumbnail","hentry","category-show","tag-kriminal","tag-mirovina","tag-olivera-cirkovic"],"_links":{"self":[{"href":"https:\/\/www.mojevrijeme.hr\/magazin\/wp-json\/wp\/v2\/posts\/87573","targetHints":{"allow":["GET"]}}],"collection":[{"href":"https:\/\/www.mojevrijeme.hr\/magazin\/wp-json\/wp\/v2\/posts"}],"about":[{"href":"https:\/\/www.mojevrijeme.hr\/magazin\/wp-json\/wp\/v2\/types\/post"}],"author":[{"embeddable":true,"href":"https:\/\/www.mojevrijeme.hr\/magazin\/wp-json\/wp\/v2\/users\/1"}],"replies":[{"embeddable":true,"href":"https:\/\/www.mojevrijeme.hr\/magazin\/wp-json\/wp\/v2\/comments?post=87573"}],"version-history":[{"count":0,"href":"https:\/\/www.mojevrijeme.hr\/magazin\/wp-json\/wp\/v2\/posts\/87573\/revisions"}],"wp:featuredmedia":[{"embeddable":true,"href":"https:\/\/www.mojevrijeme.hr\/magazin\/wp-json\/wp\/v2\/media\/87577"}],"wp:attachment":[{"href":"https:\/\/www.mojevrijeme.hr\/magazin\/wp-json\/wp\/v2\/media?parent=87573"}],"wp:term":[{"taxonomy":"category","embeddable":true,"href":"https:\/\/www.mojevrijeme.hr\/magazin\/wp-json\/wp\/v2\/categories?post=87573"},{"taxonomy":"post_tag","embeddable":true,"href":"https:\/\/www.mojevrijeme.hr\/magazin\/wp-json\/wp\/v2\/tags?post=87573"}],"curies":[{"name":"wp","href":"https:\/\/api.w.org\/{rel}","templated":true}]}}