{"id":87691,"date":"2023-10-09T21:07:09","date_gmt":"2023-10-09T19:07:09","guid":{"rendered":"https:\/\/www.mojevrijeme.hr\/magazin\/?p=87691"},"modified":"2023-10-09T21:07:24","modified_gmt":"2023-10-09T19:07:24","slug":"sutim-i-trpim-svekrvu-a-u-sebi-kipim-pomozite-pretjerujem-li","status":"publish","type":"post","link":"https:\/\/www.mojevrijeme.hr\/magazin\/2023\/10\/sutim-i-trpim-svekrvu-a-u-sebi-kipim-pomozite-pretjerujem-li\/","title":{"rendered":"Ivana: &#8216;\u0160utim i trpim svekrvu, a u sebi kipim. Pomozite, pretjerujem li?&#8217;"},"content":{"rendered":"\n<p>&#8220;Iskreno, ne volim nikakvo pretjerano ljubljenje i grljenje, a tijekom trudno\u0107e to mi je jo\u0161 dodatno smetalo. \u0160utjela sam, naravno, samo da se svekrva ne uvrijedi&#8221;, povjerila nam je mlada majka Ivana.<\/p>\n\n\n\n<p>Poslije je nizala primjer za primjerom negativnih iskustava sa suprugovom majkom. &#8220;Kad smo saznali da nosim dje\u010daka, ona je odmah nazvala i rekla da je ona to znala, da se to vidjelo po obliku mog trbuha, iako mi je prijateljica rekla da je imala sli\u010dan oblik trbuha kad je nosila k\u0107er. Onda me pred kraj trudno\u0107e prozvala za\u0161to jo\u0161 uvijek vozim auto, a ja sam se osje\u0107ala jako dobro i sasvim sposobnom za vo\u017enju. Ponavljala mi je da je vo\u017enja za trudnice prestresna i da to nije pametno&#8221;, povjerava nam kako je u njoj rastao nemir prema svekrvi.<\/p>\n\n\n\n<p>Kad je rodila, svekrva se nije smirila, samo ju je dalje nervirala. &#8220;Dijete je zavr\u0161ilo na pedijatriji jer je imalo povi\u0161en CRP (nista stra\u0161no, zbog mekonija). Ja sam bila s njim jer sam jako \u017eeljela dojiti svoje dijete (dojim ga jo\u0161 uvijek i nakon godinu dana), a ona je svakodnevno dosa\u0111ivala u toj svojoj brizi.&#8221;<\/p><div id=\"mojev-2604207017\" class=\"mojev-u-tekstu mojev-entity-placement\" style=\"margin-left: auto;margin-right: auto;text-align: center;\"><div class=\"mojev-adlabel\">oglas<\/div><div style=\"height: 250px;\"><script async src=\"https:\/\/pagead2.googlesyndication.com\/pagead\/js\/adsbygoogle.js?client=ca-pub-8106111766207173\"\r\n     crossorigin=\"anonymous\"><\/script>\r\n<!-- Prikazni 1 u tekstu -->\r\n<ins class=\"adsbygoogle\"\r\n     style=\"display:block\"\r\n     data-ad-client=\"ca-pub-8106111766207173\"\r\n     data-ad-slot=\"8535551207\"\r\n     data-ad-format=\"auto\"\r\n     data-full-width-responsive=\"true\"><\/ins>\r\n<script>\r\n     (adsbygoogle = window.adsbygoogle || []).push({});\r\n<\/script><\/div><\/div><br style=\"clear: both; display: block; float: none;\"\/>\n\n\n\n<p>&#8220;Bila sam umorna i neispavana i nisam joj mogla stalno odgovarati na poruke. Kad je nakon sedam dana do\u0161ao dan izlaska iz bolnice, do\u0161la je s mojim suprugom po mene i bebu. Hajde, i to sam lijepo prihvatila. Kod ku\u0107e sam mu\u017ea zamolila da ne \u017eelim nikoga primati u ku\u0107u barem idu\u0107a dva tjedna, da se odmorim i uhodam, da s bebom provedem nekoliko mirnih dana. Poga\u0111ate, svekrva je rekla da \u0107e ona do\u0107i odmah kod nas. Tu se na\u017ealost mene ni\u0161ta nije pitalo. I preko toga sam pre\u0161la&#8221;, ispri\u010dala nam je svoje jade.<\/p>\n\n\n\n<h3 class=\"wp-block-heading\">Kupi u sebi, boji se zakrviti<\/h3>\n\n\n\n<p>Kad se malo uhodala s bebom, i sama je, ka\u017ee, oti\u0161la s malenim i mu\u017eem kod svekrve. No, ona je i opet na\u0161la na\u010din da je izbaci iz takta. &#8220;Znala je da dojim svoju bebu, a opet se drznula re\u0107i mi neka maleni ostane kod nje nekoliko sati. To mi ne bi bio problem da nije rekla da bi maleni mogao prije\u0107i i na adaptirano mlijeko, na bo\u010dicu. Narasli su mi rogovi, iako sam opet \u0161utjela zbog mira&#8221;, doznajemo.<\/p>\n\n\n\n<p>Potom je suprugu prigovorila da nije u redu da apsolutno ne po\u0161tuje njezine odluke i nju samu. &#8220;Vjerujem da joj je rekao, ali unato\u010d tome ona je to nastavljala spominjati i predbacivati mi i meni je to bilo ru\u017eno od nje. Uz to mi je dijelila savjete koje nisam tra\u017eila. Svi ti njezini postupci mene su duboko dotakli i od tada jo\u0161 vi\u0161e ne volim ostavljati dijete pa \u010dak ni iako znam da ga vjerojatno voli. Ja u nju jednostavno nemam povjerenja&#8221;, pi\u0161e nam.<\/p>\n\n\n\n<p>&#8220;Postoji jo\u0161 jedan razlog zbog kojeg se svekrvi bojim ostaviti dijete \u2013 donedavno je imala razdoblja kad bi pala u nesvijest, onako iz \u010dista mira, a i konstantno se \u017eali da ju ne\u0161to boli. A i duboko u sebi znam da me ne voli. To je pokazala jo\u0161 kad smo ja i moj mu\u017e tek zapo\u010dinjali vezu. Unato\u010d svemu, njoj nikad nisam izgovorila niti jednu ru\u017enu rije\u010d, niti sam bila bezobrazna, dok ona prema meni nema ba\u0161 nikakvog po\u0161tovanja. Recite mi, jesam li pretjerala? \u0160to mi je \u010diniti?&#8221;, vapaj je snahe koja se osje\u0107a iznimno lo\u0161e na sam spomen svoje svekrve.<\/p>\n\n\n\n<div id=\"crveno\"><\/p>\n\n\n\n<h3 class=\"wp-block-heading\">Zanima nas va\u0161a pri\u010da<\/h3>\n\n\n\n<p>\u017delite li i vi, posve anonimno, podijeliti svoje iskustvo i vi\u0111enje ove teme s nama i na\u0161im \u010ditateljima, mo\u017eete to u\u010diniti putem web obrasca <a rel=\"noreferrer noopener\" href=\"https:\/\/www.mojevrijeme.hr\/magazin\/povjerljivo\/\" target=\"_blank\">Povjerljivo<\/a>. Napi\u0161ite svoju pri\u010du!<\/p>\n\n\n\n<p><\/div>\n<div id=\"mojev-230253252\" class=\"mojev-kraj-teksta mojev-entity-placement\" style=\"margin-bottom: 20px;margin-left: auto;margin-right: auto;text-align: center;\"><div class=\"mojev-adlabel\">oglas<\/div><div style=\"height: 250px;\"><script async src=\"https:\/\/pagead2.googlesyndication.com\/pagead\/js\/adsbygoogle.js?client=ca-pub-8106111766207173\"\r\n     crossorigin=\"anonymous\"><\/script>\r\n<!-- Display-1 -->\r\n<ins class=\"adsbygoogle\"\r\n     style=\"display:block\"\r\n     data-ad-client=\"ca-pub-8106111766207173\"\r\n     data-ad-slot=\"1465712950\"\r\n     data-ad-format=\"auto\"\r\n     data-full-width-responsive=\"true\"><\/ins>\r\n<script>\r\n     (adsbygoogle = window.adsbygoogle || []).push({});\r\n<\/script><\/div><\/div>","protected":false},"excerpt":{"rendered":"<p>Kad je Ivana (24) objavila svijetu da je trudna, njezina ju je svekrva odjednom po\u010dela ljubiti i grliti. Prije toga, povjerila nam je, uop\u0107e nisu bile prisne pa je ta iznenadna navala ljubavi njoj smetala, a dodiri su joj, dok je bila u drugom stanju, posebno i\u0161li na \u017eivce. I u trudno\u0107i i nakon poro\u0111aja mnogo je puta pregrizla jezik da se ne posva\u0111a, ali cijelo vrijeme kipi u sebi i na rubu je.   <\/p>\n","protected":false},"author":17,"featured_media":87718,"comment_status":"closed","ping_status":"closed","sticky":false,"template":"","format":"standard","meta":{"footnotes":""},"categories":[3552],"tags":[3437,3550],"class_list":["post-87691","post","type-post","status-publish","format-standard","has-post-thumbnail","hentry","category-povjerljivo","tag-obiteljski-odnosi","tag-svekrve-i-snahe"],"_links":{"self":[{"href":"https:\/\/www.mojevrijeme.hr\/magazin\/wp-json\/wp\/v2\/posts\/87691","targetHints":{"allow":["GET"]}}],"collection":[{"href":"https:\/\/www.mojevrijeme.hr\/magazin\/wp-json\/wp\/v2\/posts"}],"about":[{"href":"https:\/\/www.mojevrijeme.hr\/magazin\/wp-json\/wp\/v2\/types\/post"}],"author":[{"embeddable":true,"href":"https:\/\/www.mojevrijeme.hr\/magazin\/wp-json\/wp\/v2\/users\/17"}],"replies":[{"embeddable":true,"href":"https:\/\/www.mojevrijeme.hr\/magazin\/wp-json\/wp\/v2\/comments?post=87691"}],"version-history":[{"count":0,"href":"https:\/\/www.mojevrijeme.hr\/magazin\/wp-json\/wp\/v2\/posts\/87691\/revisions"}],"wp:featuredmedia":[{"embeddable":true,"href":"https:\/\/www.mojevrijeme.hr\/magazin\/wp-json\/wp\/v2\/media\/87718"}],"wp:attachment":[{"href":"https:\/\/www.mojevrijeme.hr\/magazin\/wp-json\/wp\/v2\/media?parent=87691"}],"wp:term":[{"taxonomy":"category","embeddable":true,"href":"https:\/\/www.mojevrijeme.hr\/magazin\/wp-json\/wp\/v2\/categories?post=87691"},{"taxonomy":"post_tag","embeddable":true,"href":"https:\/\/www.mojevrijeme.hr\/magazin\/wp-json\/wp\/v2\/tags?post=87691"}],"curies":[{"name":"wp","href":"https:\/\/api.w.org\/{rel}","templated":true}]}}