{"id":87816,"date":"2023-10-10T18:52:53","date_gmt":"2023-10-10T16:52:53","guid":{"rendered":"https:\/\/www.mojevrijeme.hr\/magazin\/?p=87816"},"modified":"2023-11-19T19:35:31","modified_gmt":"2023-11-19T18:35:31","slug":"bahra-58-ne-stidim-se-godina-svi-imamo-pravo-na-ljubav-primitivni-komentari-me-ne-zanimaju","status":"publish","type":"post","link":"https:\/\/www.mojevrijeme.hr\/magazin\/2023\/10\/bahra-58-ne-stidim-se-godina-svi-imamo-pravo-na-ljubav-primitivni-komentari-me-ne-zanimaju\/","title":{"rendered":"Bahra (58): &#8216;Svi imamo pravo na ljubav. Primitivni komentari me ne zanimaju!&#8217;"},"content":{"rendered":"\n<p><strong>Bahra Zahirovi\u0107&nbsp;<\/strong>je jedna od tri kandidatkinje&nbsp;<strong>&#8216;Ljubav je na selu&#8217;&nbsp;<\/strong>koje su na imanju kod farmera&nbsp;<strong>Stjepana Runtasa<\/strong>, a za <a href=\"https:\/\/www.rtl.hr\/tv-emisije\/ljubav-je-na-selu\/bahra-za-rtlhr-opisala-muskarca-iz-snova-mora-biti-vrhunske-kvalitete-dobar-kavalir.html\">RTL.hr<\/a> otkrila je kako zami\u0161lja svog princa na bijelom konju i koje osobine mora posjedovati.&nbsp;Osvrnula se na svoje godine i objasnila da svatko ima pravo na ljubav.&nbsp;<\/p>\n\n\n\n<p>&#8220;Zna\u010di, ovako, bez obzira na sve. Ja sam 4. kolovoza napunila 58 godina, ali ja se ne stidim svojih godina. Ja sam \u017eena, evo vidite, ok. Hvala bogu, za sada zdrava. Bo\u017ee, hvala ti. Sve to ima svoje stajali\u0161te, ali isto tako ne volim ljude koji omalova\u017eavaju generaciju.&#8221;<\/p>\n\n\n\n<p>Posebno su joj odbojni oni komentatori koji govore da &#8220;stare babe ili stari prdonje nemaju \u0161to tra\u017eiti&#8221;. Ka\u017ee, takve izjave su posebno primitivne i odvratne. &#8220;Zna\u010di, ja \u0107u ovako re\u0107i jasno i glasno. Svi mi imamo pravo na ljubav i \u017eivot bez obzira koliko tko ima godina. Svatko je \u017eeljan dok mu srce radi pa\u017enje, ljubavi, nje\u017enosti, toplog zagrljaja. Zna\u010di, nemojmo biti sebi\u010dni da ugro\u017eavamo generacije ljudi. Ja kao ja, zaboravite moje godine. Uop\u0107e vas ne \u017eelim \u010duti&#8221;, istaknula je.&nbsp;<\/p><div id=\"mojev-1138029764\" class=\"mojev-u-tekstu mojev-entity-placement\" style=\"margin-left: auto;margin-right: auto;text-align: center;\"><div class=\"mojev-adlabel\">oglas<\/div><div style=\"height: 250px;\"><script async src=\"https:\/\/pagead2.googlesyndication.com\/pagead\/js\/adsbygoogle.js?client=ca-pub-8106111766207173\"\r\n     crossorigin=\"anonymous\"><\/script>\r\n<!-- Prikazni 1 u tekstu -->\r\n<ins class=\"adsbygoogle\"\r\n     style=\"display:block\"\r\n     data-ad-client=\"ca-pub-8106111766207173\"\r\n     data-ad-slot=\"8535551207\"\r\n     data-ad-format=\"auto\"\r\n     data-full-width-responsive=\"true\"><\/ins>\r\n<script>\r\n     (adsbygoogle = window.adsbygoogle || []).push({});\r\n<\/script><\/div><\/div><br style=\"clear: both; display: block; float: none;\"\/>\n\n\n\n<p>Otkrila je \u0161to \u017eeli, a \u0161to ne ne \u017eeli kod mu\u0161karca. &#8220;Ja Bahra kao Bahra jo\u0161 o\u010dekujem mu\u0161karca. Zna\u010di, primitivan mu\u0161karac me ne zanima. Mora biti vrhunske kvalitete, uredan, pun kvalitete \u010disto\u0107e, lijepog obla\u010denja. U prvom redu, pristup, \u0161to mi je bitnije od svega, dobar kavalir, <em>d\u017eentlment<\/em>, mora biti kvalitetan u ljubavi, a ne neki mlitavac. Ja volim kvalitetu jer sam jo\u0161 uvijek kvalitetna \u017eena&#8221;, ispri\u010dala je Bahra.&nbsp;<\/p>\n<div id=\"mojev-1815955597\" class=\"mojev-kraj-teksta mojev-entity-placement\" style=\"margin-bottom: 20px;margin-left: auto;margin-right: auto;text-align: center;\"><div class=\"mojev-adlabel\">oglas<\/div><div style=\"height: 250px;\"><script async src=\"https:\/\/pagead2.googlesyndication.com\/pagead\/js\/adsbygoogle.js?client=ca-pub-8106111766207173\"\r\n     crossorigin=\"anonymous\"><\/script>\r\n<!-- Display-1 -->\r\n<ins class=\"adsbygoogle\"\r\n     style=\"display:block\"\r\n     data-ad-client=\"ca-pub-8106111766207173\"\r\n     data-ad-slot=\"1465712950\"\r\n     data-ad-format=\"auto\"\r\n     data-full-width-responsive=\"true\"><\/ins>\r\n<script>\r\n     (adsbygoogle = window.adsbygoogle || []).push({});\r\n<\/script><\/div><\/div>","protected":false},"excerpt":{"rendered":"<p>Zvijezda RTL-a objasnila je da ljudi, bez obzira na godine, imaju pravo na ljubav. Zlim jezicima na dru\u0161tvenom mre\u017eama poru\u010dila je: &#8216;Ne stidim se svojih godina. Nebitno je \u0161to vi ka\u017eete, bitno je ono \u0161to ja ka\u017eem!&#8217;<\/p>\n","protected":false},"author":1,"featured_media":87818,"comment_status":"closed","ping_status":"closed","sticky":false,"template":"","format":"standard","meta":{"footnotes":""},"categories":[84],"tags":[1185,3612,2878,3054,3814],"class_list":["post-87816","post","type-post","status-publish","format-standard","has-post-thumbnail","hentry","category-show","tag-ageizam","tag-bahra-zahirovic","tag-internalizirani-ageizam","tag-ljubav-je-na-selu","tag-ranka-jankovic"],"_links":{"self":[{"href":"https:\/\/www.mojevrijeme.hr\/magazin\/wp-json\/wp\/v2\/posts\/87816","targetHints":{"allow":["GET"]}}],"collection":[{"href":"https:\/\/www.mojevrijeme.hr\/magazin\/wp-json\/wp\/v2\/posts"}],"about":[{"href":"https:\/\/www.mojevrijeme.hr\/magazin\/wp-json\/wp\/v2\/types\/post"}],"author":[{"embeddable":true,"href":"https:\/\/www.mojevrijeme.hr\/magazin\/wp-json\/wp\/v2\/users\/1"}],"replies":[{"embeddable":true,"href":"https:\/\/www.mojevrijeme.hr\/magazin\/wp-json\/wp\/v2\/comments?post=87816"}],"version-history":[{"count":0,"href":"https:\/\/www.mojevrijeme.hr\/magazin\/wp-json\/wp\/v2\/posts\/87816\/revisions"}],"wp:featuredmedia":[{"embeddable":true,"href":"https:\/\/www.mojevrijeme.hr\/magazin\/wp-json\/wp\/v2\/media\/87818"}],"wp:attachment":[{"href":"https:\/\/www.mojevrijeme.hr\/magazin\/wp-json\/wp\/v2\/media?parent=87816"}],"wp:term":[{"taxonomy":"category","embeddable":true,"href":"https:\/\/www.mojevrijeme.hr\/magazin\/wp-json\/wp\/v2\/categories?post=87816"},{"taxonomy":"post_tag","embeddable":true,"href":"https:\/\/www.mojevrijeme.hr\/magazin\/wp-json\/wp\/v2\/tags?post=87816"}],"curies":[{"name":"wp","href":"https:\/\/api.w.org\/{rel}","templated":true}]}}