{"id":87852,"date":"2023-10-11T11:30:29","date_gmt":"2023-10-11T09:30:29","guid":{"rendered":"https:\/\/www.mojevrijeme.hr\/magazin\/?p=87852"},"modified":"2023-10-11T11:31:16","modified_gmt":"2023-10-11T09:31:16","slug":"umirovljenici-bez-populizma-suludo-bi-bilo-prosvjedovati-dok-traju-pregovori","status":"publish","type":"post","link":"https:\/\/www.mojevrijeme.hr\/magazin\/2023\/10\/umirovljenici-bez-populizma-suludo-bi-bilo-prosvjedovati-dok-traju-pregovori\/","title":{"rendered":"Umirovljenici protiv populizma: Suludo bi bilo prosvjedovati u ovom trenutku"},"content":{"rendered":"\n<p>U razvijenim demokratskim dru\u0161tvima prosvjed je na\u010din izra\u017eavanja nezadovoljstva, mi\u0161ljenja pa i pritiska na vladaju\u0107e. Rastu\u0107e siroma\u0161tvo hrvatskih umirovljenika, a koje je posebno poja\u010dano nakon pandemije i visoke inflacije, ali prije svega zbog vi\u0161edesetljetnog zanemarivanja svih vlada, rezultiralo je udjelom prosje\u010dne mirovine u prosje\u010dnoj pla\u0107i na oko 40 posto, dok je prosjek u EU zemljama 58 posto.<\/p>\n\n\n\n<p>Nepravedna raspodjela novca u kojoj su umirovljenici stavljeni na margine dru\u0161tva hrvatska je svakodnevica, kao \u0161to je svakodnevica da vidite svoje susjede kako, umjesto da pune kontejnere ostacima hrane, vo\u0107a i povr\u0107a, redovito ih prazne od plasti\u010dnih boca ne bi li zaradili koji ekstra cent na svoje bijedne mirovine, pi\u0161e <strong>Igor Kne\u017eevi\u0107<\/strong>, glavni tajnik Sindikata umirovljenika Hrvatske za <a rel=\"noreferrer noopener\" href=\"http:\/\/suh.hr\" data-type=\"link\" data-id=\"suh.hr\" target=\"_blank\">Glas umirovljenika<\/a>.<\/p>\n\n\n\n<p>Politi\u010dke stranke umirovljeni\u010dka problematika ne zanima puno, no kad se pribli\u017ee izbori, umirovljenici ipak postaju zanimljiviji s obzirom da imaju veliki glasa\u010dki potencijal, jer ipak ih je preko 1,2 milijuna. Pa su tako gotovo sve ve\u0107e oporbene stranke posljednjih mjesec dana iza\u0161le s prijedlozima kako pobolj\u0161ati materijalni status umirovljenika.<\/p><div id=\"mojev-3924273382\" class=\"mojev-u-tekstu mojev-entity-placement\" style=\"margin-left: auto;margin-right: auto;text-align: center;\"><div class=\"mojev-adlabel\">oglas<\/div><div style=\"height: 250px;\"><script async src=\"https:\/\/pagead2.googlesyndication.com\/pagead\/js\/adsbygoogle.js?client=ca-pub-8106111766207173\"\r\n     crossorigin=\"anonymous\"><\/script>\r\n<!-- Prikazni 1 u tekstu -->\r\n<ins class=\"adsbygoogle\"\r\n     style=\"display:block\"\r\n     data-ad-client=\"ca-pub-8106111766207173\"\r\n     data-ad-slot=\"8535551207\"\r\n     data-ad-format=\"auto\"\r\n     data-full-width-responsive=\"true\"><\/ins>\r\n<script>\r\n     (adsbygoogle = window.adsbygoogle || []).push({});\r\n<\/script><\/div><\/div><br style=\"clear: both; display: block; float: none;\"\/>\n\n\n\n<p>\u0160to se ti\u010de stranaka s umirovljeni\u010dkim predznakom, one okupljene u koaliciju Umirovljenici zajedno (BUZ, SU) nakon najave prosvjeda odr\u017eali su na glavnom trgu u Zagrebu tek &#8220;tiskovnu konferenciju i dru\u017eenje s gra\u0111anima&#8221; 1. listopada 2023. na Me\u0111unarodni dan starijih osoba, gdje su iznijeli svoje zahtjeve, ali naknadno i prozvali umirovljeni\u010dke udruge da su trebale s njima prosvjedovati!?<\/p>\n\n\n\n<p>HSU je pak isti dan odr\u017eao dru\u017eenje za umirovljenike na zagreba\u010dkom Bundeku, a me\u0111u pokroviteljima dru\u017eenja je bilo i Ministarstvo rada i mirovinskog sustava.<\/p>\n\n\n\n<p>Par dana kasnije Silvano Hrelja izlazi za saborsku govornicu i prakti\u010dki kritizira zahtjeve umirovljeni\u010dkih udruga za povoljnijom formulom uskla\u0111ivanja mirovina, kazav\u0161i kako ve\u0107 sad &#8220;Hrvatska ima najpovoljniju formulu u cijeloj EU&#8221;, \u010dime zapravo brani Vladu i nanosi \u0161tetu umirovljenicima.<\/p>\n\n\n\n<p>Osloniti se na stranke i politi\u010dare i nije najpametnije, pa uz sva predizborna obe\u0107anja kad i ako do\u0111u na vlast, odjednom uglavnom zaborave na sva obe\u0107anja ili \u010dak po\u010dnu i raditi protiv interesa umirovljenika. Za razliku od stranaka, umirovljeni\u010dke udruge ne bore se za fotelje u Saboru, ve\u0107 isklju\u010divo za dobrobit umirovljenika. <\/p>\n\n\n\n<p>Tako su i Sindikat umirovljenika Hrvatske (SUH) i Matica umirovljenika Hrvatske (MUH) ve\u0107 najavili da \u0107e organizirati prosvjed u jesen ako do kraja godine Vlada ne ispuni barem dva od \u010detiri velika zahtjeva koja su zatra\u017eili na sjednici Nacionalnog vije\u0107a za umirovljenike i starije osobe odr\u017eane po\u010detkom rujna, uz uvjet da udjel prosje\u010dne mirovine u prosje\u010dnoj pla\u0107i nakon ispunjenja zahtjeva dosegne barem 50 posto. Na sve\u010danoj sjednici Nacionalnog vije\u0107a odr\u017eanoj 2. listopada ministar Pileti\u0107 obe\u0107ao je da \u0107e u roku dva do tri tjedna odgovoriti na zahtjeve nakon \u0161to se izra\u010duna koliko \u0107e ti zahtjevi ko\u0161tati dr\u017eavni prora\u010dun.<\/p>\n\n\n\n<p>Dakle, postoje izgledi da \u0107e umirovljeni\u010dke udruge u direktnim razgovorima s Ministarstvom i Vladom uspjeti se izboriti za pobolj\u0161anja standarda umirovljenika pa je suludo da u trenucima pregovora s Vladom se ide &#8220;prosvjedovati&#8221; protiv Vlade. Pa ako Vlada &#8220;zezne&#8221;, ide se u prosvjed, a ako pristane, ne\u0107e se prosvjedovati u ovoj godini, ali predstoji nam i sljede\u0107a godina kada \u0107e SUH i MUH zahtijevati da se ispune i preostali zahtjevi. Idemo korak po korak, bez populizma, ve\u0107 uz stvarnu i realnu borbu za bolji \u017eivot umirovljenika.<\/p>\n<div id=\"mojev-1658342057\" class=\"mojev-kraj-teksta mojev-entity-placement\" style=\"margin-bottom: 20px;margin-left: auto;margin-right: auto;text-align: center;\"><div class=\"mojev-adlabel\">oglas<\/div><div style=\"height: 250px;\"><script async src=\"https:\/\/pagead2.googlesyndication.com\/pagead\/js\/adsbygoogle.js?client=ca-pub-8106111766207173\"\r\n     crossorigin=\"anonymous\"><\/script>\r\n<!-- Display-1 -->\r\n<ins class=\"adsbygoogle\"\r\n     style=\"display:block\"\r\n     data-ad-client=\"ca-pub-8106111766207173\"\r\n     data-ad-slot=\"1465712950\"\r\n     data-ad-format=\"auto\"\r\n     data-full-width-responsive=\"true\"><\/ins>\r\n<script>\r\n     (adsbygoogle = window.adsbygoogle || []).push({});\r\n<\/script><\/div><\/div>","protected":false},"excerpt":{"rendered":"<p>Osloniti se na stranke i politi\u010dare i nije najpametnije, pa uz sva predizborna obe\u0107anja kad i ako do\u0111u na vlast, odjednom uglavnom zaborave na sva obe\u0107anja ili \u010dak po\u010dnu i raditi protiv interesa umirovljenika.<\/p>\n","protected":false},"author":1,"featured_media":77506,"comment_status":"closed","ping_status":"closed","sticky":false,"template":"","format":"standard","meta":{"footnotes":""},"categories":[9],"tags":[687,167],"class_list":["post-87852","post","type-post","status-publish","format-standard","has-post-thumbnail","hentry","category-vijesti","tag-prosvjedi","tag-sindikat-umirovljenika"],"_links":{"self":[{"href":"https:\/\/www.mojevrijeme.hr\/magazin\/wp-json\/wp\/v2\/posts\/87852","targetHints":{"allow":["GET"]}}],"collection":[{"href":"https:\/\/www.mojevrijeme.hr\/magazin\/wp-json\/wp\/v2\/posts"}],"about":[{"href":"https:\/\/www.mojevrijeme.hr\/magazin\/wp-json\/wp\/v2\/types\/post"}],"author":[{"embeddable":true,"href":"https:\/\/www.mojevrijeme.hr\/magazin\/wp-json\/wp\/v2\/users\/1"}],"replies":[{"embeddable":true,"href":"https:\/\/www.mojevrijeme.hr\/magazin\/wp-json\/wp\/v2\/comments?post=87852"}],"version-history":[{"count":0,"href":"https:\/\/www.mojevrijeme.hr\/magazin\/wp-json\/wp\/v2\/posts\/87852\/revisions"}],"wp:featuredmedia":[{"embeddable":true,"href":"https:\/\/www.mojevrijeme.hr\/magazin\/wp-json\/wp\/v2\/media\/77506"}],"wp:attachment":[{"href":"https:\/\/www.mojevrijeme.hr\/magazin\/wp-json\/wp\/v2\/media?parent=87852"}],"wp:term":[{"taxonomy":"category","embeddable":true,"href":"https:\/\/www.mojevrijeme.hr\/magazin\/wp-json\/wp\/v2\/categories?post=87852"},{"taxonomy":"post_tag","embeddable":true,"href":"https:\/\/www.mojevrijeme.hr\/magazin\/wp-json\/wp\/v2\/tags?post=87852"}],"curies":[{"name":"wp","href":"https:\/\/api.w.org\/{rel}","templated":true}]}}