{"id":87935,"date":"2023-10-12T09:49:28","date_gmt":"2023-10-12T07:49:28","guid":{"rendered":"https:\/\/www.mojevrijeme.hr\/magazin\/?p=87935"},"modified":"2023-10-12T09:49:31","modified_gmt":"2023-10-12T07:49:31","slug":"malobrojnima-se-isplati-mirovina-iz-drugog-stupa-jeste-li-medu-njima","status":"publish","type":"post","link":"https:\/\/www.mojevrijeme.hr\/magazin\/2023\/10\/malobrojnima-se-isplati-mirovina-iz-drugog-stupa-jeste-li-medu-njima\/","title":{"rendered":"Malobrojnima se isplati mirovina iz drugog stupa: Jeste li me\u0111u njima?"},"content":{"rendered":"\n<p>Broj radnika koji biraju odlazak u kombiniranu mirovinu, odnosno mirovinu iz prvog i drugog stupa, dramati\u010dno je pao u ovoj godini.<\/p>\n\n\n\n<p>Dosad je u prosjeku tu kombinaciju biralo dvadesetak posto onih koji odlaze u mirovinu, dok je znatno ve\u0107i broj radnika, njih 80 posto, biralo mogu\u0107nost povratka u prvi stup i isplatu mirovine samo iz dr\u017eavnog fonda, pi\u0161e <a href=\"https:\/\/www.novilist.hr\/novosti\/hrvatska\/rijetkima-se-isplati-a-evo-i-zasto-mirovinu-iz-drugog-stupa-izabralo-samo-582-posto-osiguranika\/\" target=\"_blank\" rel=\"noreferrer noopener\">Novi list<\/a>.<\/p>\n\n\n\n<p>No podaci objavljeni za ovu godinu govore da taj broj dodatno opada. Prema podacima Regosa u prvoj polovini ove godine zatvoreno je ukupno 6.963 ra\u010duna \u010dlanova obveznih mirovinskih fondova (OMF) i samo njih 787 zatvoreno je zbog isplate mirovine na temelju individualne kapitalizirane \u0161tednje, \u0161to je tek 11,23 posto. Dakle, podaci Regosa govore da se broj onih koji biraju mirovinu iz oba stupa gotovo prepolovio.<\/p><div id=\"mojev-3997403180\" class=\"mojev-u-tekstu mojev-entity-placement\" style=\"margin-left: auto;margin-right: auto;text-align: center;\"><div class=\"mojev-adlabel\">oglas<\/div><div style=\"height: 250px;\"><script async src=\"https:\/\/pagead2.googlesyndication.com\/pagead\/js\/adsbygoogle.js?client=ca-pub-8106111766207173\"\r\n     crossorigin=\"anonymous\"><\/script>\r\n<!-- Prikazni 1 u tekstu -->\r\n<ins class=\"adsbygoogle\"\r\n     style=\"display:block\"\r\n     data-ad-client=\"ca-pub-8106111766207173\"\r\n     data-ad-slot=\"8535551207\"\r\n     data-ad-format=\"auto\"\r\n     data-full-width-responsive=\"true\"><\/ins>\r\n<script>\r\n     (adsbygoogle = window.adsbygoogle || []).push({});\r\n<\/script><\/div><\/div><br style=\"clear: both; display: block; float: none;\"\/>\n\n\n\n<p>U \u0161est mjeseci ove godine vi\u0161e je ra\u010duna, njih 914 zatvoreno zbog isplate \u0161tednje nasljednicima, \u0161to zna\u010di da je vi\u0161e osiguranika iz drugog stupa u tom razdoblju umrlo nego \u0161to ih je biralo odlazak u kombiniranu mirovinu. Tako je nasljednicima ispla\u0107eno ukupno 12,573 milijuna eura, u prosjeku 13.750 eura.<\/p>\n\n\n\n<h2 class=\"wp-block-heading\">Iznad o\u010dekivanja<\/h2>\n\n\n\n<p>\u0160to se ti\u010de gra\u0111ana koji su ipak birali drugi stup njihova je ukupna \u0161tednja u OMF-ovima bila 25,9 milijuna eura, ona je prenesena u mirovinsko osiguravaju\u0107e dru\u0161tvo iz kojeg \u0107e ubudu\u0107e dobivati dio mirovine.<\/p>\n\n\n\n<p>U prosjeku su ti osiguranici imali 32.926 eura kapitalizirane \u0161tednje i to dokazuje da drugi stup uglavnom biraju gra\u0111ani s iznadprosje\u010dnim pla\u0107ama i da se nakon 21 godine odlazak u kombiniranu mirovinu isplati jedino njima.<\/p>\n\n\n\n<p>Podaci Hrvatskog zavoda za mirovinsko osiguranje su aktualniji i jo\u0161 porazniji za drugi stup. HZMO je u svojim statisti\u010dkim podacima objavio da je u razdoblju od po\u010detka godine do kraja kolovoza prvi put mirovina ispla\u0107ena za 25.245 umirovljenika, a me\u0111u njima je bilo 1.471 novi umirovljenik koji je primao osnovnu mirovinu iz drugog stupa pa su ti ljudi umirovljeni nakon \u0161to su izabrali kombiniranu mirovinu.<\/p>\n\n\n\n<p>To zna\u010di da je od svih umirovljenika kojima je u osam mjeseci ove godine prvi put ispla\u0107ena mirovina njih tek 5,82 posto prethodno biralo kombiniranu mirovinu dok su svi ostali izabrali povratak u prvi stup, pi\u0161e&nbsp;<a href=\"https:\/\/www.novilist.hr\/novosti\/hrvatska\/rijetkima-se-isplati-a-evo-i-zasto-mirovinu-iz-drugog-stupa-izabralo-samo-582-posto-osiguranika\/\" target=\"_blank\" rel=\"noreferrer noopener\">Novi list.<\/a><\/p>\n\n\n\n<p>O\u010dekivalo se da \u0107e zbog pro\u0161logodi\u0161njih gubitaka mirovinskih fondova pasti broj gra\u0111ana koji primaju kombiniraju mirovinu, ali su podaci Regosa i HZMO-a nadma\u0161ili ta o\u010dekivanja.<\/p>\n\n\n\n<p>Odluci za kombiniranu mirovinu nije pomoglo ni to da se mirovine iz drugog stupa uskla\u0111uju samo s inflacijom, dok formula za uskla\u0111ivanje mirovina iz prvog stupa uva\u017eava i rast pla\u0107a i stopu inflacije, pa je razlika do izra\u017eaja do\u0161la ove godine kad je inflacija ipak usporila te se dio mirovina iz drugog stupa nedavno uskla\u0111ivao za samo tri posto, dok su mirovine iz prvog stupa porasle za 8,42 posto.<\/p>\n\n\n\n<p>Kako bi privukla ve\u0107i broj gra\u0111ana da biraju kombiniranu mirovinu Vlada je najavila izmjene mirovinskih zakona po kojima \u0107e gra\u0111anima omogu\u0107iti da jednokratno kod odlaska u mirovinu podignu 20 posto, umjesto dosada\u0161njih 15 posto svoje individualne \u0161tednje u drugom stupu.<\/p>\n\n\n\n<p>Uz to planiraju izjedna\u010diti i dodatak na mirovinu iz drugog stupa s onom koji se obra\u010dunava na mirovinu iz prvog stupa, pa \u0107e se on pove\u0107ati s 20,25 posto na 27 posto. To bi tako\u0111er trebalo u\u010diniti privla\u010dnijim ostanak u drugom stupu odnosno odluku za odlazak u kombiniranu mirovinu.<\/p>\n\n\n\n<h3 class=\"wp-block-heading\">Prosje\u010dna mirovina<\/h3>\n\n\n\n<p>No pitanje je koliko \u0107e to pove\u0107ati udio umirovljenika u kombiniranoj mirovini jer i iznosi prosje\u010dnih mirovina u ovoj godini pokazuju da je odlazak u drugi stup isplativ tek onima koji su dobivali pla\u0107e znatno ve\u0107e od prosje\u010dnih u dr\u017eavi, pa su i njihove uplate u oba stupa bile daleko iznadprosje\u010dne.<\/p>\n\n\n\n<p>Prosje\u010dna mirovina svih novih umirovljenika u ovoj godini je 444,96 eura, dok je prosje\u010dna osnovna mirovina onih koji su birali kombiniranu mirovinu 669,49 eura, na \u0161to svatko od njih jo\u0161 dobiva dio iz drugog stupa.<\/p>\n\n\n\n<p>Primjerice, dugogodi\u0161nji osiguranici, dakle gra\u0111ani koji su odradili 41 godinu sta\u017ea ili vi\u0161e, a u ovoj su godini prvi put primili mirovinu, u prosjeku dobivaju 579 eura mirovine.<\/p>\n\n\n\n<p>Oni su u prosjeku radili 42 godine, pet mjeseci i 14 dana. Kombiniranu mirovinu izabralo je 218 osiguranika s dugogodi\u0161njim sta\u017eom i njihova osnovna mirovina, dakle samo ona iz prvog stupa je 685 eura, odnosno 106 eura je ve\u0107a i jo\u0161 dobiju dio mirovine iz drugog stupa.<\/p>\n\n\n\n<p>Oni su u prosjeku radili 42 godine \u0161est mjeseci i \u0161est dana, i duljina sta\u017ea od mjesec dana sigurno nije stvorila tu razliku nego visina pla\u0107e i iznos upla\u0107enih doprinosa.<\/p>\n\n\n\n<p>Isplativosti drugog stupa kod odlaska u mirovinu najbolje ilustrira podatak da je u ovoj godini prvi put, i to bez me\u0111unarodnih ugovora \u0161to zna\u010di samo sa sta\u017eom, u Hrvatskoj mirovinu primilo 3.068 umirovljenika koji su bili dugogodi\u0161nji osiguranici, a da je samo njih 218, odnosno sedam posto, biralo kombiniranu mirovinu iako su svi oni vi\u0161e od polovine svog radnog vijeka upla\u0107ivali doprinose u prvi i drugi stup, pi\u0161e&nbsp;<a href=\"https:\/\/www.novilist.hr\/novosti\/hrvatska\/rijetkima-se-isplati-a-evo-i-zasto-mirovinu-iz-drugog-stupa-izabralo-samo-582-posto-osiguranika\/\" target=\"_blank\" rel=\"noreferrer noopener\">Novi list.<\/a><\/p>\n<div id=\"mojev-2520106026\" class=\"mojev-kraj-teksta mojev-entity-placement\" style=\"margin-bottom: 20px;margin-left: auto;margin-right: auto;text-align: center;\"><div class=\"mojev-adlabel\">oglas<\/div><div style=\"height: 250px;\"><script async src=\"https:\/\/pagead2.googlesyndication.com\/pagead\/js\/adsbygoogle.js?client=ca-pub-8106111766207173\"\r\n     crossorigin=\"anonymous\"><\/script>\r\n<!-- Display-1 -->\r\n<ins class=\"adsbygoogle\"\r\n     style=\"display:block\"\r\n     data-ad-client=\"ca-pub-8106111766207173\"\r\n     data-ad-slot=\"1465712950\"\r\n     data-ad-format=\"auto\"\r\n     data-full-width-responsive=\"true\"><\/ins>\r\n<script>\r\n     (adsbygoogle = window.adsbygoogle || []).push({});\r\n<\/script><\/div><\/div>","protected":false},"excerpt":{"rendered":"<p>Od svih umirovljenika kojima je u osam mjeseci ove godine prvi put ispla\u0107ena mirovina njih tek 5,82 posto prethodno biralo kombiniranu mirovinu dok su svi ostali izabrali povratak u prvi stup.<\/p>\n","protected":false},"author":1,"featured_media":87945,"comment_status":"closed","ping_status":"closed","sticky":false,"template":"","format":"standard","meta":{"footnotes":""},"categories":[9],"tags":[1133,18],"class_list":["post-87935","post","type-post","status-publish","format-standard","has-post-thumbnail","hentry","category-vijesti","tag-drugi-stup","tag-mirovine"],"_links":{"self":[{"href":"https:\/\/www.mojevrijeme.hr\/magazin\/wp-json\/wp\/v2\/posts\/87935","targetHints":{"allow":["GET"]}}],"collection":[{"href":"https:\/\/www.mojevrijeme.hr\/magazin\/wp-json\/wp\/v2\/posts"}],"about":[{"href":"https:\/\/www.mojevrijeme.hr\/magazin\/wp-json\/wp\/v2\/types\/post"}],"author":[{"embeddable":true,"href":"https:\/\/www.mojevrijeme.hr\/magazin\/wp-json\/wp\/v2\/users\/1"}],"replies":[{"embeddable":true,"href":"https:\/\/www.mojevrijeme.hr\/magazin\/wp-json\/wp\/v2\/comments?post=87935"}],"version-history":[{"count":0,"href":"https:\/\/www.mojevrijeme.hr\/magazin\/wp-json\/wp\/v2\/posts\/87935\/revisions"}],"wp:featuredmedia":[{"embeddable":true,"href":"https:\/\/www.mojevrijeme.hr\/magazin\/wp-json\/wp\/v2\/media\/87945"}],"wp:attachment":[{"href":"https:\/\/www.mojevrijeme.hr\/magazin\/wp-json\/wp\/v2\/media?parent=87935"}],"wp:term":[{"taxonomy":"category","embeddable":true,"href":"https:\/\/www.mojevrijeme.hr\/magazin\/wp-json\/wp\/v2\/categories?post=87935"},{"taxonomy":"post_tag","embeddable":true,"href":"https:\/\/www.mojevrijeme.hr\/magazin\/wp-json\/wp\/v2\/tags?post=87935"}],"curies":[{"name":"wp","href":"https:\/\/api.w.org\/{rel}","templated":true}]}}