{"id":8816,"date":"2016-12-24T09:25:06","date_gmt":"2016-12-24T08:25:06","guid":{"rendered":"http:\/\/www.mojevrijeme.hr\/magazin\/?p=8816"},"modified":"2019-04-18T11:13:03","modified_gmt":"2019-04-18T09:13:03","slug":"ispricali-ste-nam-ovako-smo-mi-slavili-bozic-u-jugoslaviji","status":"publish","type":"post","link":"https:\/\/www.mojevrijeme.hr\/magazin\/2016\/12\/ispricali-ste-nam-ovako-smo-mi-slavili-bozic-u-jugoslaviji\/","title":{"rendered":"Ispri\u010dali ste nam: Ovako smo mi slavili Bo\u017ei\u0107 u Jugoslaviji"},"content":{"rendered":"<p>Pro\u0161le smo godine u ovo vrijeme objavili tekst <a href=\"http:\/\/www.mojevrijeme.hr\/magazin\/2015\/12\/kako-se-u-jugoslaviji-slavili-bozic\/\" target=\"_blank\" rel=\"noopener noreferrer\">\u201eKako smo u Jugoslaviji slavili Bo\u017ei\u0107\u201c<\/a>, prvi put objavljen daleke 1990. godine u zagreba\u010dkom Svijetu. O\u010dekivano, primili smo vi\u0161e stotina poruka i komentara u kojima se prisje\u0107ate kako su izgledali va\u0161i Bo\u017ei\u0107i. Sje\u0107anja nas oplemenjuju, jer ljudi bez pro\u0161losti nemaju budu\u0107nost, zar ne? Danas, godinu dana poslije, dio tih sje\u0107anja objavljujemo na portalu uz nadu da \u0107e vam ovaj Bo\u017ei\u0107 biti jo\u0161 ljep\u0161i.<\/p>\n<p>&nbsp;<\/p>\n<div id=\"zeleno\">\n<h3>Olga, Dubrovnik<\/h3>\n<p>Tko je \u017eelio slaviti Bo\u017ei\u0107, slavio ga je. Uvijek smo kupovali svje\u017ei bor i na Badnji dan ga ukra\u0161avali. Mi djeca smo s ocem krojili zvijezde na kartonu i lijepili folije raznih boja od bonbona iz Kra\u0161a. Kuglice su bile sve od stakla tako da se je svake godine poneka razbila. Na bor smo stavljali metalne \u0161tipaljke u koje bi stavili svje\u0107ice od voska. Kad bi upalili svje\u0107ice,\u00a0 pazili smo zbog opasnosti od po\u017eara. Od ukrasnog papira smo pravili vjen\u010di\u0107e za bor. Betlehem se radio kao i danas. Badnja ve\u010der pro\u0161la bi nam u dru\u017eenju, igranju tombole, veselju i na kraju odlasku na pono\u0107ku. Koja je to bila milina po\u0107i na misu u pono\u0107, pjevati bo\u017ei\u0107ne pjesme i radovati se. Bo\u017ei\u0107no jutro bilo je posebno, dakako za nas djecu, jer ono je donosilo radost, ali i darove od Isusa.<\/p>\n<p><\/div><div id=\"zeleno\"><\/p>\n<h3>Slavica, Zagreb<\/h3>\n<p>Na Badnjak i Bo\u017ei\u0107 obavezno sam &#8220;zaboravila&#8221; u\u010denicima zadati zada\u0107u. Ako me netko ve\u0107 na izlazu podsjetio, po\u017eurivala sam ih govore\u0107i da se ne \u0107emo zbog toga vra\u0107ati u razred.<\/p>\n<p><\/div><div id=\"zeleno\"><\/p>\n<h3>Ana, Dubrovnik<\/h3>\n<p>Slavili ga jednako kao danas u krugu obitelji, uz bor, pono\u0107ku i petarde. Ni\u0161ta nije bilo druga\u010dije.<\/p>\n<p><\/div><div id=\"zeleno\"><\/p>\n<h3>Janez, Slovenija<\/h3>\n<p>Ja sam ga slavio uvijek. I u na\u0161em selu i \u0161ire. La\u017eu svi koji ka\u017eu da ga nisu smjeli. Istina je da nisu htjeli. Bili su u Partiji zbog osobne koristi. Sad ve\u0107 25 godina govore kako su demokrati. Barem je tako kod nas u Sloveniji.<\/p>\n<p><\/div><\/p>\n<div id=\"attachment_8824\" style=\"width: 750px\" class=\"wp-caption aligncenter\"><img loading=\"lazy\" decoding=\"async\" aria-describedby=\"caption-attachment-8824\" class=\"size-full wp-image-8824\" src=\"http:\/\/www.mojevrijeme.hr\/magazin\/wp-content\/uploads\/2016\/12\/bozicna-cestitka.jpg\" alt=\"Kako se nekad slavio Bo\u017ei\u0107?\" width=\"740\" height=\"410\" srcset=\"https:\/\/www.mojevrijeme.hr\/magazin\/wp-content\/uploads\/2016\/12\/bozicna-cestitka.jpg 740w, https:\/\/www.mojevrijeme.hr\/magazin\/wp-content\/uploads\/2016\/12\/bozicna-cestitka-636x352.jpg 636w\" sizes=\"auto, (max-width: 740px) 100vw, 740px\" \/><p id=\"caption-attachment-8824\" class=\"wp-caption-text\">\u010cestitka iz osamdesetih<\/p><\/div>\n<div id=\"zeleno\">\n<h3>Boro, Zagreb<\/h3>\n<p>Slavili smo Bo\u017ei\u0107 u dru\u0161tvu milicije i \u0161pijuna.\u00a0 Jednom sam zavr\u0161io u pritvoru sa svojim dru\u0161tvom na \u010detiri dana i to zbog pjevanja bo\u017ei\u0107nih pjesama na prostoru ispred crkve.<\/p>\n<p><\/div><div id=\"zeleno\"><\/p>\n<h3>Josip, Karlovac<\/h3>\n<p>Sje\u0107am se da smo na Bo\u017ei\u0107 bili u \u0161koli. Titova slika na zidu i tambure. A poslije \u0161kole smo pucali \u201ena kantice od farbe i karabit\u201c.<\/p>\n<p><\/div><div id=\"zeleno\"><\/p>\n<h3>Marica, Glina<\/h3>\n<p>Svi smo slavili i Bo\u017ei\u0107e i sve blagdane. Na poslu je svatko ne\u0161to donio i eto gozbe bez obzira koje vjere bili. Sada dupelisci la\u017eu da bi se popeli na ljestvici i bili netko. Valjda bog vidi i snuje. Nismo se dijelili ni po naciji ni po strankama, a sad nam sve i svi smetaju. Kakvi smo to postali ljudi?<\/p>\n<p><\/div><div id=\"zeleno\"><\/p>\n<h3>Zoran, \u0110akovo<\/h3>\n<p>Kupili smo bor na tr\u017enici, pje\u0161ke ga donijeli ku\u0107i u Novi centar, postavili ga pred vrata od balkona, okitili kuglicama, prskalicama i salon bombonima. Na gramofonu smo pustili \u201eRadujte se narodi\u201c i svi zajedno otpjevali. Baka je pjevala u crkvi i i\u0161la redovito na misu. I nikada zbog toga nije milicija ili centralni komitet do\u0161ao kod nas u ku\u0107u i naredio da sru\u0161imo bor i za\u010depimo gubicu.<\/p>\n<p><\/div><div id=\"zeleno\"><\/p>\n<h3>Vesna, Zagreb<\/h3>\n<p>Itekako smo ga slavili, nikad to nisam ni krila. \u0160to je najva\u017enije, ujutro kad sam do\u0161la na posao prva mi je Bo\u017ei\u0107 \u010destitala sekretarica Komunisti\u010dke partije! Tada sam vi\u0161e imala osje\u0107aj da je Bo\u017ei\u0107 nego danas!<\/p>\n<p><\/div><div id=\"zeleno\"><\/p>\n<h3>Pi\u0161ta, Orehovica<\/h3>\n<p>Bo\u017ei\u0107 je tako sna\u017ean i upe\u010datljiv blagdan. Slavio se uvijek, pod bilo kojom vla\u0161\u0107u. Direktne zabrane ili intervencije zbog slavlja nikad nije bilo. Jo\u0161 su i milicioneri znali cugnuti s nama.<\/p>\n<p><\/div><div id=\"zeleno\"><\/p>\n<h3>Radovan, Subotica<\/h3>\n<p>Naravno da se slavilo. Jedino, komunisti nisu smjeli u crkvu, ali svatko je prema svom vjerovanju slavio. Mi smo i\u0161li djedu na selo. On je u sobu unosio slamu, bacao po njoj nov\u010di\u0107e i orahe. Pjevali smo bo\u017ei\u0107ne pjesmice. U Banatu se to ka\u017ee \u201ekorin\u0111ali\u201c. I svi su bili veseli. Tko ka\u017ee da se nije slavilo, taj ne govori istinu.<\/p>\n<p><\/div><\/p>\n<div id=\"attachment_8825\" style=\"width: 750px\" class=\"wp-caption aligncenter\"><img loading=\"lazy\" decoding=\"async\" aria-describedby=\"caption-attachment-8825\" class=\"size-full wp-image-8825\" src=\"http:\/\/www.mojevrijeme.hr\/magazin\/wp-content\/uploads\/2016\/12\/bozicna-cestitka2.jpg\" alt=\"Najbolje bo\u017ei\u0107ne pri\u010de\" width=\"740\" height=\"410\" srcset=\"https:\/\/www.mojevrijeme.hr\/magazin\/wp-content\/uploads\/2016\/12\/bozicna-cestitka2.jpg 740w, https:\/\/www.mojevrijeme.hr\/magazin\/wp-content\/uploads\/2016\/12\/bozicna-cestitka2-636x352.jpg 636w, https:\/\/www.mojevrijeme.hr\/magazin\/wp-content\/uploads\/2016\/12\/bozicna-cestitka2-150x83.jpg 150w\" sizes=\"auto, (max-width: 740px) 100vw, 740px\" \/><p id=\"caption-attachment-8825\" class=\"wp-caption-text\">\u010cestitka iz osamdesetih<\/p><\/div>\n<div id=\"zeleno\">\n<h3>Melita, Hrvatska<\/h3>\n<p>Odrasla sam u ateisti\u010dkoj obitelji, ali kitili smo bor, imali smo bo\u017ei\u0107nu puricu i dobila sam \u010dokoladu pod bor. \u00a0Nismo i\u0161li u crkvu, ali ba\u0161 mi je bilo lijepo. Jo\u0161 i danas se sje\u0107am mirisa finih kola\u010da koji se je \u0161irio na\u0161im skromnim domom. I ljubavi koju su mi pru\u017eali djed i baka.<\/p>\n<p><\/div><div id=\"zeleno\"><\/p>\n<h3>Jasna, Zagreb<\/h3>\n<p>Mi smo ga slavili uvijek i imali bor do stropa. Pekli su se kola\u010di i i\u0161li smo na polno\u0107ku. Jedino tada se nisu pod bor dijelili mobiteli i skupe stvari kao kod mnogih danas.<\/p>\n<p><\/div><div id=\"zeleno\"><\/p>\n<h3>Lavoslav, Zagreb<\/h3>\n<p>Nego \u0161to! Slavilo se vi\u0161e nego danas. Do\u0161li bi na posao i napravili bi do 11 sati ono \u0161to nije moglo stajati do sutra. Onda bi se svi zajedno, i Hrvati i Srbi, preselili u menzu i slavili. Kolege bi zasvirali, zaplesalo se, a onda bi se u 2 i\u0161lo doma slaviti s obitelji. Krasno je bilo! U poduze\u0107u se slavilo kao za 8. mart.<\/p>\n<p><\/div><div id=\"zeleno\"><\/p>\n<h3>Vlastica, Hrvatska<\/h3>\n<p>U na\u0161oj obitelji smo obilje\u017eavali Bo\u017ei\u0107, ali nismo i\u0161li u crkvu. Mama je radila u \u0161koli, tata je bio direktor u jednoj tvornici. Sje\u0107am se da sam se u \u0161koli pohvalila da smo okitili bor na Badnjak, a u\u010diteljica je odmah po\u017eurila upozoriti mamu da se &#8220;s tim&#8221; ne hvalim po \u0161koli. Ni\u0161ta mi nije bilo jasno i sje\u0107am se da sam bila tu\u017ena.<\/p>\n<p><\/div><\/p>\n<p>&nbsp;<\/p>\n<div id=\"mojev-3955876290\" class=\"mojev-kraj-teksta mojev-entity-placement\" style=\"margin-bottom: 20px;margin-left: auto;margin-right: auto;text-align: center;\"><div class=\"mojev-adlabel\">oglas<\/div><div style=\"height: 250px;\"><script async src=\"https:\/\/pagead2.googlesyndication.com\/pagead\/js\/adsbygoogle.js?client=ca-pub-8106111766207173\"\r\n     crossorigin=\"anonymous\"><\/script>\r\n<!-- Display-1 -->\r\n<ins class=\"adsbygoogle\"\r\n     style=\"display:block\"\r\n     data-ad-client=\"ca-pub-8106111766207173\"\r\n     data-ad-slot=\"1465712950\"\r\n     data-ad-format=\"auto\"\r\n     data-full-width-responsive=\"true\"><\/ins>\r\n<script>\r\n     (adsbygoogle = window.adsbygoogle || []).push({});\r\n<\/script><\/div><\/div>","protected":false},"excerpt":{"rendered":"<p>Tko je \u017eelio slaviti Bo\u017ei\u0107, slavio ga je. Uvijek smo kupovali svje\u017ei bor i na Badnji dan ga ukra\u0161avali. Mi djeca smo s ocem krojili zvijezde na kartonu i lijepili folije raznih boja od bonbona iz Kra\u0161a. Kuglice su bile sve od stakla tako da se je svake godine poneka razbila.<\/p>\n","protected":false},"author":1,"featured_media":8826,"comment_status":"closed","ping_status":"open","sticky":false,"template":"","format":"standard","meta":{"footnotes":""},"categories":[2],"tags":[385],"class_list":["post-8816","post","type-post","status-publish","format-standard","has-post-thumbnail","hentry","category-mozaik","tag-bozic"],"_links":{"self":[{"href":"https:\/\/www.mojevrijeme.hr\/magazin\/wp-json\/wp\/v2\/posts\/8816","targetHints":{"allow":["GET"]}}],"collection":[{"href":"https:\/\/www.mojevrijeme.hr\/magazin\/wp-json\/wp\/v2\/posts"}],"about":[{"href":"https:\/\/www.mojevrijeme.hr\/magazin\/wp-json\/wp\/v2\/types\/post"}],"author":[{"embeddable":true,"href":"https:\/\/www.mojevrijeme.hr\/magazin\/wp-json\/wp\/v2\/users\/1"}],"replies":[{"embeddable":true,"href":"https:\/\/www.mojevrijeme.hr\/magazin\/wp-json\/wp\/v2\/comments?post=8816"}],"version-history":[{"count":0,"href":"https:\/\/www.mojevrijeme.hr\/magazin\/wp-json\/wp\/v2\/posts\/8816\/revisions"}],"wp:featuredmedia":[{"embeddable":true,"href":"https:\/\/www.mojevrijeme.hr\/magazin\/wp-json\/wp\/v2\/media\/8826"}],"wp:attachment":[{"href":"https:\/\/www.mojevrijeme.hr\/magazin\/wp-json\/wp\/v2\/media?parent=8816"}],"wp:term":[{"taxonomy":"category","embeddable":true,"href":"https:\/\/www.mojevrijeme.hr\/magazin\/wp-json\/wp\/v2\/categories?post=8816"},{"taxonomy":"post_tag","embeddable":true,"href":"https:\/\/www.mojevrijeme.hr\/magazin\/wp-json\/wp\/v2\/tags?post=8816"}],"curies":[{"name":"wp","href":"https:\/\/api.w.org\/{rel}","templated":true}]}}