{"id":88333,"date":"2023-10-19T08:55:16","date_gmt":"2023-10-19T06:55:16","guid":{"rendered":"https:\/\/www.mojevrijeme.hr\/magazin\/?p=88333"},"modified":"2023-10-19T09:32:32","modified_gmt":"2023-10-19T07:32:32","slug":"anto-64-zbog-svicarca-smo-u-mirovini-zivjeli-u-teskom-duznickom-ropstvu","status":"publish","type":"post","link":"https:\/\/www.mojevrijeme.hr\/magazin\/2023\/10\/anto-64-zbog-svicarca-smo-u-mirovini-zivjeli-u-teskom-duznickom-ropstvu\/","title":{"rendered":"Anto (64):  &#8216;Zbog \u0161vicarca smo u mirovini \u017eivjeli u te\u0161kom du\u017eni\u010dkom ropstvu&#8217;"},"content":{"rendered":"\n<p><strong>Gospodin Anto (64) <\/strong>umirovio se zbog bolesti s 51 godinom \u017eivota te nam je povjerio kako je obitelj, zbog niza okolnosti, mizerna primanja pretakala iz \u0161upljeg u prazno. &#8220;Imam 64 godine, a u invalidsku mirovinu oti\u0161ao sam prije 13 godina. Dragovoljac sam Domovinskog rata i ve\u0107 se 25 godina, a vjerojatno i du\u017ee, borim se s dijabetesom&#8221;, otkriva nam.<\/p>\n\n\n\n<p>Zatim nam je povjerio da je otac \u010detvero djece. &#8220;Nikad nisam mislio na sebe, ve\u0107 sam se uvijek borio da djeci pru\u017eim \u0161kolovanje. Imam k\u0107i s posebnim potrebama koja sada ima 24 godine. Supruga je radila do njezinog ro\u0111enja 1999. godine. Danas ona ima 61 godinu te 20 godina radnog sta\u017ea. Ona je, kao majka koja je \u010detvrto dijete rodila bolesno, na porodiljnom trebala biti do sedme godine starosti bolesne k\u0107eri, no dobila je otkaz kad je malena imala tri godine&#8221;, doznajemo.<\/p>\n\n\n\n<h3 class=\"wp-block-heading\">\u0160estero ih je spavalo u jednoj sobi<\/h3>\n\n\n\n<p>Tada su suprugu, opisuje, poslali na Zavod za zapo\u0161ljavanje gdje su joj odobrili primanje naknade godinu dana. &#8220;Nakon toga dijete je i dalje trebalo njegu i nije bila u mogu\u0107nosti raditi. U svoj toj stisci ja sam 2007. godine podigao kredit u \u0161vicarcima, ukupno 40.900 franaka, odnosno tada oko 160 tisu\u0107a kuna, a sve kako bi dovr\u0161io obiteljsku ku\u0107u jer smo svi spavali u jednoj sobi, te smo bili bez kupatila i grijanja&#8221;, povjerava nam.<\/p><div id=\"mojev-1962068511\" class=\"mojev-u-tekstu mojev-entity-placement\" style=\"margin-left: auto;margin-right: auto;text-align: center;\"><div class=\"mojev-adlabel\">oglas<\/div><div style=\"height: 250px;\"><script async src=\"https:\/\/pagead2.googlesyndication.com\/pagead\/js\/adsbygoogle.js?client=ca-pub-8106111766207173\"\r\n     crossorigin=\"anonymous\"><\/script>\r\n<!-- Prikazni 1 u tekstu -->\r\n<ins class=\"adsbygoogle\"\r\n     style=\"display:block\"\r\n     data-ad-client=\"ca-pub-8106111766207173\"\r\n     data-ad-slot=\"8535551207\"\r\n     data-ad-format=\"auto\"\r\n     data-full-width-responsive=\"true\"><\/ins>\r\n<script>\r\n     (adsbygoogle = window.adsbygoogle || []).push({});\r\n<\/script><\/div><\/div><br style=\"clear: both; display: block; float: none;\"\/>\n\n\n\n<p>No, onda mu se dogodilo \u0161to i mnogima koji su vjerovali kreditu u \u0161vicarskim francima. &#8220;Kad mi je porasla rata kredita, punih sam 15 godina bio u te\u0161kom du\u017eni\u010dkom ropstvu. Moja mirovina iznosi 383 eura, za prepla\u0107en kredit nema obe\u0161te\u0107enja, da ne ka\u017eem da su mnogi ostali i bez ku\u0107e i bez druge imovine. Jesu li toliki moji suborci izginuli za ovakvu dr\u017eavu, u kojoj nismo svi jednaki pred zakonom?&#8221;, pi\u0161e nam umirovljenik Anto.<\/p>\n\n\n\n<div id=\"crveno\"><\/p>\n\n\n\n<h3 class=\"wp-block-heading\">Zanima nas va\u0161a pri\u010da<\/h3>\n\n\n\n<p>\u017delite li i vi, posve anonimno, podijeliti svoje iskustvo i vi\u0111enje ove teme s nama i na\u0161im \u010ditateljima, mo\u017eete to u\u010diniti putem web obrasca <a rel=\"noreferrer noopener\" href=\"https:\/\/www.mojevrijeme.hr\/magazin\/povjerljivo\/\" target=\"_blank\">Povjerljivo<\/a>. Napi\u0161ite svoju pri\u010du!<\/p>\n\n\n\n<p><\/div>\n<div id=\"mojev-333385570\" class=\"mojev-kraj-teksta mojev-entity-placement\" style=\"margin-bottom: 20px;margin-left: auto;margin-right: auto;text-align: center;\"><div class=\"mojev-adlabel\">oglas<\/div><div style=\"height: 250px;\"><script async src=\"https:\/\/pagead2.googlesyndication.com\/pagead\/js\/adsbygoogle.js?client=ca-pub-8106111766207173\"\r\n     crossorigin=\"anonymous\"><\/script>\r\n<!-- Display-1 -->\r\n<ins class=\"adsbygoogle\"\r\n     style=\"display:block\"\r\n     data-ad-client=\"ca-pub-8106111766207173\"\r\n     data-ad-slot=\"1465712950\"\r\n     data-ad-format=\"auto\"\r\n     data-full-width-responsive=\"true\"><\/ins>\r\n<script>\r\n     (adsbygoogle = window.adsbygoogle || []).push({});\r\n<\/script><\/div><\/div>","protected":false},"excerpt":{"rendered":"<p>Nepovoljan sklop okolnosti pratio je gospodina Antu i njegovu obitelj. Njegova supruga dobila je otkaz dok je koristila pravo na sedam godina njege k\u0107eri s posebnim potrebama, a on je podigao kredit u nesretnim \u0161vicarcima. Rastu\u0107e rate kredita odvele su ih u du\u017eni\u010dko ropstvo, od\u0161tete nema, a gospodin Anto, hrvatski branitelj, osje\u0107a se da nisu svi u Lijepoj Na\u0161oj jednaki pred zakonom.<\/p>\n","protected":false},"author":17,"featured_media":88519,"comment_status":"closed","ping_status":"closed","sticky":false,"template":"","format":"standard","meta":{"footnotes":""},"categories":[3552],"tags":[1111,627,1112,2543],"class_list":["post-88333","post","type-post","status-publish","format-standard","has-post-thumbnail","hentry","category-povjerljivo","tag-blokirani","tag-branitelji","tag-ovrhe","tag-svicarski-franci"],"_links":{"self":[{"href":"https:\/\/www.mojevrijeme.hr\/magazin\/wp-json\/wp\/v2\/posts\/88333","targetHints":{"allow":["GET"]}}],"collection":[{"href":"https:\/\/www.mojevrijeme.hr\/magazin\/wp-json\/wp\/v2\/posts"}],"about":[{"href":"https:\/\/www.mojevrijeme.hr\/magazin\/wp-json\/wp\/v2\/types\/post"}],"author":[{"embeddable":true,"href":"https:\/\/www.mojevrijeme.hr\/magazin\/wp-json\/wp\/v2\/users\/17"}],"replies":[{"embeddable":true,"href":"https:\/\/www.mojevrijeme.hr\/magazin\/wp-json\/wp\/v2\/comments?post=88333"}],"version-history":[{"count":0,"href":"https:\/\/www.mojevrijeme.hr\/magazin\/wp-json\/wp\/v2\/posts\/88333\/revisions"}],"wp:featuredmedia":[{"embeddable":true,"href":"https:\/\/www.mojevrijeme.hr\/magazin\/wp-json\/wp\/v2\/media\/88519"}],"wp:attachment":[{"href":"https:\/\/www.mojevrijeme.hr\/magazin\/wp-json\/wp\/v2\/media?parent=88333"}],"wp:term":[{"taxonomy":"category","embeddable":true,"href":"https:\/\/www.mojevrijeme.hr\/magazin\/wp-json\/wp\/v2\/categories?post=88333"},{"taxonomy":"post_tag","embeddable":true,"href":"https:\/\/www.mojevrijeme.hr\/magazin\/wp-json\/wp\/v2\/tags?post=88333"}],"curies":[{"name":"wp","href":"https:\/\/api.w.org\/{rel}","templated":true}]}}