{"id":88345,"date":"2023-10-17T15:39:19","date_gmt":"2023-10-17T13:39:19","guid":{"rendered":"https:\/\/www.mojevrijeme.hr\/magazin\/?p=88345"},"modified":"2024-07-11T09:44:05","modified_gmt":"2024-07-11T07:44:05","slug":"udovica-zdenka-71-samoj-mi-je-bolje-nego-sto-sam-ikad-mislila-da-ce-mi-biti","status":"publish","type":"post","link":"https:\/\/www.mojevrijeme.hr\/magazin\/2023\/10\/udovica-zdenka-71-samoj-mi-je-bolje-nego-sto-sam-ikad-mislila-da-ce-mi-biti\/","title":{"rendered":"Udovica Zdenka (71): &#8216;Samoj mi je bolje nego \u0161to sam ikad mislila da \u0107e mi biti&#8217;"},"content":{"rendered":"\n<p><strong>Gospo\u0111a Ranka <\/strong>nam pi\u0161e da je ona nakon suprugove smrti bila potpuno neutje\u0161na i nikad se do kraja nije oporavila. <\/p>\n\n\n\n<p>&#8220;Suprug i ja proveli smo u braku 36 godina, a na\u0161 odnos bio je pun ljubavi i razumijevanja. No, nije potrajalo. Tek nakon \u0161to sam oti\u0161la u mirovinu, ve\u0107 sa 56 godina \u017eivota, on je iznenada preminuo&#8221;, pi\u0161e nam na\u0161a \u010ditateljica. \u00a0<\/p>\n\n\n\n<p>Kako obja\u0161njava, njezin je suprug tog kobnog jutra oti\u0161ao na posao, i nikad se nije vratio ku\u0107i. &#8220;Pao i je u nesvijest i ostao tako nepomi\u010dno le\u017eati 15 minuta. I gotovo. Do\u017eivjela sam \u0161ok od kojeg se ni danas, nakon \u0161to je pro\u0161lo deset godina, nisam oporavila. Tuga, \u017ealost, bez nade u daljnji \u017eivot, progonili su me punih pet godina. Ni dan danas nisam do kraja stala \u010dvrsto na svoje noge. Ni nakon desetlje\u0107a, ja jo\u0161 nisam ona koja sam prije bila&#8221;, otkrila nam je gospo\u0111a Ranka koja se \u010dudi rezultatima istra\u017eivanja po kojem se mnoge udovice i udovci oporave nakon \u0161est mjeseci od smrti supru\u017enika.&nbsp;<\/p><div id=\"mojev-4262413591\" class=\"mojev-u-tekstu mojev-entity-placement\" style=\"margin-left: auto;margin-right: auto;text-align: center;\"><div class=\"mojev-adlabel\">oglas<\/div><div style=\"height: 250px;\"><script async src=\"https:\/\/pagead2.googlesyndication.com\/pagead\/js\/adsbygoogle.js?client=ca-pub-8106111766207173\"\r\n     crossorigin=\"anonymous\"><\/script>\r\n<!-- Prikazni 1 u tekstu -->\r\n<ins class=\"adsbygoogle\"\r\n     style=\"display:block\"\r\n     data-ad-client=\"ca-pub-8106111766207173\"\r\n     data-ad-slot=\"8535551207\"\r\n     data-ad-format=\"auto\"\r\n     data-full-width-responsive=\"true\"><\/ins>\r\n<script>\r\n     (adsbygoogle = window.adsbygoogle || []).push({});\r\n<\/script><\/div><\/div><br style=\"clear: both; display: block; float: none;\"\/>\n\n\n\n<h3 class=\"wp-block-heading\">Mirka: &#8220;Pomogao mi je novi partner&#8221;<\/h3>\n\n\n\n<p>U pedesetima je udovica ostala i na\u0161a <strong>\u010ditateljica Mirka<\/strong>, koja je tugovala godinama, no onda je prihvatila novog \u010dovjeka u svoj \u017eivot.<\/p>\n\n\n\n<p>&#8220;Uspomenu na supruga nitko mi ne oduzima, niti mi mo\u017ee oduzeti. Imam lijep odnos novim partnerom kojeg sam upoznala preko prijateljice kad mi je bilo 68 godina. Sada imam 77, a on 80. K\u0107i mi je to zamjerila, no to je njezin problem. Ja s ovim partnerom razgovaram otvoreno o svom pro\u0161lom braku, a on mo\u017ee govoriti o svom, iako njegov nije bio lijep pa se razveo. Njemu u mojoj ku\u0107i ne smetaju fotografije mog supruga, niti bih ih sklonila. Mo\u017eda to nije u redu prema njemu, ali to je bio moj uvjet. Pro\u0161li se \u017eivot ne mo\u017ee izbrisati gumicom&#8221;, pi\u0161e nam gospo\u0111a Mirka. &nbsp;<\/p>\n\n\n\n<h3 class=\"wp-block-heading\">&#8216;Bolje mi je nego \u0161to sam mislila&#8217;&nbsp;<\/h3>\n\n\n\n<p>Povjerila nam se i <strong>gospo\u0111a Zdenka<\/strong> (77). &#8220;Udovica sam skoro 15 godina i uglavnom u\u017eivam \u017eivjeti sama. Imala sam 34 godine braka i jedno dijete, k\u0107er, koja je oti\u0161la \u017eivjeti u Irsku. Ja sam s mojim mu\u017eem \u017eivjela otkako sam zavr\u0161ila srednju \u0161kolu &#8211; ravno iz roditeljskog doma oboje smo preselili u na\u0161 stan\u010di\u0107. Kad je umro, bila sam po prvi put u \u017eivotu posve sama.&#8221;<\/p>\n\n\n\n<p>&#8220;Jesam ja odr\u017eavala veze s ljudima, ali nave\u010der se opet vratite u svoj prazan stan. Sada, dok se oporavljam od operacije \u0161titnja\u010de, zatvorena sam u ku\u0107i i vrijeme provodim \u010ditaju\u0107i, pi\u0161u\u0107i, rje\u0161avam kri\u017ealjke te obavljam ku\u0107ne poslove koje mogu. Volim si pu\u0161tati i glazbu, a \u010desto me nazovu k\u0107i i obje sestre. Po\u010dela sam shva\u0107ati da u\u017eivam u ovom miru i samo\u0107i&#8221;, priznaje nam.&nbsp;<\/p>\n\n\n\n<p>Ono \u0161to vidi kao pozitivno u svom sama\u010dkom \u017eivotu, su, dodaje, sloboda i privatnost. &#8220;Zapravo, mnogo mi je bolje samoj nego \u0161to sam ikad mislila da \u0107e mi biti&#8221;, povjerila nam je na\u0161a \u010ditateljica Zdenka.<\/p>\n\n\n\n<div id=\"crveno\"><\/p>\n\n\n\n<h3 class=\"wp-block-heading\">Zanima nas va\u0161a pri\u010da<\/h3>\n\n\n\n<p>\u017delite li i vi, posve anonimno, podijeliti svoje iskustvo i vi\u0111enje ove teme s nama i na\u0161im \u010ditateljima, mo\u017eete to u\u010diniti putem web obrasca <a rel=\"noreferrer noopener\" href=\"https:\/\/www.mojevrijeme.hr\/magazin\/povjerljivo\/\" target=\"_blank\">Povjerljivo<\/a>. Napi\u0161ite svoju pri\u010du!<\/p>\n\n\n\n<p><\/div>\n<div id=\"mojev-2679959139\" class=\"mojev-kraj-teksta mojev-entity-placement\" style=\"margin-bottom: 20px;margin-left: auto;margin-right: auto;text-align: center;\"><div class=\"mojev-adlabel\">oglas<\/div><div style=\"height: 250px;\"><script async src=\"https:\/\/pagead2.googlesyndication.com\/pagead\/js\/adsbygoogle.js?client=ca-pub-8106111766207173\"\r\n     crossorigin=\"anonymous\"><\/script>\r\n<!-- Display-1 -->\r\n<ins class=\"adsbygoogle\"\r\n     style=\"display:block\"\r\n     data-ad-client=\"ca-pub-8106111766207173\"\r\n     data-ad-slot=\"1465712950\"\r\n     data-ad-format=\"auto\"\r\n     data-full-width-responsive=\"true\"><\/ins>\r\n<script>\r\n     (adsbygoogle = window.adsbygoogle || []).push({});\r\n<\/script><\/div><\/div>","protected":false},"excerpt":{"rendered":"<p>Nakon \u0161to smo objavili rezultate istra\u017eivanja prema kojem samo \u0161est mjeseci nakon smrti partnera gotovo polovica starijih ljudi ima malo simptoma tuge, pisali su nam mnogi \u010ditatelji otkrivaju\u0107i kako su se oni osje\u0107ali kad ih je sna\u0161lo udovi\u0161tvo.<\/p>\n","protected":false},"author":17,"featured_media":88376,"comment_status":"closed","ping_status":"closed","sticky":false,"template":"","format":"standard","meta":{"footnotes":""},"categories":[3552],"tags":[800,3312],"class_list":["post-88345","post","type-post","status-publish","format-standard","has-post-thumbnail","hentry","category-povjerljivo","tag-udovice","tag-udovistvo"],"_links":{"self":[{"href":"https:\/\/www.mojevrijeme.hr\/magazin\/wp-json\/wp\/v2\/posts\/88345","targetHints":{"allow":["GET"]}}],"collection":[{"href":"https:\/\/www.mojevrijeme.hr\/magazin\/wp-json\/wp\/v2\/posts"}],"about":[{"href":"https:\/\/www.mojevrijeme.hr\/magazin\/wp-json\/wp\/v2\/types\/post"}],"author":[{"embeddable":true,"href":"https:\/\/www.mojevrijeme.hr\/magazin\/wp-json\/wp\/v2\/users\/17"}],"replies":[{"embeddable":true,"href":"https:\/\/www.mojevrijeme.hr\/magazin\/wp-json\/wp\/v2\/comments?post=88345"}],"version-history":[{"count":0,"href":"https:\/\/www.mojevrijeme.hr\/magazin\/wp-json\/wp\/v2\/posts\/88345\/revisions"}],"wp:featuredmedia":[{"embeddable":true,"href":"https:\/\/www.mojevrijeme.hr\/magazin\/wp-json\/wp\/v2\/media\/88376"}],"wp:attachment":[{"href":"https:\/\/www.mojevrijeme.hr\/magazin\/wp-json\/wp\/v2\/media?parent=88345"}],"wp:term":[{"taxonomy":"category","embeddable":true,"href":"https:\/\/www.mojevrijeme.hr\/magazin\/wp-json\/wp\/v2\/categories?post=88345"},{"taxonomy":"post_tag","embeddable":true,"href":"https:\/\/www.mojevrijeme.hr\/magazin\/wp-json\/wp\/v2\/tags?post=88345"}],"curies":[{"name":"wp","href":"https:\/\/api.w.org\/{rel}","templated":true}]}}