{"id":8845,"date":"2016-12-31T12:28:36","date_gmt":"2016-12-31T11:28:36","guid":{"rendered":"http:\/\/www.mojevrijeme.hr\/magazin\/?p=8845"},"modified":"2016-12-31T12:30:51","modified_gmt":"2016-12-31T11:30:51","slug":"za-sve-lose-u-2016-krivi-su-novinari","status":"publish","type":"post","link":"https:\/\/www.mojevrijeme.hr\/magazin\/2016\/12\/za-sve-lose-u-2016-krivi-su-novinari\/","title":{"rendered":"Za sve lo\u0161e u 2016. krivi su &#8211; novinari!"},"content":{"rendered":"<p>Malo je koja bila toliko \u201erodna\u201c za novinare, kao 2016. godina. Ore\u0161kovi\u0107eva vlada i nebrojeni skandali koji su se doga\u0111ali u njenih devet mjeseci bili su rudnik iz kojeg se \u201enovinarsko zlato\u201c vadilo bez napora, pi\u0161e za <a href=\"http:\/\/www.dw.com\/hr\/i-u-2016-godini-novinari-su-bili-krivi-za-sve\/a-36952394\" target=\"_blank\">Deutsche Welle<\/a>\u00a0<strong>Sini\u0161a Bogdani\u0107<\/strong>.<\/p>\n<p>Od premijera koji smije\u0161no lo\u0161e govori jezik zemlje kojom vlada, preko <em>pro life<\/em> akcija u organizaciji neokonzervativaca, raspada unutar Banskih dvora, poku\u0161aja poskupljenja zdravstva do pozitivnih ekonomskih pokazatelja u bezvla\u0111u &#8211;\u00a0 trebalo je samo zagrabiti i objaviti.<\/p>\n<p>Od benignog \u201eostati mirni i vladaju na\u201c, kako je uz pomo\u0107 Googlea biv\u0161i premijer preveo <em>\u201estay calm and govern on\u201c<\/em>, preko nepristojnog \u201epredsjednica je \u0161aka jada\u201c iz usta \u0161efa oporbe Zorana Milanovi\u0107a, do zabrinjavaju\u0107eg \u201ekako jeftino prodati Inu Ma\u0111arima pa skupo renacionalizirati\u00a0 zastarjelu tehnologiju\u201c. Gotovo sve \u0161to su napravili i izrekli hrvatski politi\u010dari postala je instant novinarska roba.<\/p><div id=\"mojev-2742529133\" class=\"mojev-u-tekstu mojev-entity-placement\" style=\"margin-left: auto;margin-right: auto;text-align: center;\"><div class=\"mojev-adlabel\">oglas<\/div><div style=\"height: 250px;\"><script async src=\"https:\/\/pagead2.googlesyndication.com\/pagead\/js\/adsbygoogle.js?client=ca-pub-8106111766207173\"\r\n     crossorigin=\"anonymous\"><\/script>\r\n<!-- Prikazni 1 u tekstu -->\r\n<ins class=\"adsbygoogle\"\r\n     style=\"display:block\"\r\n     data-ad-client=\"ca-pub-8106111766207173\"\r\n     data-ad-slot=\"8535551207\"\r\n     data-ad-format=\"auto\"\r\n     data-full-width-responsive=\"true\"><\/ins>\r\n<script>\r\n     (adsbygoogle = window.adsbygoogle || []).push({});\r\n<\/script><\/div><\/div><br style=\"clear: both; display: block; float: none;\"\/>\n<p>Neimenovani visoki izvori iz stranaka, jo\u0161 vi\u0161i, ali jednako anonimni, sugovornici iz Vlade i proteklu su godinu iznosili informacije i pu\u0161tali probne balone. Izgovaralo se pa demantiralo, optu\u017eivalo novinare za manipulacije i va\u0111enje iz konteksta. Ono \u0161to je izdignuto na jednu sasvim novu razinu za vrijeme sastavljanja vlade Tihomira Ore\u0161kovi\u0107a \u2013 cjelodnevno de\u017euranje na plo\u010dniku pred strana\u010dkim centralama &#8211; nastavljeno je. Pa je i novi premijer Andrej Plenkovi\u0107 skloniji svakodnevnom kratkom davanju izjava \u201es nogu\u201c nego \u201ejedan na jedan\u201c razgovoru, ako isti ne mo\u017ee kontrolirati.<\/p>\n<div id=\"attachment_7060\" style=\"width: 750px\" class=\"wp-caption aligncenter\"><img loading=\"lazy\" decoding=\"async\" aria-describedby=\"caption-attachment-7060\" class=\"size-full wp-image-7060\" src=\"http:\/\/www.mojevrijeme.hr\/magazin\/wp-content\/uploads\/2016\/04\/vlada-republike-hrvatske.jpg\" alt=\"\u0160to \u0107e se dogoditi sa zdravstvom? Reforma zadravstva\" width=\"740\" height=\"410\" srcset=\"https:\/\/www.mojevrijeme.hr\/magazin\/wp-content\/uploads\/2016\/04\/vlada-republike-hrvatske.jpg 740w, https:\/\/www.mojevrijeme.hr\/magazin\/wp-content\/uploads\/2016\/04\/vlada-republike-hrvatske-636x352.jpg 636w, https:\/\/www.mojevrijeme.hr\/magazin\/wp-content\/uploads\/2016\/04\/vlada-republike-hrvatske-150x83.jpg 150w\" sizes=\"auto, (max-width: 740px) 100vw, 740px\" \/><p id=\"caption-attachment-7060\" class=\"wp-caption-text\">Vlada RH (foto: Facebook Vlada RH)<\/p><\/div>\n<h3>Politi\u010dari izbjegavaju vru\u0107e teme<\/h3>\n<p>Vrh piramide vlasti birao je kome \u0107e darovati svoje vrijeme. Predsjednica Grabar-Kitarovi\u0107 nije bila raspolo\u017eena za razgovor o jednoj od lo\u0161ijih epizoda u odnosima Zagreba i Beograda. Kratkotrajni ministar vanjskih poslova Miro Kova\u010d nije na\u0161ao vremena za istu tu temu. Pa nam i njegov nasljednik Ivo Davor Stier poru\u010duje da nije vrijeme za taj intervju. No zato na\u0161a pitanja nisu odbijali stru\u010dnjaci s raznih polja, profesori s fakulteta, analiti\u010dari, kolege, ljudi koji stvaraju nove vrijednosti u hrvatskom dru\u0161tvu i ne pripadaju politi\u010dkom showbizu. Upoznali smo male poduzetnike koji se uspje\u0161no nose s neprijateljskim sustavom, studente koji \u017eele biti subjekti, a ne predmeti obrazovanja, ali i previ\u0161e mladih ljudi koji su potra\u017eili sre\u0107u u nekim drugim dr\u017eavama.<\/p>\n<p>Me\u0111u njima se na\u0161ao i pokoji novinar, jer i godinu iza nas su obilje\u017eili novinarski prekarijat, ga\u0161enja emisija, otpu\u0161tanja, ograni\u010davanja medijskih sloboda te sni\u017eavanja pla\u0107a i honorara koji \u0107e se uz dodatna porezna optere\u0107enja nastaviti u 2017. godini. Kolegama koji su spas potra\u017eili u neprofitnim medijima politi\u010dki je presje\u010den dotok novca, kako doma\u0107eg, tako i iz fondova EU-a. \u010cekaju se novi pravilnici, novi zakoni, nove medijske strategije. Me\u0111u novinarima aklamacijom do\u010dekana ministrica kulture (i medija) Nina Obuljen tek treba opravdati velika o\u010dekivanja struke i ra\u0161\u010distiti kaos koji je u 2016. napravio njen prethodnik.<\/p>\n<div id=\"attachment_8140\" style=\"width: 750px\" class=\"wp-caption aligncenter\"><img loading=\"lazy\" decoding=\"async\" aria-describedby=\"caption-attachment-8140\" class=\"size-full wp-image-8140\" src=\"http:\/\/www.mojevrijeme.hr\/magazin\/wp-content\/uploads\/2016\/08\/andrej-plenkovic-flickr.jpg\" alt=\"Tko je Andrej Plenkovi\u0107?\" width=\"740\" height=\"410\" srcset=\"https:\/\/www.mojevrijeme.hr\/magazin\/wp-content\/uploads\/2016\/08\/andrej-plenkovic-flickr.jpg 740w, https:\/\/www.mojevrijeme.hr\/magazin\/wp-content\/uploads\/2016\/08\/andrej-plenkovic-flickr-636x352.jpg 636w, https:\/\/www.mojevrijeme.hr\/magazin\/wp-content\/uploads\/2016\/08\/andrej-plenkovic-flickr-150x83.jpg 150w\" sizes=\"auto, (max-width: 740px) 100vw, 740px\" \/><p id=\"caption-attachment-8140\" class=\"wp-caption-text\">foto: Andrej Plenkovic @ Flickr<\/p><\/div>\n<h3>Neka visi\u2026 novinar!<\/h3>\n<p>No jesmo li mi novinari opravdali o\u010dekivanja \u010ditatelja? U zemlji u kojoj mediji obavljaju velik dio posla Dr\u017eavnog odvjetni\u0161tva, ovo se pitanje \u010dini izli\u0161nim. No jo\u0161 su istra\u017eivanja objavljena prije \u010detiri godine pokazala da svaki drugi gra\u0111anin ne vjeruje novinarima. Dio je to op\u0107e slike nepovjerenja prema institucijama i sukreatorima politi\u010dke stvarnosti koje je, gledano prostim okom, u 2016. godini poraslo.<\/p>\n<p>Hrvatski gra\u0111ani zastra\u0161eni vlastitom slobodom u novinarima i medijima pronalaze idealnog krivca za odrje\u0161enje od odgovornosti za nedjelovanje. Svaki novinar tako, u njihovim o\u010dima, postaje sluga gospodara. A svaki je gospodar u sjeni i iz nje povla\u010di konce u bezbrojnim teorijama urote i pri\u010dama o centrima mo\u0107i. Novinarsko zanimanje je u 2016. godini postalo jo\u0161 manje cijenjeno, a novinari su bili jo\u0161 vi\u0161e izlo\u017eeni divlja\u010dkim vrije\u0111anjima, podmetanjima, izravnim prijetnjama i napadima \u010ditatelja. U Hrvatskoj 2016. godine bilo je neprihvatljivo napisati grafit \u201eSmrt fa\u0161izmu\u201c, no poruku poput \u201eSmrt novinarima\u201c, mnogi smatraju odgojnom prijetnjom, jer, ka\u017eu, \u201esami smo si krivi\u201c.<\/p>\n<h3>I mr\u017enja se mo\u017ee unov\u010diti<\/h3>\n<p>Krivca, dakako, mo\u017eemo tra\u017eiti na svim stranama; u <em>mainstream<\/em> medijima koji su se upustili u borbu za klikanost, u njihovom netransparentnom vlasni\u0161tvu i sprezi s politi\u010darima, u popu\u0161tanju pred marketingom i PR-om, ali i procvatu brojnih prikriveno strana\u010dkih portala koncipiranih na manipulacijama koje smi\u0161ljaju ljudi koji, ne treba zaboraviti, sebe tako\u0111er nazivaju novinarima.<\/p>\n<p>Upravo su potonji mediji, potpomognuti dru\u0161tvenim mre\u017eama, proizveli do sada nevi\u0111eni val mr\u017enje prema novinarima koji se ne uklapaju u njihov svjetonazorski koncept, a koji se prelijevao i u prave medije kroz zlonamjerno komentiranje. No, i agresivni \u010ditatelji imaju svoju vrijednost, \u010dak i kada mrze medij koji \u010ditaju. Svaki komentar je, znaju to izdava\u010di, skoro pa va\u017eniji od autora i njegovog priloga. Jer komentar je i <em>share<\/em> (dijeljenje) i <em>call to action <\/em>(poziv na akciju na dru\u0161tvenim mre\u017eama)\u00a0koji u kona\u010dnici donosi ve\u0107i broj \u010ditatelja i ve\u0107u zaradu, bez obzira na njegovu kvalitetu i namjeru.<\/p>\n<p>2016. godina donijela nam je i daljnji procvat takozvanog gra\u0111anskog novinarstva, sadr\u017eaja koje proizvode sami \u010ditatelji. No taj je fenomen, iako prvotno hvaljen i \u017eeljen, pokazao svoje pravo lice potonu\u0107em bloga i razvojem dru\u0161tvenih mre\u017ea. Statusi s Facebooka sada se objavljuju i u vode\u0107im medijima, \u010desto bez komentara, ograda, a gotovo uvijek bez provjere. U takvom za\u010daranom krugu novinari su sve vi\u0161e administratori i \u201edizajneri naslova\u201c pa ne \u010dudi da je i u godini koju ispra\u0107amo malo kome bila va\u017ena istina. Kao \u0161to i ne \u010dudi sve prisutnije uvjerenje da ba\u0161 svatko danas mo\u017ee biti novinar. Sami ste si krivi, re\u0107i \u0107e mnogi.<\/p>\n<p><a href=\"http:\/\/www.dw.com\/hr\/i-u-2016-godini-novinari-su-bili-krivi-za-sve\/a-36952394\" target=\"_blank\"><em>\/autor: Sini\u0161a Bogdani\u0107, Deutsche Welle\/<\/em><\/a><\/p>\n<div id=\"mojev-1622829262\" class=\"mojev-kraj-teksta mojev-entity-placement\" style=\"margin-bottom: 20px;margin-left: auto;margin-right: auto;text-align: center;\"><div class=\"mojev-adlabel\">oglas<\/div><div style=\"height: 250px;\"><script async src=\"https:\/\/pagead2.googlesyndication.com\/pagead\/js\/adsbygoogle.js?client=ca-pub-8106111766207173\"\r\n     crossorigin=\"anonymous\"><\/script>\r\n<!-- Display-1 -->\r\n<ins class=\"adsbygoogle\"\r\n     style=\"display:block\"\r\n     data-ad-client=\"ca-pub-8106111766207173\"\r\n     data-ad-slot=\"1465712950\"\r\n     data-ad-format=\"auto\"\r\n     data-full-width-responsive=\"true\"><\/ins>\r\n<script>\r\n     (adsbygoogle = window.adsbygoogle || []).push({});\r\n<\/script><\/div><\/div>","protected":false},"excerpt":{"rendered":"<p>U Hrvatskoj 2016. godine bilo je neprihvatljivo napisati grafit &#8216;smrt fa\u0161izmu&#8217;, no poruku poput &#8216;smrt novinarima&#8217;, mnogi smatraju odgojnom prijetnjom, jer, ka\u017eu, &#8216;sami smo si krivi&#8217;. Novinarsko zanimanje je u 2016. godini postalo jo\u0161 manje cijenjeno, a novinari su bili jo\u0161 vi\u0161e izlo\u017eeni divlja\u010dkim vrije\u0111anjima, podmetanjima, izravnim prijetnjama i napadima \u010ditatelja.<\/p>\n","protected":false},"author":1,"featured_media":8846,"comment_status":"closed","ping_status":"open","sticky":false,"template":"","format":"standard","meta":{"footnotes":""},"categories":[9],"tags":[],"class_list":["post-8845","post","type-post","status-publish","format-standard","has-post-thumbnail","hentry","category-vijesti"],"_links":{"self":[{"href":"https:\/\/www.mojevrijeme.hr\/magazin\/wp-json\/wp\/v2\/posts\/8845","targetHints":{"allow":["GET"]}}],"collection":[{"href":"https:\/\/www.mojevrijeme.hr\/magazin\/wp-json\/wp\/v2\/posts"}],"about":[{"href":"https:\/\/www.mojevrijeme.hr\/magazin\/wp-json\/wp\/v2\/types\/post"}],"author":[{"embeddable":true,"href":"https:\/\/www.mojevrijeme.hr\/magazin\/wp-json\/wp\/v2\/users\/1"}],"replies":[{"embeddable":true,"href":"https:\/\/www.mojevrijeme.hr\/magazin\/wp-json\/wp\/v2\/comments?post=8845"}],"version-history":[{"count":0,"href":"https:\/\/www.mojevrijeme.hr\/magazin\/wp-json\/wp\/v2\/posts\/8845\/revisions"}],"wp:featuredmedia":[{"embeddable":true,"href":"https:\/\/www.mojevrijeme.hr\/magazin\/wp-json\/wp\/v2\/media\/8846"}],"wp:attachment":[{"href":"https:\/\/www.mojevrijeme.hr\/magazin\/wp-json\/wp\/v2\/media?parent=8845"}],"wp:term":[{"taxonomy":"category","embeddable":true,"href":"https:\/\/www.mojevrijeme.hr\/magazin\/wp-json\/wp\/v2\/categories?post=8845"},{"taxonomy":"post_tag","embeddable":true,"href":"https:\/\/www.mojevrijeme.hr\/magazin\/wp-json\/wp\/v2\/tags?post=8845"}],"curies":[{"name":"wp","href":"https:\/\/api.w.org\/{rel}","templated":true}]}}