{"id":88551,"date":"2023-10-19T12:48:38","date_gmt":"2023-10-19T10:48:38","guid":{"rendered":"https:\/\/www.mojevrijeme.hr\/magazin\/?p=88551"},"modified":"2023-10-19T12:48:41","modified_gmt":"2023-10-19T10:48:41","slug":"kutina-ce-i-ove-godine-isplatiti-bozicnicu-umirovljenicima-ovo-su-iznosi","status":"publish","type":"post","link":"https:\/\/www.mojevrijeme.hr\/magazin\/2023\/10\/kutina-ce-i-ove-godine-isplatiti-bozicnicu-umirovljenicima-ovo-su-iznosi\/","title":{"rendered":"Kutina \u0107e i ove godine isplatiti bo\u017ei\u0107nicu umirovljenicima, ovo su iznosi"},"content":{"rendered":"\n<p>Grad Kutina nastavlja sa isplatom bo\u017ei\u0107nice umirovljenicima \u00a0i osobama s invaliditetom koji primaju osobnu invalidninu.<\/p>\n\n\n\n<p>Pravo na jednokratnu nov\u010danu potporu ili bo\u017ei\u0107nicu ostvaruju svi umirovljenici i osobe s invaliditetom koje primaju osobnu invalidninu koji imaju prebivali\u0161te na podru\u010dju Grada Kutine, a \u010dije mirovine iznose 365,00 eura i manje.<\/p>\n\n\n\n<p>Oni koji primaju do 249 eura mirovine, primit \u0107e bo\u017ei\u0107nicu u iznosu od 60 eura, dok \u0107e oni koji primaju od 250 do 365 eura primiti 50 eura bo\u017ei\u0107nice. Novac \u0107e se isplatiti na teku\u0107e ra\u010dune primatelja.<\/p><div id=\"mojev-172934931\" class=\"mojev-u-tekstu mojev-entity-placement\" style=\"margin-left: auto;margin-right: auto;text-align: center;\"><div class=\"mojev-adlabel\">oglas<\/div><div style=\"height: 250px;\"><script async src=\"https:\/\/pagead2.googlesyndication.com\/pagead\/js\/adsbygoogle.js?client=ca-pub-8106111766207173\"\r\n     crossorigin=\"anonymous\"><\/script>\r\n<!-- Prikazni 1 u tekstu -->\r\n<ins class=\"adsbygoogle\"\r\n     style=\"display:block\"\r\n     data-ad-client=\"ca-pub-8106111766207173\"\r\n     data-ad-slot=\"8535551207\"\r\n     data-ad-format=\"auto\"\r\n     data-full-width-responsive=\"true\"><\/ins>\r\n<script>\r\n     (adsbygoogle = window.adsbygoogle || []).push({});\r\n<\/script><\/div><\/div><br style=\"clear: both; display: block; float: none;\"\/>\n\n\n\n<p>Svi korisnici navedenih kategorija koji \u017eele ostvariti pravo na ovogodi\u0161nju bo\u017ei\u0107nicu, moraju ponovno podnijeti zahtjev. Vi\u0161e informacija potra\u017eite <a href=\"https:\/\/www.kutina.hr\/gradani\/novosti\/dru%C5%A1tvo\/bo%C5%BEi%C4%87nice-za-umirovljenike-s-mirovinama-do-332,00-eura-i-osobama-koje-primaju-osobnu-invalidninu.html\" target=\"_blank\" rel=\"noreferrer noopener\">ovdje<\/a>.<\/p>\n<div id=\"mojev-730251405\" class=\"mojev-kraj-teksta mojev-entity-placement\" style=\"margin-bottom: 20px;margin-left: auto;margin-right: auto;text-align: center;\"><div class=\"mojev-adlabel\">oglas<\/div><div style=\"height: 250px;\"><script async src=\"https:\/\/pagead2.googlesyndication.com\/pagead\/js\/adsbygoogle.js?client=ca-pub-8106111766207173\"\r\n     crossorigin=\"anonymous\"><\/script>\r\n<!-- Display-1 -->\r\n<ins class=\"adsbygoogle\"\r\n     style=\"display:block\"\r\n     data-ad-client=\"ca-pub-8106111766207173\"\r\n     data-ad-slot=\"1465712950\"\r\n     data-ad-format=\"auto\"\r\n     data-full-width-responsive=\"true\"><\/ins>\r\n<script>\r\n     (adsbygoogle = window.adsbygoogle || []).push({});\r\n<\/script><\/div><\/div>","protected":false},"excerpt":{"rendered":"<p>Grad Kutina nastavlja sa isplatom bo\u017ei\u0107nice umirovljenicima \u00a0i osobama s invaliditetom koji primaju osobnu invalidninu. Pravo na jednokratnu nov\u010danu potporu ili bo\u017ei\u0107nicu ostvaruju svi umirovljenici i osobe s invaliditetom koje primaju osobnu invalidninu koji imaju prebivali\u0161te na podru\u010dju Grada Kutine, a \u010dije mirovine iznose 365,00 eura i manje. Oni koji primaju do 249 eura mirovine, [&hellip;]<\/p>\n","protected":false},"author":1,"featured_media":69362,"comment_status":"closed","ping_status":"closed","sticky":false,"template":"","format":"standard","meta":{"footnotes":""},"categories":[9],"tags":[660,1399],"class_list":["post-88551","post","type-post","status-publish","format-standard","has-post-thumbnail","hentry","category-vijesti","tag-bozicnica","tag-kutina"],"_links":{"self":[{"href":"https:\/\/www.mojevrijeme.hr\/magazin\/wp-json\/wp\/v2\/posts\/88551","targetHints":{"allow":["GET"]}}],"collection":[{"href":"https:\/\/www.mojevrijeme.hr\/magazin\/wp-json\/wp\/v2\/posts"}],"about":[{"href":"https:\/\/www.mojevrijeme.hr\/magazin\/wp-json\/wp\/v2\/types\/post"}],"author":[{"embeddable":true,"href":"https:\/\/www.mojevrijeme.hr\/magazin\/wp-json\/wp\/v2\/users\/1"}],"replies":[{"embeddable":true,"href":"https:\/\/www.mojevrijeme.hr\/magazin\/wp-json\/wp\/v2\/comments?post=88551"}],"version-history":[{"count":0,"href":"https:\/\/www.mojevrijeme.hr\/magazin\/wp-json\/wp\/v2\/posts\/88551\/revisions"}],"wp:featuredmedia":[{"embeddable":true,"href":"https:\/\/www.mojevrijeme.hr\/magazin\/wp-json\/wp\/v2\/media\/69362"}],"wp:attachment":[{"href":"https:\/\/www.mojevrijeme.hr\/magazin\/wp-json\/wp\/v2\/media?parent=88551"}],"wp:term":[{"taxonomy":"category","embeddable":true,"href":"https:\/\/www.mojevrijeme.hr\/magazin\/wp-json\/wp\/v2\/categories?post=88551"},{"taxonomy":"post_tag","embeddable":true,"href":"https:\/\/www.mojevrijeme.hr\/magazin\/wp-json\/wp\/v2\/tags?post=88551"}],"curies":[{"name":"wp","href":"https:\/\/api.w.org\/{rel}","templated":true}]}}