{"id":88584,"date":"2023-10-20T11:46:57","date_gmt":"2023-10-20T09:46:57","guid":{"rendered":"https:\/\/www.mojevrijeme.hr\/magazin\/?p=88584"},"modified":"2023-10-20T21:34:31","modified_gmt":"2023-10-20T19:34:31","slug":"tuga-i-zalost-oba-sina-su-otisla-i-prestala-se-javljati-ne-sjete-se-da-imaju-majku","status":"publish","type":"post","link":"https:\/\/www.mojevrijeme.hr\/magazin\/2023\/10\/tuga-i-zalost-oba-sina-su-otisla-i-prestala-se-javljati-ne-sjete-se-da-imaju-majku\/","title":{"rendered":"&#8216;Tuga i \u017ealost. Oba sina su oti\u0161la, ne zovu, ne sjete se da imaju majku&#8217;"},"content":{"rendered":"\n<p>Donosimo vapaj majke Danijele, koja nam se obratila za savjet. &#8220;Tuga i \u017ealost, moja dva mla\u0111a odrasla sina, otkako su oti\u0161li od ku\u0107e, ne kontaktiraju me vi\u0161e. Ja sam ta koja im se uvijek prva javi, a oni preko volje odgovaraju s <strong>da<\/strong> ili <strong>ne<\/strong>.&#8221;<\/p>\n\n\n\n<p>&#8220;Imaju 24 i 26 godina, stra\u0161no su mi povrijedili osje\u0107aje. Ne znam \u0161to mi je \u010diniti. Da li da nastavim odr\u017eavati te kontakte barem ovako na silu, ili da odustanem i \u010dekam da se sami sjete da imaju majku? A ako me se ne sjete, da li da pustim da me naposljetku i zaborave?&#8221;, pita se na\u0161a \u010ditateljica, 57-godi\u0161nja majka Danijela. &nbsp;<\/p>\n\n\n\n<h3 class=\"wp-block-heading\">Anica: Nakon par godina, po\u010deli su se prvi javljati<\/h3>\n\n\n\n<p>Pro\u010ditav\u0161i ovaj vapaj, prisjetila sam razgovora s poznanicom Anicom, koja mi je rekla da je njezin sin i prije odlaska iz ku\u0107e govorio da vi\u0161e ne mo\u017ee smisliti ni nju ni supruga i da jedva \u010deka da ode. &#8220;Kad je napokon oti\u0161ao, du\u017ee nam se vrijeme uop\u0107e nije javljao, no ja sam bila uporna i zvala sam ga povremeno, ali redovito. To je tako trajalo nekoliko godina, dok se nije malo &#8216;dozvao k sebi&#8217;, onda se sam po\u010deo javljati prvi. Ma ne samo to, nego je po\u010deo dolaziti i na ru\u010dak&#8221;, ispri\u010dala mi je.&nbsp;<\/p><div id=\"mojev-3736123796\" class=\"mojev-u-tekstu mojev-entity-placement\" style=\"margin-left: auto;margin-right: auto;text-align: center;\"><div class=\"mojev-adlabel\">oglas<\/div><div style=\"height: 250px;\"><script async src=\"https:\/\/pagead2.googlesyndication.com\/pagead\/js\/adsbygoogle.js?client=ca-pub-8106111766207173\"\r\n     crossorigin=\"anonymous\"><\/script>\r\n<!-- Prikazni 1 u tekstu -->\r\n<ins class=\"adsbygoogle\"\r\n     style=\"display:block\"\r\n     data-ad-client=\"ca-pub-8106111766207173\"\r\n     data-ad-slot=\"8535551207\"\r\n     data-ad-format=\"auto\"\r\n     data-full-width-responsive=\"true\"><\/ins>\r\n<script>\r\n     (adsbygoogle = window.adsbygoogle || []).push({});\r\n<\/script><\/div><\/div><br style=\"clear: both; display: block; float: none;\"\/>\n\n\n\n<p>Ovo je dobar primjer svima koji su ljuti na svoju djecu jer se ne javljaju \u2013 koliko god oni mislili da su odba\u010deni, dobro je pregristi ego i ipak se nastaviti barem povremeno javljati. Naj\u010de\u0161\u0107e djeca kad-tad shvate koliko je to bogatstvo u \u017eivotu, pa i oni, kad se malo stabiliziraju, krenu zvati roditelje. Gospo\u0111a Anica je na\u0161 razgovor zavr\u0161ila re\u010denicom: &#8220;Sin nas sada posje\u0107uje i u tjednu, ponekad me zove i pita \u0161to sam finoga skuhala pa ru\u010damo zajedno. Vrijedilo je izdr\u017eati. Sada \u010dekam da dovede i snahicu.&#8221;<\/p>\n\n\n\n<h3 class=\"wp-block-heading\">&#8220;I ja sam bio mlad i lud&#8221;<\/h3>\n\n\n\n<p>Donosimo i razmi\u0161ljanje danas 60-godi\u0161njeg mu\u0161karca, koji je i sam bio od onih koji dugo, nakon odlaska u studentski dom, nisu imali potrebu zvati roditelje. <\/p>\n\n\n\n<p>&#8220;Obo\u017eavao sam svoju majku i po\u0161tovao svog tatu &#8211; iako nismo bili pretjerano bliski. Kad sam, prije 40 godina, oti\u0161ao na studij, moji roditelji nikada nisu razgovarali sa mnom ni sa sestrama, o tome koliko \u010desto trebamo biti u kontaktu s njima. Nakon otprilike mjesec dana ili \u0161est tjedana u studentskom domu, po\u010deo sam se osje\u0107ati \u010dudno \u0161to se uop\u0107e ne \u010dujemo.&#8221;<\/p>\n\n\n\n<p>&#8220;Iznenadio sam se kad sam saznao da neka djeca svaki dan ili barem svaki tjedan razgovaraju s roditeljima. Kontradiktorno je bilo to \u0161to mnogi od njih uop\u0107e nisu imali tako dobar odnos s roditeljima kao ja. Onda sam shvatio da je lijepo od mene nazvati ih te sam barem svaka dva mjeseca po\u010deo odlaziti ku\u0107i na vikend&#8221;, napisao je na tu temu jedan sudionik rasprave na Quori. &nbsp;<\/p>\n\n\n\n<p>\u201dUvjerio sam se da u\u010destalost kontakata ne zna\u010di bliskost, zato ja danas ne brinem ako mi se moja djeca ne jave svaki dan. Ali nikad ne dopustim da pro\u0111e vi\u0161e od mjesec dana da se ne \u010dujemo, svakom roditelju bih preporu\u010dio neka ih ne ljuti \u0161to se prvi javljaju, stvari se lako okrenu. U me\u0111uvremenu, nastavite ulagati svoju energiju u vlastiti \u017eivot i budite ponosni \u0161to ste odgojili samostalnu djecu&#8221;, dodao je. &nbsp;<\/p>\n\n\n\n<h3 class=\"wp-block-heading\">Mlada lije\u010dnica: &#8220;Pustite nas da se skrasimo&#8221;<\/h3>\n\n\n\n<p>Javila se i jedna mlada dama koja se po\u017ealila na \u017ealopojke svojih roditelja koji joj stalno nabijaju krivnju da im se dovoljno ne javlja: &#8220;Odrasli smo, mladi smo, samostalni i u redu je ako ne zovemo stalno. Vi\u0161e sam puta to morala objasniti svojoj majci. Zaokupljena sam poslom i ljubavnom vezom.&#8221;<\/p>\n\n\n\n<p>&#8220;Moja mama se stalno \u017eali i o\u010dekuje da je zovem svakih nekoliko dana, ja joj ka\u017eem da je smije\u0161na. Radim posao s ljudima, u bolnici, u smjenama, prekovremeno, nemam po sat ili \u010dak dva u danu, koliko ona mo\u017ee pri\u010dati. Imam dovoljno drugih briga, ne mogu se zamarati s tim nekim njenim o\u010dekivanjima. Kad stignem, zovem. Ako joj imam ne\u0161to za re\u0107i, ponekad po\u0161aljem i poruku&#8221;, objasnila je. &nbsp;&nbsp;<\/p>\n\n\n\n<p>&#8220;Iscrpljuju\u0107i posao, prijatelji, financije, op\u0107enito izgradnja vlastitog \u017eivota, to nas potpuno obuzme kad se tek osamostalimo. Oni koji su imali iole normalnu obitelj dok su jo\u0161 \u017eivjeli ondje, a ne javljaju se, vjerojatno su samo prezauzeti i iscrpljeni, a ne be\u0161\u0107utni. Kad se malo bolje skrase, i kad budu imali vi\u0161e mentalne energije koju mogu posvetiti osobnim odnosima, vjerojatno \u0107e se potruditi \u010de\u0161\u0107e se javljati. Do tada im treba va\u0161a bezuvjetna podr\u0161ka&#8221;, savjetuje mlada lije\u010dnica.<\/p>\n\n\n\n<div id=\"crveno\"><\/p>\n\n\n\n<h3 class=\"wp-block-heading\">Zanima nas va\u0161a pri\u010da<\/h3>\n\n\n\n<p>\u017delite li i vi, posve anonimno, podijeliti svoje iskustvo i vi\u0111enje ove teme s nama i na\u0161im \u010ditateljima, mo\u017eete to u\u010diniti putem web obrasca <a rel=\"noreferrer noopener\" href=\"https:\/\/www.mojevrijeme.hr\/magazin\/povjerljivo\/\" target=\"_blank\">Povjerljivo<\/a>. Napi\u0161ite svoju pri\u010du!<\/p>\n\n\n\n<p><\/div>\n<div id=\"mojev-2801876797\" class=\"mojev-kraj-teksta mojev-entity-placement\" style=\"margin-bottom: 20px;margin-left: auto;margin-right: auto;text-align: center;\"><div class=\"mojev-adlabel\">oglas<\/div><div style=\"height: 250px;\"><script async src=\"https:\/\/pagead2.googlesyndication.com\/pagead\/js\/adsbygoogle.js?client=ca-pub-8106111766207173\"\r\n     crossorigin=\"anonymous\"><\/script>\r\n<!-- Display-1 -->\r\n<ins class=\"adsbygoogle\"\r\n     style=\"display:block\"\r\n     data-ad-client=\"ca-pub-8106111766207173\"\r\n     data-ad-slot=\"1465712950\"\r\n     data-ad-format=\"auto\"\r\n     data-full-width-responsive=\"true\"><\/ins>\r\n<script>\r\n     (adsbygoogle = window.adsbygoogle || []).push({});\r\n<\/script><\/div><\/div>","protected":false},"excerpt":{"rendered":"<p>Kad djeca do\u0111u u dob kad zavr\u0161e \u0161kolovanje, zaposle se, i odsele, mnoge roditelje ne mu\u010di samo sindrom praznog gnijezda, ve\u0107 mnogi imaju osje\u0107aj odba\u010denosti &#8211; osobito ako im se djeca ne javljaju onoliko \u010desto koliko su o\u010dekivali. \u017denama je jo\u0161 te\u017ee jer otkprilike u toj dobi ulaze u menopauzu, koja im krene dodatno ote\u017eavati \u017eivot. Donosimo razmi\u0161ljanja i roditelja i mladih na tu temu.<\/p>\n","protected":false},"author":17,"featured_media":88623,"comment_status":"closed","ping_status":"closed","sticky":false,"template":"","format":"standard","meta":{"footnotes":""},"categories":[3552],"tags":[3600,3547,3437],"class_list":["post-88584","post","type-post","status-publish","format-standard","has-post-thumbnail","hentry","category-povjerljivo","tag-majke-i-kceri","tag-majke-i-sinovi","tag-obiteljski-odnosi"],"_links":{"self":[{"href":"https:\/\/www.mojevrijeme.hr\/magazin\/wp-json\/wp\/v2\/posts\/88584","targetHints":{"allow":["GET"]}}],"collection":[{"href":"https:\/\/www.mojevrijeme.hr\/magazin\/wp-json\/wp\/v2\/posts"}],"about":[{"href":"https:\/\/www.mojevrijeme.hr\/magazin\/wp-json\/wp\/v2\/types\/post"}],"author":[{"embeddable":true,"href":"https:\/\/www.mojevrijeme.hr\/magazin\/wp-json\/wp\/v2\/users\/17"}],"replies":[{"embeddable":true,"href":"https:\/\/www.mojevrijeme.hr\/magazin\/wp-json\/wp\/v2\/comments?post=88584"}],"version-history":[{"count":0,"href":"https:\/\/www.mojevrijeme.hr\/magazin\/wp-json\/wp\/v2\/posts\/88584\/revisions"}],"wp:featuredmedia":[{"embeddable":true,"href":"https:\/\/www.mojevrijeme.hr\/magazin\/wp-json\/wp\/v2\/media\/88623"}],"wp:attachment":[{"href":"https:\/\/www.mojevrijeme.hr\/magazin\/wp-json\/wp\/v2\/media?parent=88584"}],"wp:term":[{"taxonomy":"category","embeddable":true,"href":"https:\/\/www.mojevrijeme.hr\/magazin\/wp-json\/wp\/v2\/categories?post=88584"},{"taxonomy":"post_tag","embeddable":true,"href":"https:\/\/www.mojevrijeme.hr\/magazin\/wp-json\/wp\/v2\/tags?post=88584"}],"curies":[{"name":"wp","href":"https:\/\/api.w.org\/{rel}","templated":true}]}}