{"id":88644,"date":"2023-10-20T17:36:50","date_gmt":"2023-10-20T15:36:50","guid":{"rendered":"https:\/\/www.mojevrijeme.hr\/magazin\/?p=88644"},"modified":"2023-10-20T17:38:18","modified_gmt":"2023-10-20T15:38:18","slug":"vesna-porucila-mrziteljima-zivim-razgulite-ne-kvarite-mi-dan","status":"publish","type":"post","link":"https:\/\/www.mojevrijeme.hr\/magazin\/2023\/10\/vesna-porucila-mrziteljima-zivim-razgulite-ne-kvarite-mi-dan\/","title":{"rendered":"Vesna poru\u010dila mrziteljima: &#8216;\u017divim! Razgulite, ne kvarite mi dan&#8217;"},"content":{"rendered":"\n<p>RTL-ova zvijezda i veteranka emisije &#8216;Ljubav je na selu&#8217;, <strong>Vesna Vukovi\u0107 <\/strong>(52) iz Vara\u017edina, poslala je poruku kriti\u010darima koji smatraju da se pred kamerama ne pona\u0161a u skladu sa svojim godinama.<\/p>\n\n\n\n<p>&#8220;Kad \u0107e\u0161 \u017eivjeti, ako ne sada? Slu\u0161am pri\u010de kako mora\u0161 biti dosljedan svojim godinama. Kakve to veze ima ako \u017eivimo uz smijeh i zezanciju? Zna\u010di, \u0161uti i \u010dekaj sudnji dan. Malo sutra!, napisala je Vesna na Facebooku.<\/p>\n\n\n\n<p>&#8220;Ho\u0107u da se smijem, da se \u0161alim, da psujem i pla\u010dem, ho\u0107u da me \u010duju, da sam \u017eiva, da vri\u0161tim i kokoda\u010dem ako mi je \u0107ejf! A vi kojima godine zna\u010de ne\u0161to, slobodno razgulite i ne kvarite mi dan!&#8221; zaklju\u010dila je razigrana Vesna koja se na\u0161la na udaru kritika nakon \u0161to je <a rel=\"noreferrer noopener\" href=\"https:\/\/www.mojevrijeme.hr\/magazin\/2023\/10\/vesna-je-52-pokazala-grudi-mladom-ivanu-30-bazen-je-zakuhao\/\" data-type=\"post\" data-id=\"88569\" target=\"_blank\">uzavrelom bazenu<\/a> pokazala grudi farmeru Ivanu Detkovi\u0107u (30) iz Gu\u0161\u0107a.<\/p><div id=\"mojev-1621334883\" class=\"mojev-u-tekstu mojev-entity-placement\" style=\"margin-left: auto;margin-right: auto;text-align: center;\"><div class=\"mojev-adlabel\">oglas<\/div><div style=\"height: 250px;\"><script async src=\"https:\/\/pagead2.googlesyndication.com\/pagead\/js\/adsbygoogle.js?client=ca-pub-8106111766207173\"\r\n     crossorigin=\"anonymous\"><\/script>\r\n<!-- Prikazni 1 u tekstu -->\r\n<ins class=\"adsbygoogle\"\r\n     style=\"display:block\"\r\n     data-ad-client=\"ca-pub-8106111766207173\"\r\n     data-ad-slot=\"8535551207\"\r\n     data-ad-format=\"auto\"\r\n     data-full-width-responsive=\"true\"><\/ins>\r\n<script>\r\n     (adsbygoogle = window.adsbygoogle || []).push({});\r\n<\/script><\/div><\/div><br style=\"clear: both; display: block; float: none;\"\/>\n\n\n\n<p>Podsjetimo, Vesna je bila u braku 25 godina te ima troje djece i troje unu\u010dadi. Biv\u0161em mu\u017eu je oprostila prevaru i njeguje s njim prijateljske odnose. Dapa\u010de, ka\u017ee da joj je potpora.<\/p>\n\n\n\n<p>&#8220;Najve\u0107a su mi podr\u0161ka moja djeca i biv\u0161i suprug bez obzira na to kako to nekima zvu\u010dalo &#8211; prije svega sam \u010dovjek i oprostila bih i najgorem neprijatelju, a ne njemu. \u0160to je bilo, bilo je, \u017eivot ide dalje i njemu \u017eelim ono najva\u017enije &#8211; zdravlje, da uspije u borbi s te\u0161kom bole\u0161\u0107u s kojom se ve\u0107 dvije godine bori&#8221;, izjavila je u svibnju za 24 sata.<\/p>\n<div id=\"mojev-1317083583\" class=\"mojev-kraj-teksta mojev-entity-placement\" style=\"margin-bottom: 20px;margin-left: auto;margin-right: auto;text-align: center;\"><div class=\"mojev-adlabel\">oglas<\/div><div style=\"height: 250px;\"><script async src=\"https:\/\/pagead2.googlesyndication.com\/pagead\/js\/adsbygoogle.js?client=ca-pub-8106111766207173\"\r\n     crossorigin=\"anonymous\"><\/script>\r\n<!-- Display-1 -->\r\n<ins class=\"adsbygoogle\"\r\n     style=\"display:block\"\r\n     data-ad-client=\"ca-pub-8106111766207173\"\r\n     data-ad-slot=\"1465712950\"\r\n     data-ad-format=\"auto\"\r\n     data-full-width-responsive=\"true\"><\/ins>\r\n<script>\r\n     (adsbygoogle = window.adsbygoogle || []).push({});\r\n<\/script><\/div><\/div>","protected":false},"excerpt":{"rendered":"<p>Vesna, kandidatkinja iz showa &#8216;Ljubav je na selu&#8217;, jasno je izrazila svoju \u017eelju za slobodom i smijehom, bez obzira na broj svije\u0107a na ro\u0111endanskoj torti. Otkrijte kako se Vesna suo\u010dava s predrasudama i \u017eivi \u017eivot bez zadr\u0161ke.<\/p>\n","protected":false},"author":1,"featured_media":88647,"comment_status":"closed","ping_status":"closed","sticky":false,"template":"","format":"standard","meta":{"footnotes":""},"categories":[84],"tags":[3054,902,142,3758],"class_list":["post-88644","post","type-post","status-publish","format-standard","has-post-thumbnail","hentry","category-show","tag-ljubav-je-na-selu","tag-rtl","tag-televizija","tag-vesna-vukovic"],"_links":{"self":[{"href":"https:\/\/www.mojevrijeme.hr\/magazin\/wp-json\/wp\/v2\/posts\/88644","targetHints":{"allow":["GET"]}}],"collection":[{"href":"https:\/\/www.mojevrijeme.hr\/magazin\/wp-json\/wp\/v2\/posts"}],"about":[{"href":"https:\/\/www.mojevrijeme.hr\/magazin\/wp-json\/wp\/v2\/types\/post"}],"author":[{"embeddable":true,"href":"https:\/\/www.mojevrijeme.hr\/magazin\/wp-json\/wp\/v2\/users\/1"}],"replies":[{"embeddable":true,"href":"https:\/\/www.mojevrijeme.hr\/magazin\/wp-json\/wp\/v2\/comments?post=88644"}],"version-history":[{"count":0,"href":"https:\/\/www.mojevrijeme.hr\/magazin\/wp-json\/wp\/v2\/posts\/88644\/revisions"}],"wp:featuredmedia":[{"embeddable":true,"href":"https:\/\/www.mojevrijeme.hr\/magazin\/wp-json\/wp\/v2\/media\/88647"}],"wp:attachment":[{"href":"https:\/\/www.mojevrijeme.hr\/magazin\/wp-json\/wp\/v2\/media?parent=88644"}],"wp:term":[{"taxonomy":"category","embeddable":true,"href":"https:\/\/www.mojevrijeme.hr\/magazin\/wp-json\/wp\/v2\/categories?post=88644"},{"taxonomy":"post_tag","embeddable":true,"href":"https:\/\/www.mojevrijeme.hr\/magazin\/wp-json\/wp\/v2\/tags?post=88644"}],"curies":[{"name":"wp","href":"https:\/\/api.w.org\/{rel}","templated":true}]}}