{"id":88735,"date":"2023-10-22T09:59:53","date_gmt":"2023-10-22T07:59:53","guid":{"rendered":"https:\/\/www.mojevrijeme.hr\/magazin\/?p=88735"},"modified":"2023-10-23T09:33:03","modified_gmt":"2023-10-23T07:33:03","slug":"ne-razgovaram-s-ocem-govori-da-moj-sin-nije-moj-jer-ima-ridu-kosu","status":"publish","type":"post","link":"https:\/\/www.mojevrijeme.hr\/magazin\/2023\/10\/ne-razgovaram-s-ocem-govori-da-moj-sin-nije-moj-jer-ima-ridu-kosu\/","title":{"rendered":"&#8216;Ne razgovaram s ocem, govori da moj sin nije moj jer ima ri\u0111u kosu&#8217;"},"content":{"rendered":"\n<p>Gospo\u0111a Anja ima 57 godina i povjerava nam da ve\u0107 \u0161est godina ne razgovara s pet godina mla\u0111om sestrom, a le\u0111a su joj okrenuli i \u0161ogor, te ne\u0107aci i njihove obitelji. <\/p>\n\n\n\n<p>&#8220;Bila sam na vikendici na selu koju sam roditelji ostavili u zajedni\u010dko nasljedstvo. Suprug i ja poveli smo jo\u0161 dva para, zalo\u017eili smo vanjski kamin, peklo se, pilo se, a kako je ve\u0107 bila kasna jesen, grijali smo uz vatru tijekom cijele no\u0107i fe\u0161tanja i potro\u0161ili smo sve cjepanice koje je \u0161ogor pripremio. Onda smo zaboravili sme\u0107e na odlasku, pa su sve razvukle seoske ma\u010dke i na kraju koliko sam saznala do\u0161li i mi\u0161evi&#8221;, otkriva nam.<\/p>\n\n\n\n<p>Kako pri\u010da nadalje, kad je njezina sestra vikend poslije nje do\u0161la na vikendicu, zvala ju je uslijed blagog \u017eiv\u010danog sloma. &#8220;Izgovorila mi je takve uvrede, da je to stra\u0161no. Govorila mi je da sam parazit, nesposobna, neodgovorna, bez imalo mozga, da je njoj mene i mog iskori\u0161tavanja i gledanja samo na sebe dosta i da ona tu stavlja to\u010dku&#8221;, doznajemo.<\/p><div id=\"mojev-1135722919\" class=\"mojev-u-tekstu mojev-entity-placement\" style=\"margin-left: auto;margin-right: auto;text-align: center;\"><div class=\"mojev-adlabel\">oglas<\/div><div style=\"height: 250px;\"><script async src=\"https:\/\/pagead2.googlesyndication.com\/pagead\/js\/adsbygoogle.js?client=ca-pub-8106111766207173\"\r\n     crossorigin=\"anonymous\"><\/script>\r\n<!-- Prikazni 1 u tekstu -->\r\n<ins class=\"adsbygoogle\"\r\n     style=\"display:block\"\r\n     data-ad-client=\"ca-pub-8106111766207173\"\r\n     data-ad-slot=\"8535551207\"\r\n     data-ad-format=\"auto\"\r\n     data-full-width-responsive=\"true\"><\/ins>\r\n<script>\r\n     (adsbygoogle = window.adsbygoogle || []).push({});\r\n<\/script><\/div><\/div><br style=\"clear: both; display: block; float: none;\"\/>\n\n\n\n<p>Od tada se vi\u0161e nisu \u010dule, a u gradu se nemaju gdje ni sresti, jer ne \u017eive blizu. &#8220;Mislim da je to u ovim na\u0161im godinama ne\u0161to prestra\u0161no, tako si okrenuti le\u0111a, a zbog \u010dega? Da su nam roditelji \u017eivi, mo\u017eda bi nas i pomirili jer su oni odr\u017eavali okupljanja nedjeljom, za blagdane i ro\u0111endane, ali ovako, nema \u0161anse. Ona je mene prekri\u017eila, a sada ve\u0107 i ja nju, jer me previ\u0161e to bilo pogodilo i gotovo mi na\u010delo zdravlje. Ne idem vi\u0161e ni na vikendicu, nek&#8217; si u\u017eiva sama tamo\u201d, rekla je.<\/p>\n\n\n\n<p>Ovakve, naizgled banalne, sva\u0111e nisu rijetke u obiteljima. I \u010desto su povod otu\u0111enju najbli\u017eih krvnih srodnika koji s vremenom i zaborave za\u0161to su se posva\u0111ali, ali njeguju zavadu, ponekad \u010dak i do kraja \u017eivota. O tome svjedo\u010de brojne ispovijesti na platformi Quora od kojih \u0107emo prenijeti neke.<\/p>\n\n\n\n<h3 class=\"wp-block-heading\">Sine, tvoj sin nije tvoj<\/h3>\n\n\n\n<p>&#8220;Tata mi je rekao da ma\u0107ehu moram prihvatiti kao jednaku svojoj pravoj majci. Spomenuo mi je u to vrijeme i da bih se trebao razvesti od supruge te mi ponudio pomo\u0107 pri pla\u0107anju suda i alimentacije. O \u010demu se radi shvatio sam kad mi je ma\u0107eha rekla neka napravim DNK test da potvrdim da je moj sin stvarno moj, jer je ri\u0111okos, a ja i moja \u017eena nismo&#8221;, izjadao se jedan od sudionika rasprave na Quori na temu prekinutih bliskih odnosa.<\/p>\n\n\n\n<p>&#8220;Pitali su me jesam li siguran da je moje dijete &#8211; moje. Govorili su mi da ne sli\u010di na mene. Kad sam ih pitao misle li da moja supruga \u0161vrlja okolo, ma\u0107eha je rekla da to radije ne bi izgovorila naglas, ali da ona takve \u017eene zna&#8221;, naveo je u ispovijedi.<\/p>\n\n\n\n<p>&#8220;Ne\u0107u ulaziti u detalje o ostalim stvarima koje su nam radili jer bi to trajalo predugo. No, svi s kojima sam razgovarao o toj situaciji sla\u017eu se da je najbolje da odu iz mog \u017eivota. I jesu, jer sam ih prekri\u017eio. \u017dalosno je da jedan otac to poku\u0161ava napraviti vlastitom odraslom djetetu&#8221;, otkrio je. <\/p>\n\n\n\n<h3 class=\"wp-block-heading\">Uvrede bez zadr\u0161ke&nbsp;<\/h3>\n\n\n\n<p>Potom je svjedo\u010dila \u017eena koja je opisala za\u0161to ne razgovara sa tetom i njezinom obitelji. &#8220;Posvojena sam i odrasla sam u predivnoj obitelji, otac i majka su me voljeli, kao i ja njih. Mojem tada ve\u0107 starijem ocu bio je dijagnosticiran rak mozga i dao mi je punomo\u0107 da donosim sve medicinske i financijske odluke u njegovo ime jer je znao da \u0107u po\u0161tovati svaku njegovu \u017eelju.&#8221;<\/p>\n\n\n\n<p>&#8220;Imao je sestru koja je kontrolirala i manipulirala svom bra\u0107om i sestrama, ali ne i s njim jer je on bio najstariji i odmaknuo se prvom prilikom od svih obiteljskih drama. Kad je moja teta saznala da je moj otac mene zadu\u017eio za brigu o njemu, a ne nju, ljutito me nazvala i rekla da mu nisam prava k\u0107i, ve\u0107 da sam mu k\u0107i samo na papiru. Dodala je da mi je dao punomo\u0107 samo zbog toga jer nije imao izbora!&#8221;<\/p>\n\n\n\n<p>&#8220;Polako sam joj poklopila slu\u0161alicu i nastavila joj dopu\u0161tati da posje\u0107uje mog oca, ali sam je dr\u017eala na oku da ne\u0161to ne ukrade. Na dan njegovog sprovoda oti\u0161la sam do nje i rekla joj da vi\u0161e nemamo niti jednu dodirnu to\u010dku i da vi\u0161e ne \u017eelim nikakav kontakt s njom ili s bilo kim s njezine strane obitelji. Rekla sam joj da \u0107u nazvati policiju, ako mene ili moju k\u0107i bilo tko njezin nazove, posjeti ili krene uhoditi. Nikada vi\u0161e nisam \u010dula ni vidjela nikoga od njih. To je najbolja odluka koju sam ikada donijela! Dr\u017eite toksi\u010dne \u010dlanove obitelji podalje od svog \u017eivota!&#8221; zaklju\u010dila je. <\/p>\n\n\n\n<div id=\"crveno\"><\/p>\n\n\n\n<h3 class=\"wp-block-heading\">Zanima nas va\u0161a pri\u010da<\/h3>\n\n\n\n<p>\u017delite li i vi, posve anonimno, podijeliti svoje iskustvo i vi\u0111enje ove teme s nama i na\u0161im \u010ditateljima, mo\u017eete to u\u010diniti putem web obrasca <a rel=\"noreferrer noopener\" href=\"https:\/\/www.mojevrijeme.hr\/magazin\/povjerljivo\/\" target=\"_blank\">Povjerljivo<\/a>. Napi\u0161ite svoju pri\u010du!<\/p>\n\n\n\n<p><\/div>\n<div id=\"mojev-3051397703\" class=\"mojev-kraj-teksta mojev-entity-placement\" style=\"margin-bottom: 20px;margin-left: auto;margin-right: auto;text-align: center;\"><div class=\"mojev-adlabel\">oglas<\/div><div style=\"height: 250px;\"><script async src=\"https:\/\/pagead2.googlesyndication.com\/pagead\/js\/adsbygoogle.js?client=ca-pub-8106111766207173\"\r\n     crossorigin=\"anonymous\"><\/script>\r\n<!-- Display-1 -->\r\n<ins class=\"adsbygoogle\"\r\n     style=\"display:block\"\r\n     data-ad-client=\"ca-pub-8106111766207173\"\r\n     data-ad-slot=\"1465712950\"\r\n     data-ad-format=\"auto\"\r\n     data-full-width-responsive=\"true\"><\/ins>\r\n<script>\r\n     (adsbygoogle = window.adsbygoogle || []).push({});\r\n<\/script><\/div><\/div>","protected":false},"excerpt":{"rendered":"<p>Od na\u0161ih \u010ditatelja povremeno \u010dujemo, ili nam daju naslutiti, da ne razgovaraju s najbli\u017eim \u010dlanovima obitelji. Uvijek je za njih bolno prisje\u0107ati se \u0161to je kumovalo potpunom prekidu komunikacije i nisu svi spremni iznijeti traumu. Nakon \u0161to nam se povjerila gospo\u0111a Anja koja ne razgovara sa sestrom, na platformi Quora prona\u0161li smo jo\u0161 te\u0161kih pri\u010da. \u00a0<\/p>\n","protected":false},"author":17,"featured_media":88759,"comment_status":"closed","ping_status":"closed","sticky":false,"template":"","format":"standard","meta":{"footnotes":""},"categories":[3552],"tags":[3437,728,699],"class_list":["post-88735","post","type-post","status-publish","format-standard","has-post-thumbnail","hentry","category-povjerljivo","tag-obiteljski-odnosi","tag-svada","tag-test-ocinstva"],"_links":{"self":[{"href":"https:\/\/www.mojevrijeme.hr\/magazin\/wp-json\/wp\/v2\/posts\/88735","targetHints":{"allow":["GET"]}}],"collection":[{"href":"https:\/\/www.mojevrijeme.hr\/magazin\/wp-json\/wp\/v2\/posts"}],"about":[{"href":"https:\/\/www.mojevrijeme.hr\/magazin\/wp-json\/wp\/v2\/types\/post"}],"author":[{"embeddable":true,"href":"https:\/\/www.mojevrijeme.hr\/magazin\/wp-json\/wp\/v2\/users\/17"}],"replies":[{"embeddable":true,"href":"https:\/\/www.mojevrijeme.hr\/magazin\/wp-json\/wp\/v2\/comments?post=88735"}],"version-history":[{"count":0,"href":"https:\/\/www.mojevrijeme.hr\/magazin\/wp-json\/wp\/v2\/posts\/88735\/revisions"}],"wp:featuredmedia":[{"embeddable":true,"href":"https:\/\/www.mojevrijeme.hr\/magazin\/wp-json\/wp\/v2\/media\/88759"}],"wp:attachment":[{"href":"https:\/\/www.mojevrijeme.hr\/magazin\/wp-json\/wp\/v2\/media?parent=88735"}],"wp:term":[{"taxonomy":"category","embeddable":true,"href":"https:\/\/www.mojevrijeme.hr\/magazin\/wp-json\/wp\/v2\/categories?post=88735"},{"taxonomy":"post_tag","embeddable":true,"href":"https:\/\/www.mojevrijeme.hr\/magazin\/wp-json\/wp\/v2\/tags?post=88735"}],"curies":[{"name":"wp","href":"https:\/\/api.w.org\/{rel}","templated":true}]}}