{"id":89134,"date":"2023-10-26T20:50:51","date_gmt":"2023-10-26T18:50:51","guid":{"rendered":"https:\/\/www.mojevrijeme.hr\/magazin\/?p=89134"},"modified":"2023-10-26T20:50:54","modified_gmt":"2023-10-26T18:50:54","slug":"baka-jana-jedna-unuka-mi-je-draza-od-drugih-ali-svima-cu-ostaviti-jednako","status":"publish","type":"post","link":"https:\/\/www.mojevrijeme.hr\/magazin\/2023\/10\/baka-jana-jedna-unuka-mi-je-draza-od-drugih-ali-svima-cu-ostaviti-jednako\/","title":{"rendered":"Baka Jana: Jedna unuka mi je dra\u017ea od drugih, ali svima \u0107u ostaviti jednako"},"content":{"rendered":"\n<p>Prvo unu\u010de <strong>gospo\u0111a Suzana<\/strong> (58) dobila je, povjerava nam, kad je imala 51 godinu. Tri godine kasnije, na svijet je do\u0161lo i drugo. &#8220;Oduvijek sam se vi\u0161e divila djevoj\u010dicama, bila sam im nekako sklonija. Sada pak moram priznati da mi je dra\u017ei unuk. Mislim da je to zbog njegove mirnije i ti\u0161e naravi. Nikada to ne pokazujem, nego i nju i njega, dok smo zajedno, jednako mazim i vrijeme rasporedim za svakog podjednako&#8221;, iskreno je priznala na\u0161a \u010ditateljica.<\/p>\n\n\n\n<p>&#8220;Ho\u0107e li mi i u budu\u0107nosti on biti bli\u017ee srcu te\u0161ko je re\u0107i jer djeca se odrastanjem mijenjaju, a mijenjamo se i mi. Kako bilo da bilo, oni su moji unuci i nadam se da \u0107e me, kad porastu, po\u0161tivati bar pola od ovoga koliko ih ja sada njih volim&#8221;, tople su rije\u010di zadovoljne i predane bake Suzane.<\/p>\n\n\n\n<h3 class=\"wp-block-heading\">Lijepo joj je \u017eivjeti na selu<\/h3>\n\n\n\n<p>Napisala je potom i nekoliko redaka o sebi: &#8220;Zavr\u0161ila sam srednju \u0161kolu i radila kao administrativna djelatnica, a sada sam doma\u0107ica pa povremeno stignem odvojiti vrijeme za igru s dvoje unu\u010dadi. Imam 58 godina i \u017eivim na selu, imam vrt, ali ne bavim se nekom velikom poljoprivredom. Sadim samo koliko je potrebno meni i suprugu. Osim vrta imam i kokice pa uvijek privredim dovoljno jaja za nas dvoje, ali \u010desto bude i za k\u0107er i njezinu obitelj&#8221;, povjerava nam vrijedna gospo\u0111a Suzana. <\/p><div id=\"mojev-447211321\" class=\"mojev-u-tekstu mojev-entity-placement\" style=\"margin-left: auto;margin-right: auto;text-align: center;\"><div class=\"mojev-adlabel\">oglas<\/div><div style=\"height: 250px;\"><script async src=\"https:\/\/pagead2.googlesyndication.com\/pagead\/js\/adsbygoogle.js?client=ca-pub-8106111766207173\"\r\n     crossorigin=\"anonymous\"><\/script>\r\n<!-- Prikazni 1 u tekstu -->\r\n<ins class=\"adsbygoogle\"\r\n     style=\"display:block\"\r\n     data-ad-client=\"ca-pub-8106111766207173\"\r\n     data-ad-slot=\"8535551207\"\r\n     data-ad-format=\"auto\"\r\n     data-full-width-responsive=\"true\"><\/ins>\r\n<script>\r\n     (adsbygoogle = window.adsbygoogle || []).push({});\r\n<\/script><\/div><\/div><br style=\"clear: both; display: block; float: none;\"\/>\n\n\n\n<h3 class=\"wp-block-heading\">Jana: Jednu unuku vi\u0161e grlim, ali naslijedit \u0107e tre\u0107inu<\/h3>\n\n\n\n<p>Razgovarala sam na tu temu i <strong>gospo\u0111om Janom<\/strong>, pitav\u0161i je, je li sklonija unuci koja \u017eivi s njom u ku\u0107i, nego unucima koji \u017eive pedesetak kilometara od nje. &#8220;Joj, ne volim vam ja takva pitanja, ba\u0161 kao \u0161to je glupo dijete pitati koga vi\u0161e voli, mamu ili tatu. Pa ja vam se ni samoj sebi ne usudim priznati da mi je moja Ma\u0161a dra\u017ea, iako sam svaki dan s njom, znam sve od njoj otkako se rodila, povjerava mi se, nakon \u0161kole ru\u010da kod mene&#8221;, govori mi.<\/p>\n\n\n\n<p>No, brzo je prekinula niz odu\u0161evljenih re\u010denica o svojoj Ma\u0161i, i rekla: &#8220;Veza s drugom unu\u010dicom i unukom je druga\u010dija \u0161to je razumljivo jer se vidimo jednom, dvaput mjese\u010dno, ali je opet sna\u017ena. Ja sam posve uklju\u010dena i u njihove \u017eivote, nazovem ih svako malo, svakog ponaosob. Po\u0161aljem im preko mobitela i kakvu lijepu fotografiju ili samo misao, ili im po\u017eelim sre\u0107u na testu u \u0161koli. I oni meni po\u0161alju kakvu poruku, jave mi kad dobiju peticu, a unuka se po\u017eali \u010dak i kad se roditelji posva\u0111aju&#8221;, govori gospo\u0111a Jana.<\/p>\n\n\n\n<p>Odlu\u010dila je ve\u0107, povjerila mi je, i da \u0107e svakom unuku ostaviti pravednu tre\u0107inu i tu nikad ne bi radila razliku. &#8220;Uvijek svi troje dobiju isti d\u017eeparac za ro\u0111endane, sve im isto kupujem, ja nikad je kupim jednu \u010dokoladu, uvijek tri. Ono \u0161to vi\u0161e dajem Ma\u0161i su zagrljaji, koji mi svaki dan iznova pune du\u0161u, i dobro, evo priznat \u0107u da mi je dra\u017ea od svih i svega na ovome svijetu, ali ja \u0107u joj ostaviti pravednu tre\u0107inu&#8221;, iskrena je gospo\u0111a Jana.<\/p>\n\n\n\n<div id=\"crveno\"><\/p>\n\n\n\n<h3 class=\"wp-block-heading\">Zanima nas va\u0161a pri\u010da<\/h3>\n\n\n\n<p>\u017delite li i vi, posve anonimno, podijeliti svoje iskustvo i vi\u0111enje ove teme s nama i na\u0161im \u010ditateljima, mo\u017eete to u\u010diniti putem web obrasca <a rel=\"noreferrer noopener\" href=\"https:\/\/www.mojevrijeme.hr\/magazin\/povjerljivo\/\" target=\"_blank\">Povjerljivo<\/a>. Napi\u0161ite svoju pri\u010du!<\/p>\n\n\n\n<p><\/div>\n<div id=\"mojev-1722479871\" class=\"mojev-kraj-teksta mojev-entity-placement\" style=\"margin-bottom: 20px;margin-left: auto;margin-right: auto;text-align: center;\"><div class=\"mojev-adlabel\">oglas<\/div><div style=\"height: 250px;\"><script async src=\"https:\/\/pagead2.googlesyndication.com\/pagead\/js\/adsbygoogle.js?client=ca-pub-8106111766207173\"\r\n     crossorigin=\"anonymous\"><\/script>\r\n<!-- Display-1 -->\r\n<ins class=\"adsbygoogle\"\r\n     style=\"display:block\"\r\n     data-ad-client=\"ca-pub-8106111766207173\"\r\n     data-ad-slot=\"1465712950\"\r\n     data-ad-format=\"auto\"\r\n     data-full-width-responsive=\"true\"><\/ins>\r\n<script>\r\n     (adsbygoogle = window.adsbygoogle || []).push({});\r\n<\/script><\/div><\/div>","protected":false},"excerpt":{"rendered":"<p>Gospo\u0111a Suzana, baka dvoje unu\u010dadi, napisala nam je povjerljivo pismo u kojem priznaje da joj srce nehotice naginje prema unuku, iako je prije mislila da \u0107e vi\u0161e voljeti unu\u010dicu. Na tu temu razgovarali smo i s gospo\u0111om Janom, koja \u017eivi s jednom unu\u010dicom, a stalih dvoje su joj daleko \u2013 na pitanje mo\u017ee li svih troje voljeti jednako, odgovorila je da \u010dak i da unuku s kojom \u017eivi voli vi\u0161e, sve jednako daruje i svatko \u0107e naslijediti tre\u0107inu. <\/p>\n","protected":false},"author":17,"featured_media":89153,"comment_status":"closed","ping_status":"closed","sticky":false,"template":"","format":"standard","meta":{"footnotes":""},"categories":[3552],"tags":[3549,2432],"class_list":["post-89134","post","type-post","status-publish","format-standard","has-post-thumbnail","hentry","category-povjerljivo","tag-bake-i-unuci","tag-nasljedstvo"],"_links":{"self":[{"href":"https:\/\/www.mojevrijeme.hr\/magazin\/wp-json\/wp\/v2\/posts\/89134","targetHints":{"allow":["GET"]}}],"collection":[{"href":"https:\/\/www.mojevrijeme.hr\/magazin\/wp-json\/wp\/v2\/posts"}],"about":[{"href":"https:\/\/www.mojevrijeme.hr\/magazin\/wp-json\/wp\/v2\/types\/post"}],"author":[{"embeddable":true,"href":"https:\/\/www.mojevrijeme.hr\/magazin\/wp-json\/wp\/v2\/users\/17"}],"replies":[{"embeddable":true,"href":"https:\/\/www.mojevrijeme.hr\/magazin\/wp-json\/wp\/v2\/comments?post=89134"}],"version-history":[{"count":0,"href":"https:\/\/www.mojevrijeme.hr\/magazin\/wp-json\/wp\/v2\/posts\/89134\/revisions"}],"wp:featuredmedia":[{"embeddable":true,"href":"https:\/\/www.mojevrijeme.hr\/magazin\/wp-json\/wp\/v2\/media\/89153"}],"wp:attachment":[{"href":"https:\/\/www.mojevrijeme.hr\/magazin\/wp-json\/wp\/v2\/media?parent=89134"}],"wp:term":[{"taxonomy":"category","embeddable":true,"href":"https:\/\/www.mojevrijeme.hr\/magazin\/wp-json\/wp\/v2\/categories?post=89134"},{"taxonomy":"post_tag","embeddable":true,"href":"https:\/\/www.mojevrijeme.hr\/magazin\/wp-json\/wp\/v2\/tags?post=89134"}],"curies":[{"name":"wp","href":"https:\/\/api.w.org\/{rel}","templated":true}]}}