{"id":89188,"date":"2023-10-27T09:45:40","date_gmt":"2023-10-27T07:45:40","guid":{"rendered":"https:\/\/www.mojevrijeme.hr\/magazin\/?p=89188"},"modified":"2023-10-28T21:30:36","modified_gmt":"2023-10-28T19:30:36","slug":"harapin-zalepugin-mladima-se-danas-sve-vidi-mogu-i-goli-hodati","status":"publish","type":"post","link":"https:\/\/www.mojevrijeme.hr\/magazin\/2023\/10\/harapin-zalepugin-mladima-se-danas-sve-vidi-mogu-i-goli-hodati\/","title":{"rendered":"Harapin Zalepugin: Mladima se danas sve vidi, mogu i goli hodati"},"content":{"rendered":"\n<p>Modna agentica&nbsp;<strong>Tihana Harapin Zalepugin<\/strong> komentirala je za <a href=\"https:\/\/www.jutarnji.hr\/vijesti\/hrvatska\/kada-gledam-slike-sa-zagrebacke-spice-ne-mogu-vjerovati-sto-je-u-nekim-glavama-feministice-neka-se-ljute-15387912\" target=\"_blank\" rel=\"noreferrer noopener\">Jutarnji list<\/a> na\u010din na koji se danas odijevaju mladi. <\/p>\n\n\n\n<p>&#8220;Mladi ve\u0107inom nose uske traperice. Meni do\u0111e nekad da pitam: a za\u0161to si ti uop\u0107e obukla ove hla\u010de? Pa mogla si gola hodati. Sve ti se vidi. To nema veza s gra\u0111om. To ima veze s mozgom jer nemoj se \u010duditi ako te netko u\u0161tipne ili ti ne\u0161to dobacuje&#8221;, kazala je Harapin Zalepugin. <\/p>\n\n\n\n<p>&#8220;Ja sam za pristojnost, a toga sve manje vi\u0111am. Pristojna odje\u0107a ne mora biti skupa. Kada gledam slike sa zagreba\u010dke \u0161pice subotom, ne mogu vjerovati \u0161to je u nekim glavama&#8221;, govori modna agentica. Na opasku da bi se nakon takve izjave na nju mogle naljutiti feministice, odgovara: &#8220;Neka se ljute, ja imam svoj stav!&#8221;<\/p><div id=\"mojev-2479295118\" class=\"mojev-u-tekstu mojev-entity-placement\" style=\"margin-left: auto;margin-right: auto;text-align: center;\"><div class=\"mojev-adlabel\">oglas<\/div><div style=\"height: 250px;\"><script async src=\"https:\/\/pagead2.googlesyndication.com\/pagead\/js\/adsbygoogle.js?client=ca-pub-8106111766207173\"\r\n     crossorigin=\"anonymous\"><\/script>\r\n<!-- Prikazni 1 u tekstu -->\r\n<ins class=\"adsbygoogle\"\r\n     style=\"display:block\"\r\n     data-ad-client=\"ca-pub-8106111766207173\"\r\n     data-ad-slot=\"8535551207\"\r\n     data-ad-format=\"auto\"\r\n     data-full-width-responsive=\"true\"><\/ins>\r\n<script>\r\n     (adsbygoogle = window.adsbygoogle || []).push({});\r\n<\/script><\/div><\/div><br style=\"clear: both; display: block; float: none;\"\/>\n\n\n\n<p>O \u017evotu nakon smrti supruga, Harapin Zalepugin je kazala: &#8220;Kako se nosim? Radim, \u017eivim&#8230; Ne znam uop\u0107e od kud bih krenula. U svako slu\u010daju tu sam. Vrlo sam aktivna, pripremam djevojke za scenu, to volim i znam raditi. Jedan dizajner me je usporedio sa svojom bakom. No, ja nisam baka iako imam 72 godine. Penjem se na \u010detvrti kat, puno hodam, dr\u017ei me akcija i i pomisao na moje zlato koje je negdje gore, koje me vidi i koje ne smijem osramoti.&#8221;<\/p>\n<div id=\"mojev-1541573294\" class=\"mojev-kraj-teksta mojev-entity-placement\" style=\"margin-bottom: 20px;margin-left: auto;margin-right: auto;text-align: center;\"><div class=\"mojev-adlabel\">oglas<\/div><div style=\"height: 250px;\"><script async src=\"https:\/\/pagead2.googlesyndication.com\/pagead\/js\/adsbygoogle.js?client=ca-pub-8106111766207173\"\r\n     crossorigin=\"anonymous\"><\/script>\r\n<!-- Display-1 -->\r\n<ins class=\"adsbygoogle\"\r\n     style=\"display:block\"\r\n     data-ad-client=\"ca-pub-8106111766207173\"\r\n     data-ad-slot=\"1465712950\"\r\n     data-ad-format=\"auto\"\r\n     data-full-width-responsive=\"true\"><\/ins>\r\n<script>\r\n     (adsbygoogle = window.adsbygoogle || []).push({});\r\n<\/script><\/div><\/div>","protected":false},"excerpt":{"rendered":"<p>&#8216;Vrlo sam aktivna, pripremam djevojke za scenu, to volim i znam raditi. Jedan dizajner me je usporedio sa svojom bakom. No, ja nisam baka iako imam 72 godine.&#8217;<\/p>\n","protected":false},"author":1,"featured_media":51600,"comment_status":"closed","ping_status":"closed","sticky":false,"template":"","format":"standard","meta":{"footnotes":""},"categories":[2],"tags":[276,3501,2846],"class_list":["post-89188","post","type-post","status-publish","format-standard","has-post-thumbnail","hentry","category-mozaik","tag-moda","tag-odijevanje","tag-tihana-harapin-zalepugin"],"_links":{"self":[{"href":"https:\/\/www.mojevrijeme.hr\/magazin\/wp-json\/wp\/v2\/posts\/89188","targetHints":{"allow":["GET"]}}],"collection":[{"href":"https:\/\/www.mojevrijeme.hr\/magazin\/wp-json\/wp\/v2\/posts"}],"about":[{"href":"https:\/\/www.mojevrijeme.hr\/magazin\/wp-json\/wp\/v2\/types\/post"}],"author":[{"embeddable":true,"href":"https:\/\/www.mojevrijeme.hr\/magazin\/wp-json\/wp\/v2\/users\/1"}],"replies":[{"embeddable":true,"href":"https:\/\/www.mojevrijeme.hr\/magazin\/wp-json\/wp\/v2\/comments?post=89188"}],"version-history":[{"count":0,"href":"https:\/\/www.mojevrijeme.hr\/magazin\/wp-json\/wp\/v2\/posts\/89188\/revisions"}],"wp:featuredmedia":[{"embeddable":true,"href":"https:\/\/www.mojevrijeme.hr\/magazin\/wp-json\/wp\/v2\/media\/51600"}],"wp:attachment":[{"href":"https:\/\/www.mojevrijeme.hr\/magazin\/wp-json\/wp\/v2\/media?parent=89188"}],"wp:term":[{"taxonomy":"category","embeddable":true,"href":"https:\/\/www.mojevrijeme.hr\/magazin\/wp-json\/wp\/v2\/categories?post=89188"},{"taxonomy":"post_tag","embeddable":true,"href":"https:\/\/www.mojevrijeme.hr\/magazin\/wp-json\/wp\/v2\/tags?post=89188"}],"curies":[{"name":"wp","href":"https:\/\/api.w.org\/{rel}","templated":true}]}}