{"id":8940,"date":"2017-01-26T14:14:42","date_gmt":"2017-01-26T13:14:42","guid":{"rendered":"http:\/\/www.mojevrijeme.hr\/magazin\/?p=8940"},"modified":"2017-01-26T14:14:42","modified_gmt":"2017-01-26T13:14:42","slug":"plenkovic-o-prvih-100-dana-brinut-cemo-o-umirovljenicima","status":"publish","type":"post","link":"https:\/\/www.mojevrijeme.hr\/magazin\/2017\/01\/plenkovic-o-prvih-100-dana-brinut-cemo-o-umirovljenicima\/","title":{"rendered":"Plenkovi\u0107 o prvih 100 dana: Brinut \u0107emo o umirovljenicima"},"content":{"rendered":"<p>&#8220;Ozbiljno i odgovorno smo pristupili svom poslu. Radit \u0107emo za dobrobit mladih, svih koji rade u svim granama gospodarstva, dr\u017eavne uprave, privatnog sektora, <strong>brinut \u0107emo o umirovljenicima<\/strong>. Zato \u0107emo nastaviti posao oko socijalnog dijaloga&#8221;,\u00a0izjavio je premijer i \u0161ef HDZ-a Andrej Plenkovi\u0107\u00a0povodom sto dana svoje vladavine.<\/p>\n<p>U\u010dinili smo maksimalan napor da predano pristupimo programu Vlade. Smjer kojim \u0107e Vlada i\u0107i u politi\u010dkom \u017eivotu zemlje je politi\u010dka stabilnost, kultura dijaloga i smanjenje podjela, rekao je premijer me\u0111u ostalim.<\/p>\n<p>&#8220;\u010citam po medijima da zavr\u0161ava na\u0161 medeni mjesec. Ako je ovo medeni mjesec, nisam siguran da bi se mnogi rado i\u0161li \u017eeniti kakav smo tretman imali, koliko je pitanja bilo na dnevnom redu i sa koliko anga\u017emana smo krenuli u ostvarivanje bitnih zada\u0107a koje su prije svega fokusirane na gospodarstvo, na dru\u0161tvenu solidarnost, na pravnu sigurnost i iznad svega ono \u0161to je klju\u010d i poruka na\u0161e Vlade &#8211; politi\u010dka stabilnost u zemlji, kultura dijaloga, smanjenje podjela i to je onaj stil, onaj smjer kojim \u0107e ova Vlada davati ton politi\u010dkom radu i \u017eivotu Hrvatske&#8221;, izjavio je Plenkovi\u0107 na po\u010detku sjednice.<\/p><div id=\"mojev-2926504141\" class=\"mojev-u-tekstu mojev-entity-placement\" style=\"margin-left: auto;margin-right: auto;text-align: center;\"><div class=\"mojev-adlabel\">oglas<\/div><div style=\"height: 250px;\"><script async src=\"https:\/\/pagead2.googlesyndication.com\/pagead\/js\/adsbygoogle.js?client=ca-pub-8106111766207173\"\r\n     crossorigin=\"anonymous\"><\/script>\r\n<!-- Prikazni 1 u tekstu -->\r\n<ins class=\"adsbygoogle\"\r\n     style=\"display:block\"\r\n     data-ad-client=\"ca-pub-8106111766207173\"\r\n     data-ad-slot=\"8535551207\"\r\n     data-ad-format=\"auto\"\r\n     data-full-width-responsive=\"true\"><\/ins>\r\n<script>\r\n     (adsbygoogle = window.adsbygoogle || []).push({});\r\n<\/script><\/div><\/div><br style=\"clear: both; display: block; float: none;\"\/>\n<div id=\"mojev-1415108216\" class=\"mojev-kraj-teksta mojev-entity-placement\" style=\"margin-bottom: 20px;margin-left: auto;margin-right: auto;text-align: center;\"><div class=\"mojev-adlabel\">oglas<\/div><div style=\"height: 250px;\"><script async src=\"https:\/\/pagead2.googlesyndication.com\/pagead\/js\/adsbygoogle.js?client=ca-pub-8106111766207173\"\r\n     crossorigin=\"anonymous\"><\/script>\r\n<!-- Display-1 -->\r\n<ins class=\"adsbygoogle\"\r\n     style=\"display:block\"\r\n     data-ad-client=\"ca-pub-8106111766207173\"\r\n     data-ad-slot=\"1465712950\"\r\n     data-ad-format=\"auto\"\r\n     data-full-width-responsive=\"true\"><\/ins>\r\n<script>\r\n     (adsbygoogle = window.adsbygoogle || []).push({});\r\n<\/script><\/div><\/div>","protected":false},"excerpt":{"rendered":"<p>\u010citam po medijima da zavr\u0161ava na\u0161 medeni mjesec. Ako je ovo medeni mjesec, nisam siguran da bi se mnogi rado i\u0161li \u017eeniti kakav smo tretman imali, koliko je pitanja bilo na dnevnom redu i sa koliko anga\u017emana smo krenuli u ostvarivanje bitnih zada\u0107a koje su prije svega fokusirane na gospodarstvo, na dru\u0161tvenu solidarnost, na pravnu sigurnost i iznad svega ono \u0161to je klju\u010d i poruka na\u0161e Vlade &#8211; politi\u010dka stabilnost u zemlji, kultura dijaloga, smanjenje podjela i to je onaj stil, onaj smjer kojim \u0107e ova Vlada davati ton politi\u010dkom radu i \u017eivotu Hrvatske<\/p>\n","protected":false},"author":1,"featured_media":8140,"comment_status":"closed","ping_status":"open","sticky":false,"template":"","format":"standard","meta":{"footnotes":""},"categories":[9],"tags":[888,238],"class_list":["post-8940","post","type-post","status-publish","format-standard","has-post-thumbnail","hentry","category-vijesti","tag-andrej-plenkovic","tag-politika"],"_links":{"self":[{"href":"https:\/\/www.mojevrijeme.hr\/magazin\/wp-json\/wp\/v2\/posts\/8940","targetHints":{"allow":["GET"]}}],"collection":[{"href":"https:\/\/www.mojevrijeme.hr\/magazin\/wp-json\/wp\/v2\/posts"}],"about":[{"href":"https:\/\/www.mojevrijeme.hr\/magazin\/wp-json\/wp\/v2\/types\/post"}],"author":[{"embeddable":true,"href":"https:\/\/www.mojevrijeme.hr\/magazin\/wp-json\/wp\/v2\/users\/1"}],"replies":[{"embeddable":true,"href":"https:\/\/www.mojevrijeme.hr\/magazin\/wp-json\/wp\/v2\/comments?post=8940"}],"version-history":[{"count":0,"href":"https:\/\/www.mojevrijeme.hr\/magazin\/wp-json\/wp\/v2\/posts\/8940\/revisions"}],"wp:featuredmedia":[{"embeddable":true,"href":"https:\/\/www.mojevrijeme.hr\/magazin\/wp-json\/wp\/v2\/media\/8140"}],"wp:attachment":[{"href":"https:\/\/www.mojevrijeme.hr\/magazin\/wp-json\/wp\/v2\/media?parent=8940"}],"wp:term":[{"taxonomy":"category","embeddable":true,"href":"https:\/\/www.mojevrijeme.hr\/magazin\/wp-json\/wp\/v2\/categories?post=8940"},{"taxonomy":"post_tag","embeddable":true,"href":"https:\/\/www.mojevrijeme.hr\/magazin\/wp-json\/wp\/v2\/tags?post=8940"}],"curies":[{"name":"wp","href":"https:\/\/api.w.org\/{rel}","templated":true}]}}