{"id":89448,"date":"2023-10-30T16:50:52","date_gmt":"2023-10-30T15:50:52","guid":{"rendered":"https:\/\/www.mojevrijeme.hr\/magazin\/?p=89448"},"modified":"2023-10-30T16:52:14","modified_gmt":"2023-10-30T15:52:14","slug":"13-mirovina-ispravlja-nepravdu-prema-onima-koji-su-odradili-40-i-vise-godina","status":"publish","type":"post","link":"https:\/\/www.mojevrijeme.hr\/magazin\/2023\/10\/13-mirovina-ispravlja-nepravdu-prema-onima-koji-su-odradili-40-i-vise-godina\/","title":{"rendered":"&#8217;13. mirovina ispravlja nepravdu prema onima koji su odradili 40 i vi\u0161e godina&#8217;"},"content":{"rendered":"\n<p>Vi\u0161e od 630 tisu\u0107a umirovljenika dobilo je energetski dodatak, ali on je ve\u0107 \u0161esti put zaobi\u0161ao umirovljenike koji imaju vi\u0161e od 700 eura mirovine. Mnogi to do\u017eivljavaju kao nepravdu.<\/p>\n\n\n\n<p>Nakon pune 42 godine sta\u017ea, umirovljena ra\u010dunovotkinja <strong>Marina Glavina<\/strong> ima mirovinu koja tek prelazi 700 eura. To je jedva dovoljno da bi pokrila \u017eivotne tro\u0161kove, ali previ\u0161e da bi dobila inflacijski dodatak. &#8220;U posljednje tri godine, a ovo je sad \u0161esti dodatak, nikad ga nisam dobila jer za par eura prelazim cenzus&#8221;, objasnila je Glavina za <a href=\"http:\/\/Dnevnik.hr\" data-type=\"link\" data-id=\"Dnevnik.hr\" target=\"_blank\" rel=\"noreferrer noopener\">Novu TV.<\/a><\/p>\n\n\n\n<p>Ove jednokratne dodatke vlada je uvela tijekom COVID krize da bi pomogla onima kojim je to bilo neophodno. Cenzus je s 530 porastao na 700 eura. Ipak, problem je taj da su oni iznad cenzusa, za razliku od mnogih koji primaju dodatak, odradili puni sta\u017e. &#8220;I oni su sad ljuti. Ka\u017eu, radili su \u010detrdeset godina, a ovaj koji je radio trideset i upla\u0107ivao je manje doprinosa, sada ve\u0107 \u0161esti put dobiva dodatak&#8221;, obja\u0161njava <strong>Igor Kne\u017eevi\u0107<\/strong>, glavni tajnik Sindikata umirovljenika Hrvatske.<\/p><div id=\"mojev-3460408691\" class=\"mojev-u-tekstu mojev-entity-placement\" style=\"margin-left: auto;margin-right: auto;text-align: center;\"><div class=\"mojev-adlabel\">oglas<\/div><div style=\"height: 250px;\"><script async src=\"https:\/\/pagead2.googlesyndication.com\/pagead\/js\/adsbygoogle.js?client=ca-pub-8106111766207173\"\r\n     crossorigin=\"anonymous\"><\/script>\r\n<!-- Prikazni 1 u tekstu -->\r\n<ins class=\"adsbygoogle\"\r\n     style=\"display:block\"\r\n     data-ad-client=\"ca-pub-8106111766207173\"\r\n     data-ad-slot=\"8535551207\"\r\n     data-ad-format=\"auto\"\r\n     data-full-width-responsive=\"true\"><\/ins>\r\n<script>\r\n     (adsbygoogle = window.adsbygoogle || []).push({});\r\n<\/script><\/div><\/div><br style=\"clear: both; display: block; float: none;\"\/>\n\n\n\n<p>Marina Glavina potvr\u0111uje da osje\u0107a nepravdu: &#8220;Razo\u010darana sam i mislim da je trebalo isplatiti dodatak svim umirovljenicima. Makar ne\u0161to da nije ni\u0161ta.&#8221;<\/p>\n\n\n\n<p>To ne\u0161to bi trebao biti godi\u0161nji dodatak <strong>za sve umirovljenike je 13. mirovina<\/strong>. Ona je jedan o \u010detiri zahtjeva koje su umirovljeni\u010dke udruge stavile pred Vladu. Iz Vlade RH poru\u010duju da \u0107e se o svemu razgovarati. Potpredsjednik Vlade Oleg Butkovi\u0107 ka\u017ee: &#8220;Do kuda \u0107e to dovesti ne mogu \u0161pekulirati u ovom trenutku.&#8221;<\/p>\n\n\n\n<p>Nije isklju\u010deno da umirovljenici ove godine dobiju neo\u010dekivani bo\u017ei\u0107ni dar. &#8220;Uvijek se treba nadati. Vjerojatno ne\u0161to \u0107e biti. Koliko? To se ne zna. Znamo svi \u0161to je idu\u0107e godine&#8221;, ka\u017ee Glavina aludiraju\u0107i na parlamentarne izbore.<\/p>\n<div id=\"mojev-1045845218\" class=\"mojev-kraj-teksta mojev-entity-placement\" style=\"margin-bottom: 20px;margin-left: auto;margin-right: auto;text-align: center;\"><div class=\"mojev-adlabel\">oglas<\/div><div style=\"height: 250px;\"><script async src=\"https:\/\/pagead2.googlesyndication.com\/pagead\/js\/adsbygoogle.js?client=ca-pub-8106111766207173\"\r\n     crossorigin=\"anonymous\"><\/script>\r\n<!-- Display-1 -->\r\n<ins class=\"adsbygoogle\"\r\n     style=\"display:block\"\r\n     data-ad-client=\"ca-pub-8106111766207173\"\r\n     data-ad-slot=\"1465712950\"\r\n     data-ad-format=\"auto\"\r\n     data-full-width-responsive=\"true\"><\/ins>\r\n<script>\r\n     (adsbygoogle = window.adsbygoogle || []).push({});\r\n<\/script><\/div><\/div>","protected":false},"excerpt":{"rendered":"<p>Umirovljenici koji su radili 40 i vi\u0161e godina, uglavnom, nemaju pravo na energetske i inflacijske dodatke. To ih ljuti pa ka\u017eu: Da smo manje radili, dobili bismo vi\u0161e. <\/p>\n","protected":false},"author":1,"featured_media":76174,"comment_status":"closed","ping_status":"closed","sticky":false,"template":"","format":"standard","meta":{"footnotes":""},"categories":[9],"tags":[3398,3055,18],"class_list":["post-89448","post","type-post","status-publish","format-standard","has-post-thumbnail","hentry","category-vijesti","tag-13-mirovina","tag-energetski-dodatak","tag-mirovine"],"_links":{"self":[{"href":"https:\/\/www.mojevrijeme.hr\/magazin\/wp-json\/wp\/v2\/posts\/89448","targetHints":{"allow":["GET"]}}],"collection":[{"href":"https:\/\/www.mojevrijeme.hr\/magazin\/wp-json\/wp\/v2\/posts"}],"about":[{"href":"https:\/\/www.mojevrijeme.hr\/magazin\/wp-json\/wp\/v2\/types\/post"}],"author":[{"embeddable":true,"href":"https:\/\/www.mojevrijeme.hr\/magazin\/wp-json\/wp\/v2\/users\/1"}],"replies":[{"embeddable":true,"href":"https:\/\/www.mojevrijeme.hr\/magazin\/wp-json\/wp\/v2\/comments?post=89448"}],"version-history":[{"count":0,"href":"https:\/\/www.mojevrijeme.hr\/magazin\/wp-json\/wp\/v2\/posts\/89448\/revisions"}],"wp:featuredmedia":[{"embeddable":true,"href":"https:\/\/www.mojevrijeme.hr\/magazin\/wp-json\/wp\/v2\/media\/76174"}],"wp:attachment":[{"href":"https:\/\/www.mojevrijeme.hr\/magazin\/wp-json\/wp\/v2\/media?parent=89448"}],"wp:term":[{"taxonomy":"category","embeddable":true,"href":"https:\/\/www.mojevrijeme.hr\/magazin\/wp-json\/wp\/v2\/categories?post=89448"},{"taxonomy":"post_tag","embeddable":true,"href":"https:\/\/www.mojevrijeme.hr\/magazin\/wp-json\/wp\/v2\/tags?post=89448"}],"curies":[{"name":"wp","href":"https:\/\/api.w.org\/{rel}","templated":true}]}}