{"id":89492,"date":"2023-10-31T08:47:48","date_gmt":"2023-10-31T07:47:48","guid":{"rendered":"https:\/\/www.mojevrijeme.hr\/magazin\/?p=89492"},"modified":"2023-10-31T08:48:29","modified_gmt":"2023-10-31T07:48:29","slug":"uhicena-banda-koja-je-pljackala-umirovljenice-u-sesvetama-i-dugom-selu","status":"publish","type":"post","link":"https:\/\/www.mojevrijeme.hr\/magazin\/2023\/10\/uhicena-banda-koja-je-pljackala-umirovljenice-u-sesvetama-i-dugom-selu\/","title":{"rendered":"Uhi\u0107ena banda koja je plja\u010dkala umirovljenice u Sesvetama i Dugom Selu"},"content":{"rendered":"\n<p>Uli\u010dnim d\u017eeparima najdra\u017ei su nov\u010danici. To znaju i sami gra\u0111ani kao i policija. Proteklih dana su zagreba\u010dki policajci zaustavili val nasrtaja na gra\u0111ane koji su u stotinki sekunde, dok su se nalazili na ulicama Dugog Sela i Sesveta, ostajali bez svojih nov\u010danika s novcem i dokumentima, javlja <a href=\"https:\/\/www.jutarnji.hr\/vijesti\/crna-kronika\/troclana-banda-haracila-po-dugom-selu-i-sesvetama-imali-su-posebnu-metodu-kako-ljudima-pokrasti-novac-15389328\" target=\"_blank\" rel=\"noreferrer noopener\">Jutarnji list<\/a>. <\/p>\n\n\n\n<p>Uhi\u0107ena je tro\u010dlana banda koju su predvodile dvije \u017eene stare 28 i 43 godine, a va\u017enu ulogu u toj ekipi odra\u0111ivao je i netom punoljetni mladi\u0107. Tereti ih se za dvije kra\u0111e, nedozvoljeno posjedovanje bezgotovinskog instrumenta pla\u0107anja te poku\u0161aj ra\u010dunalne prijevare.<\/p>\n\n\n\n<p>Dvije kradljivice se tereti da su 2. listopada ujutro hara\u010dile Zori\u0107evom ulicom u Dugom Selu. Pri\u0161le su 59-godi\u0161njakinji koji su pokrale u hodu. Dok je jedna zaklanjala pogled od ostalih prolaznika, druga je rudarila po ruksaku odabrane mete. Pritom su joj ukrale nov\u010danik, a na osnovu kartica koje su u njemu prona\u0161le, 43-godi\u0161njakinja je bezuspje\u0161no poku\u0161avala potom na bankomatima podi\u0107i novac. Istog dana u istoj ulici su se okomile i na 66-godi\u0161njakinju kojoj su tako\u0111er ukrale nov\u010danik.<\/p><div id=\"mojev-2427886133\" class=\"mojev-u-tekstu mojev-entity-placement\" style=\"margin-left: auto;margin-right: auto;text-align: center;\"><div class=\"mojev-adlabel\">oglas<\/div><div style=\"height: 250px;\"><script async src=\"https:\/\/pagead2.googlesyndication.com\/pagead\/js\/adsbygoogle.js?client=ca-pub-8106111766207173\"\r\n     crossorigin=\"anonymous\"><\/script>\r\n<!-- Prikazni 1 u tekstu -->\r\n<ins class=\"adsbygoogle\"\r\n     style=\"display:block\"\r\n     data-ad-client=\"ca-pub-8106111766207173\"\r\n     data-ad-slot=\"8535551207\"\r\n     data-ad-format=\"auto\"\r\n     data-full-width-responsive=\"true\"><\/ins>\r\n<script>\r\n     (adsbygoogle = window.adsbygoogle || []).push({});\r\n<\/script><\/div><\/div><br style=\"clear: both; display: block; float: none;\"\/>\n\n\n\n<p>Sve troje osumnji\u010denih je, potom, i 26. listopada u rano jutro prema uhodanom scenariju operiralo po sesvetskom sajmu. I tu su se fokusirali na tu\u0111e nov\u010danike pa su tako 71-godi\u0161njoj umirovljenici pri\u0161li a ona, ne slute\u0107i ni\u0161ta, nije primijetila da je 28-godi\u0161njakinja duboko zavukla ruku u njezin ruksak dok su njezini pomaga\u010di zaklanjali pogled od prolaznika. S ukradenim plijenom su se odlu\u010dile po\u010dastiti tako \u0161to su oti\u0161le do trgova\u010dkog centra kako bi u jednoj trgovini peglale kartice na tu\u0111i ra\u010dun.<\/p>\n\n\n\n<p>I dok su dvije kradljivice predane pritvorskom nadzorniku uz kaznene prijave, 18-godi\u0161njak je zaradio posebno izvje\u0161\u0107e dr\u017eavnom odvjetni\u0161tvu redovnim putem.<\/p>\n\n\n\n<p><a target=\"_blank\" href=\"https:\/\/www.facebook.com\/sharer.php?u=https%3A%2F%2Fwww.jutarnji.hr%2Fvijesti%2Fcrna-kronika%2Ftroclana-banda-haracila-po-dugom-selu-i-sesvetama-imali-su-posebnu-metodu-kako-ljudima-pokrasti-novac-15389328\" rel=\"noreferrer noopener\"><\/a><\/p>\n<div id=\"mojev-3621224382\" class=\"mojev-kraj-teksta mojev-entity-placement\" style=\"margin-bottom: 20px;margin-left: auto;margin-right: auto;text-align: center;\"><div class=\"mojev-adlabel\">oglas<\/div><div style=\"height: 250px;\"><script async src=\"https:\/\/pagead2.googlesyndication.com\/pagead\/js\/adsbygoogle.js?client=ca-pub-8106111766207173\"\r\n     crossorigin=\"anonymous\"><\/script>\r\n<!-- Display-1 -->\r\n<ins class=\"adsbygoogle\"\r\n     style=\"display:block\"\r\n     data-ad-client=\"ca-pub-8106111766207173\"\r\n     data-ad-slot=\"1465712950\"\r\n     data-ad-format=\"auto\"\r\n     data-full-width-responsive=\"true\"><\/ins>\r\n<script>\r\n     (adsbygoogle = window.adsbygoogle || []).push({});\r\n<\/script><\/div><\/div>","protected":false},"excerpt":{"rendered":"<p>Dvije kradljivice predane su pritvorskom nadzorniku uz kaznene prijave, a 18-godi\u0161njak je zaradio posebno izvje\u0161\u0107e dr\u017eavnom odvjetni\u0161tvu redovnim putem.<\/p>\n","protected":false},"author":1,"featured_media":43074,"comment_status":"closed","ping_status":"closed","sticky":false,"template":"","format":"standard","meta":{"footnotes":""},"categories":[9],"tags":[596,3090,1555,2747],"class_list":["post-89492","post","type-post","status-publish","format-standard","has-post-thumbnail","hentry","category-vijesti","tag-crna-kronika","tag-dugo-selo","tag-krada","tag-sesvete"],"_links":{"self":[{"href":"https:\/\/www.mojevrijeme.hr\/magazin\/wp-json\/wp\/v2\/posts\/89492","targetHints":{"allow":["GET"]}}],"collection":[{"href":"https:\/\/www.mojevrijeme.hr\/magazin\/wp-json\/wp\/v2\/posts"}],"about":[{"href":"https:\/\/www.mojevrijeme.hr\/magazin\/wp-json\/wp\/v2\/types\/post"}],"author":[{"embeddable":true,"href":"https:\/\/www.mojevrijeme.hr\/magazin\/wp-json\/wp\/v2\/users\/1"}],"replies":[{"embeddable":true,"href":"https:\/\/www.mojevrijeme.hr\/magazin\/wp-json\/wp\/v2\/comments?post=89492"}],"version-history":[{"count":0,"href":"https:\/\/www.mojevrijeme.hr\/magazin\/wp-json\/wp\/v2\/posts\/89492\/revisions"}],"wp:featuredmedia":[{"embeddable":true,"href":"https:\/\/www.mojevrijeme.hr\/magazin\/wp-json\/wp\/v2\/media\/43074"}],"wp:attachment":[{"href":"https:\/\/www.mojevrijeme.hr\/magazin\/wp-json\/wp\/v2\/media?parent=89492"}],"wp:term":[{"taxonomy":"category","embeddable":true,"href":"https:\/\/www.mojevrijeme.hr\/magazin\/wp-json\/wp\/v2\/categories?post=89492"},{"taxonomy":"post_tag","embeddable":true,"href":"https:\/\/www.mojevrijeme.hr\/magazin\/wp-json\/wp\/v2\/tags?post=89492"}],"curies":[{"name":"wp","href":"https:\/\/api.w.org\/{rel}","templated":true}]}}