{"id":89495,"date":"2023-10-31T09:04:44","date_gmt":"2023-10-31T08:04:44","guid":{"rendered":"https:\/\/www.mojevrijeme.hr\/magazin\/?p=89495"},"modified":"2023-10-31T09:04:48","modified_gmt":"2023-10-31T08:04:48","slug":"nova-crnogorska-vlada-obecala-minimalnu-mirovinu-od-450-eura","status":"publish","type":"post","link":"https:\/\/www.mojevrijeme.hr\/magazin\/2023\/10\/nova-crnogorska-vlada-obecala-minimalnu-mirovinu-od-450-eura\/","title":{"rendered":"Nova crnogorska vlada obe\u0107ala minimalnu mirovinu od 450 eura"},"content":{"rendered":"\n<p>Crna Gora ima novu vladu. Rasprava o garnituri Milojka Spaji\u0107a zavr\u0161ila je s 46 glasova za, 19 protiv i jednim suzdr\u017eanim. Potvr\u0111eni su ministri iz redova Spaji\u0107eva Pokreta Europa sad, Demokrata Alekse Be\u010di\u0107a, koji je postao i potpredsjednik vlade zadu\u017een za sigurnost te Albanske nacionalne stranke i umjerenog prosrpskog SNP-a, koji imaju po dva ministra.<\/p>\n\n\n\n<p>Vladu je podr\u017eala\u00a0prosrpska i proruska desnica,\u00a0\u010diji je \u010delnik \u010detni\u010dki vojvoda Andrija Mandi\u0107 postao predsjednik crnogorskog parlamenta, Njegova bi koalicija u vladu mogla u\u0107i po\u010detkom 2025., kad bi se prema sporazumu vlada trebala rekonstruirati.<\/p>\n\n\n\n<p>Spaji\u0107 je najavio da \u0107e u prvoj godini njegova mandata prosje\u010dna pla\u0107a u Crnoj Gori biti\u00a01.000 eura, a da \u0107e minimalna mirovina ve\u0107 od svibnja iznositi 450 eura.<\/p><div id=\"mojev-3192367854\" class=\"mojev-u-tekstu mojev-entity-placement\" style=\"margin-left: auto;margin-right: auto;text-align: center;\"><div class=\"mojev-adlabel\">oglas<\/div><div style=\"height: 250px;\"><script async src=\"https:\/\/pagead2.googlesyndication.com\/pagead\/js\/adsbygoogle.js?client=ca-pub-8106111766207173\"\r\n     crossorigin=\"anonymous\"><\/script>\r\n<!-- Prikazni 1 u tekstu -->\r\n<ins class=\"adsbygoogle\"\r\n     style=\"display:block\"\r\n     data-ad-client=\"ca-pub-8106111766207173\"\r\n     data-ad-slot=\"8535551207\"\r\n     data-ad-format=\"auto\"\r\n     data-full-width-responsive=\"true\"><\/ins>\r\n<script>\r\n     (adsbygoogle = window.adsbygoogle || []).push({});\r\n<\/script><\/div><\/div><br style=\"clear: both; display: block; float: none;\"\/>\n\n\n\n<p>Nekoliko tisu\u0107a ljudi prosvjedovalo je u ponedjeljak nave\u010der u Podgorici\u00a0zbog izbora \u010detni\u010dkog vojvode Andrije Mandi\u0107a\u00a0za predsjednika skup\u0161tine Crne Gore. Sudionici prosvjeda nosili su i transparente s porukama &#8220;Vu\u010di\u0107u, d\u017eukelo, slomit \u0107e\u0161 zube na Crnoj Gori&#8221;, &#8220;Izgubismo Drugi svjetski rat&#8221;, &#8220;Ne \u010detni\u010dkoj vladi&#8221;.<\/p>\n<div id=\"mojev-1318185226\" class=\"mojev-kraj-teksta mojev-entity-placement\" style=\"margin-bottom: 20px;margin-left: auto;margin-right: auto;text-align: center;\"><div class=\"mojev-adlabel\">oglas<\/div><div style=\"height: 250px;\"><script async src=\"https:\/\/pagead2.googlesyndication.com\/pagead\/js\/adsbygoogle.js?client=ca-pub-8106111766207173\"\r\n     crossorigin=\"anonymous\"><\/script>\r\n<!-- Display-1 -->\r\n<ins class=\"adsbygoogle\"\r\n     style=\"display:block\"\r\n     data-ad-client=\"ca-pub-8106111766207173\"\r\n     data-ad-slot=\"1465712950\"\r\n     data-ad-format=\"auto\"\r\n     data-full-width-responsive=\"true\"><\/ins>\r\n<script>\r\n     (adsbygoogle = window.adsbygoogle || []).push({});\r\n<\/script><\/div><\/div>","protected":false},"excerpt":{"rendered":"<p>Nekoliko tisu\u0107a ljudi prosvjedovalo je  u Podgorici\u00a0zbog izbora \u010detni\u010dkog vojvode Andrije Mandi\u0107a\u00a0za predsjednika skup\u0161tine Crne Gore.<\/p>\n","protected":false},"author":1,"featured_media":77536,"comment_status":"closed","ping_status":"closed","sticky":false,"template":"","format":"standard","meta":{"footnotes":""},"categories":[9],"tags":[1339,1157],"class_list":["post-89495","post","type-post","status-publish","format-standard","has-post-thumbnail","hentry","category-vijesti","tag-crna-gora","tag-zajamcena-minimalna-mirovina"],"_links":{"self":[{"href":"https:\/\/www.mojevrijeme.hr\/magazin\/wp-json\/wp\/v2\/posts\/89495","targetHints":{"allow":["GET"]}}],"collection":[{"href":"https:\/\/www.mojevrijeme.hr\/magazin\/wp-json\/wp\/v2\/posts"}],"about":[{"href":"https:\/\/www.mojevrijeme.hr\/magazin\/wp-json\/wp\/v2\/types\/post"}],"author":[{"embeddable":true,"href":"https:\/\/www.mojevrijeme.hr\/magazin\/wp-json\/wp\/v2\/users\/1"}],"replies":[{"embeddable":true,"href":"https:\/\/www.mojevrijeme.hr\/magazin\/wp-json\/wp\/v2\/comments?post=89495"}],"version-history":[{"count":0,"href":"https:\/\/www.mojevrijeme.hr\/magazin\/wp-json\/wp\/v2\/posts\/89495\/revisions"}],"wp:featuredmedia":[{"embeddable":true,"href":"https:\/\/www.mojevrijeme.hr\/magazin\/wp-json\/wp\/v2\/media\/77536"}],"wp:attachment":[{"href":"https:\/\/www.mojevrijeme.hr\/magazin\/wp-json\/wp\/v2\/media?parent=89495"}],"wp:term":[{"taxonomy":"category","embeddable":true,"href":"https:\/\/www.mojevrijeme.hr\/magazin\/wp-json\/wp\/v2\/categories?post=89495"},{"taxonomy":"post_tag","embeddable":true,"href":"https:\/\/www.mojevrijeme.hr\/magazin\/wp-json\/wp\/v2\/tags?post=89495"}],"curies":[{"name":"wp","href":"https:\/\/api.w.org\/{rel}","templated":true}]}}