{"id":89634,"date":"2023-11-01T23:36:41","date_gmt":"2023-11-01T22:36:41","guid":{"rendered":"https:\/\/www.mojevrijeme.hr\/magazin\/?p=89634"},"modified":"2023-11-02T09:58:38","modified_gmt":"2023-11-02T08:58:38","slug":"ivanova-majka-upoznala-snahe-neka-ima-i-dvije-mame-bit-cu-sretna","status":"publish","type":"post","link":"https:\/\/www.mojevrijeme.hr\/magazin\/2023\/11\/ivanova-majka-upoznala-snahe-neka-ima-i-dvije-mame-bit-cu-sretna\/","title":{"rendered":"Ivanova majka upoznala &#8216;snahe&#8217;: Neka ima i dvije mame, bit \u0107u sretna"},"content":{"rendered":"\n<p>Mama uvijek zna najbolje? Ne ba\u0161, ako \u0107emo suditi prema najnovijoj epizodi RTL-ovog seoskog zbiljokaza &#8220;Ljubav je na selu&#8221;.<\/p>\n\n\n\n<p>Naime, gu\u0161\u0107anski zavodnik <strong>Ivan Detkovi\u0107<\/strong> (30) organizirao je zabavu uz harmoniku i tambura\u0161e na kojoj je prijateljima i majci <strong>Vi\u0161nji <\/strong>predstavio svoje djevojke &#8211; <strong>Vesnu <\/strong>(52) i <strong>Samantu <\/strong>(27). Bila je to prilika da svaka djevojka porazgovara s potencijalnom svekrvom te da zaslu\u017ei njen blagoslov.<\/p>\n\n\n\n<p>&#8220;Kad sam ga vidjela kako izlazi kroz vrata s one dvije gospo\u0111e, srce mi je skoro puknulo od radosti. Bila sam jako ponosna. Osje\u0107ala sam se kao da \u017eenim sina&#8221;, kazala je majka. &#8220;Osje\u0107ao sam se kao da se \u017eenim dok sam plesao sa Samantom&#8221;, potvrdio je Ivan kojemu su i suze potekle. <\/p><div id=\"mojev-3905251092\" class=\"mojev-u-tekstu mojev-entity-placement\" style=\"margin-left: auto;margin-right: auto;text-align: center;\"><div class=\"mojev-adlabel\">oglas<\/div><div style=\"height: 250px;\"><script async src=\"https:\/\/pagead2.googlesyndication.com\/pagead\/js\/adsbygoogle.js?client=ca-pub-8106111766207173\"\r\n     crossorigin=\"anonymous\"><\/script>\r\n<!-- Prikazni 1 u tekstu -->\r\n<ins class=\"adsbygoogle\"\r\n     style=\"display:block\"\r\n     data-ad-client=\"ca-pub-8106111766207173\"\r\n     data-ad-slot=\"8535551207\"\r\n     data-ad-format=\"auto\"\r\n     data-full-width-responsive=\"true\"><\/ins>\r\n<script>\r\n     (adsbygoogle = window.adsbygoogle || []).push({});\r\n<\/script><\/div><\/div><br style=\"clear: both; display: block; float: none;\"\/>\n\n\n\n<p>&#8220;Koliko sam vas upoznala, ne znam koliko godine tu igraju ulogu. Dragi jeste, ali sve ovisi o njemu&#8221;, kazala je Vi\u0161nja Detkovi\u0107 potencijalnoj snahi Vesni. &#8220;Bit \u0107u sretna i zadovoljna \u0161to god Ivan odlu\u010di, makar imao i dvije mame&#8221;, objasnila je u kameru. <\/p>\n\n\n\n<p>&#8220;Ivanova mama je jako dobra i draga \u017eena. Prihvatila me je fenomenalno. To me je iznenadilo&#8221;, izjavila je Vesna. Iskoristila je priliku i kako bi upozorila Ivanovu majku na Samantine nedostatke. &#8220;Ima dovoljno godina, a nema jednog dana radnog sta\u017ee. Ona se ne trudi ni maknuti \u010da\u0161u sa stola. Za te godine ne mogu vjerovati. \u017densko, a ne zna pospremiti iza sebe&#8221;, govorila joj je iskreno zabrinuta Vesna. &#8220;Ne znam djevojku, ne mogu je osu\u0111ivati&#8221;, odgovorila je majka koja je prije toga Samanti rekla da joj je draga i da ju gleda kao k\u0107i. <\/p>\n\n\n\n<p>Samanta je pak u kameru priznala da nema interesa za Ivana te da glumi naklonost i daje mu la\u017enu nadu kako bi je poveo na besplatno romanti\u010dno putovanje. &#8220;Ivanova mama i prijatelji su seljoberi koje si ja, iskreno, ne bih po\u017eeljela za dru\u0161tvo,&#8221; zaklju\u010dila je Samanta i Vesnu nazvala &#8220;ocvalom milfa\u010dom&#8221;. <\/p>\n\n\n\n<p>No Ivanova majka je ipak kazala kako bi mu Samanta, zbog godina, bolje odgovarala, o\u010dito nesvjesna kakvu mre\u017eu oko njenog sina plete plavokosa mlada zavodnica. Mama, ipak, ne zna najbolje, zaklju\u010dili bismo.<\/p>\n<div id=\"mojev-1753100429\" class=\"mojev-kraj-teksta mojev-entity-placement\" style=\"margin-bottom: 20px;margin-left: auto;margin-right: auto;text-align: center;\"><div class=\"mojev-adlabel\">oglas<\/div><div style=\"height: 250px;\"><script async src=\"https:\/\/pagead2.googlesyndication.com\/pagead\/js\/adsbygoogle.js?client=ca-pub-8106111766207173\"\r\n     crossorigin=\"anonymous\"><\/script>\r\n<!-- Display-1 -->\r\n<ins class=\"adsbygoogle\"\r\n     style=\"display:block\"\r\n     data-ad-client=\"ca-pub-8106111766207173\"\r\n     data-ad-slot=\"1465712950\"\r\n     data-ad-format=\"auto\"\r\n     data-full-width-responsive=\"true\"><\/ins>\r\n<script>\r\n     (adsbygoogle = window.adsbygoogle || []).push({});\r\n<\/script><\/div><\/div>","protected":false},"excerpt":{"rendered":"<p>Mladi farmer Ivan Detkovi\u0107 predstavio je majci dvije potencijalne snahe. No jedna od njih, doznali smo, ima palucavi jezik. Ho\u0107e li Ivan odabrati pravu i koga \u0107e povesti na romanti\u010dno putovanje?<\/p>\n","protected":false},"author":1,"featured_media":89658,"comment_status":"closed","ping_status":"closed","sticky":false,"template":"","format":"standard","meta":{"footnotes":""},"categories":[84],"tags":[3773,3054,747,3781,142,3758],"class_list":["post-89634","post","type-post","status-publish","format-standard","has-post-thumbnail","hentry","category-show","tag-ivan-detkovic","tag-ljubav-je-na-selu","tag-razlika-u-godinama","tag-samanta-knezevic","tag-televizija","tag-vesna-vukovic"],"_links":{"self":[{"href":"https:\/\/www.mojevrijeme.hr\/magazin\/wp-json\/wp\/v2\/posts\/89634","targetHints":{"allow":["GET"]}}],"collection":[{"href":"https:\/\/www.mojevrijeme.hr\/magazin\/wp-json\/wp\/v2\/posts"}],"about":[{"href":"https:\/\/www.mojevrijeme.hr\/magazin\/wp-json\/wp\/v2\/types\/post"}],"author":[{"embeddable":true,"href":"https:\/\/www.mojevrijeme.hr\/magazin\/wp-json\/wp\/v2\/users\/1"}],"replies":[{"embeddable":true,"href":"https:\/\/www.mojevrijeme.hr\/magazin\/wp-json\/wp\/v2\/comments?post=89634"}],"version-history":[{"count":0,"href":"https:\/\/www.mojevrijeme.hr\/magazin\/wp-json\/wp\/v2\/posts\/89634\/revisions"}],"wp:featuredmedia":[{"embeddable":true,"href":"https:\/\/www.mojevrijeme.hr\/magazin\/wp-json\/wp\/v2\/media\/89658"}],"wp:attachment":[{"href":"https:\/\/www.mojevrijeme.hr\/magazin\/wp-json\/wp\/v2\/media?parent=89634"}],"wp:term":[{"taxonomy":"category","embeddable":true,"href":"https:\/\/www.mojevrijeme.hr\/magazin\/wp-json\/wp\/v2\/categories?post=89634"},{"taxonomy":"post_tag","embeddable":true,"href":"https:\/\/www.mojevrijeme.hr\/magazin\/wp-json\/wp\/v2\/tags?post=89634"}],"curies":[{"name":"wp","href":"https:\/\/api.w.org\/{rel}","templated":true}]}}