{"id":89823,"date":"2023-11-04T10:43:35","date_gmt":"2023-11-04T09:43:35","guid":{"rendered":"https:\/\/www.mojevrijeme.hr\/magazin\/?p=89823"},"modified":"2023-11-04T10:44:24","modified_gmt":"2023-11-04T09:44:24","slug":"jasna-65-grozno-sin-me-izbacio-iz-kuce-a-u-drugoj-sam-mu-podstanarka","status":"publish","type":"post","link":"https:\/\/www.mojevrijeme.hr\/magazin\/2023\/11\/jasna-65-grozno-sin-me-izbacio-iz-kuce-a-u-drugoj-sam-mu-podstanarka\/","title":{"rendered":"Jasna (65): &#8216;Grozno, sin me izbacio iz ku\u0107e, a u drugoj sam mu podstanarka&#8217;"},"content":{"rendered":"\n<p>Na\u0161a vjerna \u010ditateljica Jasna ima 65 godina. Pi\u0161e nam da je fizi\u010dki jako bolesna, a krvari joj i du\u0161a. &#8220;Imam vi\u0161e kroni\u010dnih bolesti i iza mene je vi\u0161e te\u0161kih operacija. Vrlo se te\u0161ko kre\u0107em&#8221;, obja\u0161njava nam na po\u010detku pisma redakciji.<\/p>\n\n\n\n<p>Prije osam godina do\u017eivjela je strahotu od vlastitog, nemilosrdnog sina. &#8220;Moj sin me prije 8 godina izbacio iz ku\u0107e. Tada sam oti\u0161la \u017eivjeti u ku\u0107u kod svoje majke. Majka je potom oboljela od demencije i morala sam je dati u stara\u010dki dom. No, ona je svoj dio ku\u0107e dala svom unuku, mom sinu. Od tada sam kod njega podstanar&#8221;, pi\u0161e nam gospo\u0111a Jasna.<\/p>\n\n\n\n<h3 class=\"wp-block-heading\">Anga\u017eirala i odvjetnicu<\/h3>\n\n\n\n<p>Kad joj se dogodilo ova grozna situacija, anga\u017eirala je odvjetnicu. &#8220;Odvjetnica je pak bila toliko nesposobna, da me nije uspjela vratiti u moju vlastitu ku\u0107u. Samo je na sudu dogovoreno da mi sin mora pla\u0107ati stanovanje. Sudski mu je nalo\u017eeno da ima jo\u0161 nekoliko obveza prema meni, ali on se <strong>ni\u010dega ne pridr\u017eava<\/strong>&#8220;, te\u0161ke su rije\u010di ove nesretne umirovljenice.<\/p><div id=\"mojev-2321511893\" class=\"mojev-u-tekstu mojev-entity-placement\" style=\"margin-left: auto;margin-right: auto;text-align: center;\"><div class=\"mojev-adlabel\">oglas<\/div><div style=\"height: 250px;\"><script async src=\"https:\/\/pagead2.googlesyndication.com\/pagead\/js\/adsbygoogle.js?client=ca-pub-8106111766207173\"\r\n     crossorigin=\"anonymous\"><\/script>\r\n<!-- Prikazni 1 u tekstu -->\r\n<ins class=\"adsbygoogle\"\r\n     style=\"display:block\"\r\n     data-ad-client=\"ca-pub-8106111766207173\"\r\n     data-ad-slot=\"8535551207\"\r\n     data-ad-format=\"auto\"\r\n     data-full-width-responsive=\"true\"><\/ins>\r\n<script>\r\n     (adsbygoogle = window.adsbygoogle || []).push({});\r\n<\/script><\/div><\/div><br style=\"clear: both; display: block; float: none;\"\/>\n\n\n\n<h3 class=\"wp-block-heading\">Sina vidi zbog stanarine<\/h3>\n\n\n\n<p>Sin do\u0111e samo jednom mjese\u010dno, da podmiri stanarinu i to je sve od njega. &#8220;Na svaki mogu\u0107i na\u010din on sa mnom manipulira, samo da mi nikako ne pomogne. Snahu vidim jednom godi\u0161nje.<br>Pitam se za\u0161to sudstvo i institucije ne pomognu u slu\u010dajevima kakav je moj!?&#8221;, pi\u0161e nam.<\/p>\n\n\n\n<p>Usamljenost bi, povjerava nam, nekako jo\u0161 i podnijela, ali odbacivanje koje je do\u017eivjela, to majka podnijeti ne mo\u017ee. Svjesna je, bude li joj se zdravlje jo\u0161 imalo pogor\u0161alo, iz du\u0107ana si sama <strong>ne\u0107e vi\u0161e mo\u0107i donijeti ni pola kruha<\/strong>. <\/p>\n\n\n\n<p>&#8220;Usamljena sam, te\u0161ko mi jer si jako te\u0161ko skuham. Ne mogu ni\u0161ta nositi, pa mi je odlazak u nabavku veliki problem. I iako po godinama nisam prestara, bolest me preuzela. U stalnom stresu pro\u017eivljavam ove moje umirovljeni\u010dke dane&#8221;, pi\u0161e nesretna majka Jasna.<\/p>\n\n\n\n<div id=\"crveno\"><\/p>\n\n\n\n<h3 class=\"wp-block-heading\">Zanima nas va\u0161a pri\u010da<\/h3>\n\n\n\n<p>\u017delite li i vi, posve anonimno, podijeliti svoje iskustvo i vi\u0111enje ove teme s nama i na\u0161im \u010ditateljima, mo\u017eete to u\u010diniti putem web obrasca <a rel=\"noreferrer noopener\" href=\"https:\/\/www.mojevrijeme.hr\/magazin\/povjerljivo\/\" target=\"_blank\">Povjerljivo<\/a>. Napi\u0161ite svoju pri\u010du!<\/p>\n\n\n\n<p><\/div>\n<div id=\"mojev-2924260185\" class=\"mojev-kraj-teksta mojev-entity-placement\" style=\"margin-bottom: 20px;margin-left: auto;margin-right: auto;text-align: center;\"><div class=\"mojev-adlabel\">oglas<\/div><div style=\"height: 250px;\"><script async src=\"https:\/\/pagead2.googlesyndication.com\/pagead\/js\/adsbygoogle.js?client=ca-pub-8106111766207173\"\r\n     crossorigin=\"anonymous\"><\/script>\r\n<!-- Display-1 -->\r\n<ins class=\"adsbygoogle\"\r\n     style=\"display:block\"\r\n     data-ad-client=\"ca-pub-8106111766207173\"\r\n     data-ad-slot=\"1465712950\"\r\n     data-ad-format=\"auto\"\r\n     data-full-width-responsive=\"true\"><\/ins>\r\n<script>\r\n     (adsbygoogle = window.adsbygoogle || []).push({});\r\n<\/script><\/div><\/div>","protected":false},"excerpt":{"rendered":"<p>Gospo\u0111a Jasna boluje od vi\u0161e kroni\u010dnih bolesti, a nanizala je i podosta operacija. Nije ni \u010dudo, ako od ni\u010deg drugog, svaka bi majka oboljela od stresa kakav ona zbog vlastitog sina pro\u017eivljava ve\u0107 godinama. Svega smo se naslu\u0161ali, ali ovo \u0161to je ona prepri\u010dala, \u010dovjeka iznova osupne.<\/p>\n","protected":false},"author":17,"featured_media":89896,"comment_status":"closed","ping_status":"closed","sticky":false,"template":"","format":"standard","meta":{"footnotes":""},"categories":[3552],"tags":[3547,3437,879],"class_list":["post-89823","post","type-post","status-publish","format-standard","has-post-thumbnail","hentry","category-povjerljivo","tag-majke-i-sinovi","tag-obiteljski-odnosi","tag-otudenost"],"_links":{"self":[{"href":"https:\/\/www.mojevrijeme.hr\/magazin\/wp-json\/wp\/v2\/posts\/89823","targetHints":{"allow":["GET"]}}],"collection":[{"href":"https:\/\/www.mojevrijeme.hr\/magazin\/wp-json\/wp\/v2\/posts"}],"about":[{"href":"https:\/\/www.mojevrijeme.hr\/magazin\/wp-json\/wp\/v2\/types\/post"}],"author":[{"embeddable":true,"href":"https:\/\/www.mojevrijeme.hr\/magazin\/wp-json\/wp\/v2\/users\/17"}],"replies":[{"embeddable":true,"href":"https:\/\/www.mojevrijeme.hr\/magazin\/wp-json\/wp\/v2\/comments?post=89823"}],"version-history":[{"count":0,"href":"https:\/\/www.mojevrijeme.hr\/magazin\/wp-json\/wp\/v2\/posts\/89823\/revisions"}],"wp:featuredmedia":[{"embeddable":true,"href":"https:\/\/www.mojevrijeme.hr\/magazin\/wp-json\/wp\/v2\/media\/89896"}],"wp:attachment":[{"href":"https:\/\/www.mojevrijeme.hr\/magazin\/wp-json\/wp\/v2\/media?parent=89823"}],"wp:term":[{"taxonomy":"category","embeddable":true,"href":"https:\/\/www.mojevrijeme.hr\/magazin\/wp-json\/wp\/v2\/categories?post=89823"},{"taxonomy":"post_tag","embeddable":true,"href":"https:\/\/www.mojevrijeme.hr\/magazin\/wp-json\/wp\/v2\/tags?post=89823"}],"curies":[{"name":"wp","href":"https:\/\/api.w.org\/{rel}","templated":true}]}}