{"id":89888,"date":"2023-11-04T10:17:56","date_gmt":"2023-11-04T09:17:56","guid":{"rendered":"https:\/\/www.mojevrijeme.hr\/magazin\/?p=89888"},"modified":"2023-11-04T10:17:58","modified_gmt":"2023-11-04T09:17:58","slug":"dokup-staza-u-fbih-sto-kada-za-mirovinu-nedostaje-godina-ili-dvije","status":"publish","type":"post","link":"https:\/\/www.mojevrijeme.hr\/magazin\/2023\/11\/dokup-staza-u-fbih-sto-kada-za-mirovinu-nedostaje-godina-ili-dvije\/","title":{"rendered":"Dokup sta\u017ea u FBiH: \u0160to kada za mirovinu nedostaje godina ili dvije?"},"content":{"rendered":"\n<p>U Federaciji BiH uvjeti za mirovinu su minimalno 15 godina sta\u017ea i 65 godina \u017eivota ili 40 godina sta\u017ea bez obzira na godine \u017eivota.<\/p>\n\n\n\n<p>&#8220;Ja sam u listopadu ove godine napunio 65 godina starosti, predao zahtjev za mirovinu, ali mi nije odobreno jer sam imao ukupno radnog sta\u017ea 11 godina i sedam mjeseci, plus u\u010de\u0161\u0107e u ratu u trajanju od 57 mjeseci. Ka\u017eu da mi nedostaju dvije godine i malo manje od dva mjeseca da bih dobio penziju. Mogu li osobe starije od 65 godina sebi upla\u0107ivati sta\u017e&#8221;, upitao je \u010ditatelj Davor redakciju portala <a href=\"https:\/\/www.faktor.ba\/vijest\/zasto-stariji-od-65-godina-u-fbih-ne-mogu-sebi-dokupiti-staz-za-penziju-ima-li-za-njih-rjesenje\/214899\" target=\"_blank\" rel=\"noreferrer noopener\">Faktor.ba<\/a>.<\/p>\n\n\n\n<p>Glasnogovornik Federalnog zavoda za penzijsko i invalidsko osiguranje Tomislav Kvesi\u0107 ka\u017ee da dobrovoljno mo\u017ee upla\u0107ivati svaka osoba starija od 15 i mla\u0111a od 65 godina \u017eivota. &#8220;Tako je zakonom definirano ako ima op\u0107u zdravstvenu sposobnost. Za ovu godinu to je 288,83 KM (147 eura) po mjesecu. U slu\u010daju koji navodite, \u010dovjek ne mo\u017ee upla\u0107ivati dobrovoljno sta\u017e, jedino ako ima neki period gdje je bio prijavljen, a da mu nisu pla\u0107eni doprinosi.&#8221;<\/p><div id=\"mojev-886018826\" class=\"mojev-u-tekstu mojev-entity-placement\" style=\"margin-left: auto;margin-right: auto;text-align: center;\"><div class=\"mojev-adlabel\">oglas<\/div><div style=\"height: 250px;\"><script async src=\"https:\/\/pagead2.googlesyndication.com\/pagead\/js\/adsbygoogle.js?client=ca-pub-8106111766207173\"\r\n     crossorigin=\"anonymous\"><\/script>\r\n<!-- Prikazni 1 u tekstu -->\r\n<ins class=\"adsbygoogle\"\r\n     style=\"display:block\"\r\n     data-ad-client=\"ca-pub-8106111766207173\"\r\n     data-ad-slot=\"8535551207\"\r\n     data-ad-format=\"auto\"\r\n     data-full-width-responsive=\"true\"><\/ins>\r\n<script>\r\n     (adsbygoogle = window.adsbygoogle || []).push({});\r\n<\/script><\/div><\/div><br style=\"clear: both; display: block; float: none;\"\/>\n\n\n\n<p>&#8220;To se mo\u017ee regulirati na na\u010din da plati sam ili preko tvrtke u kojoj je radio. Ako ne postoji takav period, jedina opcija mu je da ispuni uvjete za mirovinu tako da se negdje zaposli&#8221;, govori Kvesi\u0107 pa savjetuje gra\u0111anima da na vrijeme po\u010dnu razmi\u0161ljati o tome koliko imaju sta\u017ea.<\/p>\n\n\n\n<p>&#8220;Ima opcija da Zavod za zapo\u0161ljavanje dokupi do tri godine nedostaju\u0107eg sta\u017ea, ali uvjet je da je osoba prijavljena na Zavod za zapo\u0161ljavanje. Bilo je slu\u010dajeva da \u010dovjek tako ima 12-13 godina sta\u017ea, nije prijavljen na biro i onda kada napuni 65 godina, pita &#8216;\u0161ta bih ja sada mogao&#8217;. Sada ni\u0161ta, osim se zaposliti, a malo je te\u017ee zaposliti se u tim godinama ako niste radili prije toga godinama, a ima dosta takvih slu\u010dajeva&#8221;, kazao je Kvesi\u0107.<\/p>\n<div id=\"mojev-2512277064\" class=\"mojev-kraj-teksta mojev-entity-placement\" style=\"margin-bottom: 20px;margin-left: auto;margin-right: auto;text-align: center;\"><div class=\"mojev-adlabel\">oglas<\/div><div style=\"height: 250px;\"><script async src=\"https:\/\/pagead2.googlesyndication.com\/pagead\/js\/adsbygoogle.js?client=ca-pub-8106111766207173\"\r\n     crossorigin=\"anonymous\"><\/script>\r\n<!-- Display-1 -->\r\n<ins class=\"adsbygoogle\"\r\n     style=\"display:block\"\r\n     data-ad-client=\"ca-pub-8106111766207173\"\r\n     data-ad-slot=\"1465712950\"\r\n     data-ad-format=\"auto\"\r\n     data-full-width-responsive=\"true\"><\/ins>\r\n<script>\r\n     (adsbygoogle = window.adsbygoogle || []).push({});\r\n<\/script><\/div><\/div>","protected":false},"excerpt":{"rendered":"<p>Gra\u0111ani FBiH stariji od 15 i mla\u0111i od 65 godina \u017eivota mogu sebi upla\u0107ivati sta\u017e. Me\u0111utim, postavlja se pitanje \u0161to je sa osobama koje navr\u0161e 65 godina i kod predaje zahtjeva za mirovinu saznaju da im za umirovljenje nedostaju godina-dvije sta\u017ea.<\/p>\n","protected":false},"author":1,"featured_media":89891,"comment_status":"closed","ping_status":"closed","sticky":false,"template":"","format":"standard","meta":{"footnotes":""},"categories":[9],"tags":[3411,18,3608],"class_list":["post-89888","post","type-post","status-publish","format-standard","has-post-thumbnail","hentry","category-vijesti","tag-federacija-bih","tag-mirovine","tag-radni-staz"],"_links":{"self":[{"href":"https:\/\/www.mojevrijeme.hr\/magazin\/wp-json\/wp\/v2\/posts\/89888","targetHints":{"allow":["GET"]}}],"collection":[{"href":"https:\/\/www.mojevrijeme.hr\/magazin\/wp-json\/wp\/v2\/posts"}],"about":[{"href":"https:\/\/www.mojevrijeme.hr\/magazin\/wp-json\/wp\/v2\/types\/post"}],"author":[{"embeddable":true,"href":"https:\/\/www.mojevrijeme.hr\/magazin\/wp-json\/wp\/v2\/users\/1"}],"replies":[{"embeddable":true,"href":"https:\/\/www.mojevrijeme.hr\/magazin\/wp-json\/wp\/v2\/comments?post=89888"}],"version-history":[{"count":0,"href":"https:\/\/www.mojevrijeme.hr\/magazin\/wp-json\/wp\/v2\/posts\/89888\/revisions"}],"wp:featuredmedia":[{"embeddable":true,"href":"https:\/\/www.mojevrijeme.hr\/magazin\/wp-json\/wp\/v2\/media\/89891"}],"wp:attachment":[{"href":"https:\/\/www.mojevrijeme.hr\/magazin\/wp-json\/wp\/v2\/media?parent=89888"}],"wp:term":[{"taxonomy":"category","embeddable":true,"href":"https:\/\/www.mojevrijeme.hr\/magazin\/wp-json\/wp\/v2\/categories?post=89888"},{"taxonomy":"post_tag","embeddable":true,"href":"https:\/\/www.mojevrijeme.hr\/magazin\/wp-json\/wp\/v2\/tags?post=89888"}],"curies":[{"name":"wp","href":"https:\/\/api.w.org\/{rel}","templated":true}]}}