{"id":90231,"date":"2023-11-08T10:30:18","date_gmt":"2023-11-08T09:30:18","guid":{"rendered":"https:\/\/www.mojevrijeme.hr\/magazin\/?p=90231"},"modified":"2023-11-08T10:46:53","modified_gmt":"2023-11-08T09:46:53","slug":"kci-je-postala-fina-gradska-gospoda-a-mene-vrijeda-da-nemam-cisto","status":"publish","type":"post","link":"https:\/\/www.mojevrijeme.hr\/magazin\/2023\/11\/kci-je-postala-fina-gradska-gospoda-a-mene-vrijeda-da-nemam-cisto\/","title":{"rendered":"&#8216;K\u0107i je postala fina gradska gospo\u0111a, a mene vrije\u0111a da nemam \u010disto&#8217;"},"content":{"rendered":"\n<p>Gospo\u0111a Tereza bori se s problemati\u010dnim pona\u0161anjem svoje k\u0107eri \u2013 s jedne strane je velikodu\u0161na i bri\u017ena, sve joj kupi, odveze je na preglede kad treba, pomogne joj rije\u0161iti probleme poput majstora, ali uvijek kad do\u0111e na nedjeljni ru\u010dak, umjesto pozdrava ve\u0107 krene prigovarati da joj nije \u010disto i da joj se gadi kod nje jesti.<\/p>\n\n\n\n<p>&#8220;Prvo mi gleda jesu li ladice s be\u0161tekom \u010diste, bri\u0161e svaku \u017elicu i vilicu. Onda vi\u010de za\u0161to ne perem su\u0111e strojno, a ne na ruke, a ja sam sama i trebaju mi tri dana da se to nakupi, ne\u0107u, lak\u0161e mi je oprati. Onda gleda da stepenice nisu \u010diste, pa joj je stolnjak &#8216;pun mrlja jo\u0161 od pro\u0161li put&#8217;. Na kraju mi govori i da odjenem \u010distu majicu za vrijeme ru\u010dka. Ma to vam je postala jedna fina gradska gospo\u0111a koja si je umislila da sad mene mo\u017ee stresirati oko \u010disto\u0107e&#8221;, govori nam uzrujano gospo\u0111a Tereza.<\/p>\n\n\n\n<p>Kako ka\u017ee, ona se jo\u0161 i trudi sve odr\u017eavati urednim, ali na selu u ku\u0107i s vrtom nije lako paziti na besprijekorno \u010disto\u0107u, kao \u0161to je to u malom stanu u gradu. <\/p><div id=\"mojev-2960999279\" class=\"mojev-u-tekstu mojev-entity-placement\" style=\"margin-left: auto;margin-right: auto;text-align: center;\"><div class=\"mojev-adlabel\">oglas<\/div><div style=\"height: 250px;\"><script async src=\"https:\/\/pagead2.googlesyndication.com\/pagead\/js\/adsbygoogle.js?client=ca-pub-8106111766207173\"\r\n     crossorigin=\"anonymous\"><\/script>\r\n<!-- Prikazni 1 u tekstu -->\r\n<ins class=\"adsbygoogle\"\r\n     style=\"display:block\"\r\n     data-ad-client=\"ca-pub-8106111766207173\"\r\n     data-ad-slot=\"8535551207\"\r\n     data-ad-format=\"auto\"\r\n     data-full-width-responsive=\"true\"><\/ins>\r\n<script>\r\n     (adsbygoogle = window.adsbygoogle || []).push({});\r\n<\/script><\/div><\/div><br style=\"clear: both; display: block; float: none;\"\/>\n\n\n\n<p>&#8220;\u010cistim tri dana prije nego \u0161to do\u0111u, a onda donesem drva u kuhinju, i opet piljevine posvuda. Ne mo\u017eete na selu, ako se bavite drvima, njivom, cvije\u0107em, zimnicom, ljekovitim biljem, ako kuhate svaki dan, ne mo\u017eete nikako stalno imati besprijekorno \u010disto.&nbsp;Unuka onda \u010duje majku pa i ona krene prigovarati, ma, pravo da vam ka\u017eem, jedino mi je zet sre\u0107om toliko dobar da se ne mije\u0161a u ta na\u0161a natezanja&#8221;, rekla je gospo\u0111a Tereza.<\/p>\n\n\n\n<h3 class=\"wp-block-heading\">&#8216;K\u0107i ne shva\u0107a koliko me stresira&#8217;<\/h3>\n\n\n\n<p>Potom je ipak malo krenula zagovarati k\u0107er. &#8220;Ja&nbsp;mislim da ona uop\u0107e ne razmi\u0161lja o tome da to mene toliko vrije\u0111a i da sam svaki put kad odu natrag za Zagreb, danima frustrirana. Nemam s kim o tome po selu razgovarati, svi se samo hvale djecom, a znam da kod nikoga nije sve divno i krasno&#8221;, govori gospo\u0111a Tereza.<\/p>\n\n\n\n<p>&#8220;Kad usporedim s drugima, moji k\u0107i i zet su vrijedni, visoko su se \u0161kolovali i sami se izborili za dobra radna mjesta. K\u0107er ne zna \u0161to bi mi donijela, od odje\u0107e do hrane. Moja prva susjeda primjerice jo\u0161 od svoje bijedne mirovine mora davati nesposobnom sinu, jer ju oguli do ko\u017ee \u010dim do\u0111e penzija. Taj \u0107e ve\u0107 pedeset godina napunit valjda, a malo radi, pa ne radi, kako god, ne\u0107u ulaziti, ali&nbsp;ja&nbsp;znam da on stalno izvla\u010di novac od nje. A ona bi mu dala zadnji cent, ne krivim je, i sama sam takva&#8221;, govori nam.<\/p>\n\n\n\n<h3 class=\"wp-block-heading\">Bezuvjetna ljubav<\/h3>\n\n\n\n<p>Njezina ljubav prema k\u0107eri, zetu i unuci je bezuvjetna. &#8220;Mu\u017e mi je rano umro, nisam postavila granice na vrijeme, a sada vi\u0161e ne vrijedi \u0161to ja govorim neka me pusti na miru s tim. Govorim joj neka je meni u ku\u0107i kako je, moje je, ali me ne \u010duje&#8221;, povjerila nam se.<\/p>\n\n\n\n<p>&#8220;Evo sada su mi se najavili da \u0107e do\u0107i nekoliko dana na godi\u0161nji, jedva \u010dekam da mi dovedu unuku jer se nismo dugo vidjeli. Ali iskreno da vam velim, izdaleka me strah da \u0107e \u010dim u\u0111e u ku\u0107u k\u0107i na\u0107i dlaku u jajetu, a nekad mi se \u010dini da samo to i tra\u017ei. Ali \u0161to \u0107u, kad ih volim, a i ne znam \u0161to mi donosi sutra i koliko \u0107u ih trebati&#8221;, rekla je gospo\u0111a Tereza, razvedriv\u0161i se ipak na spomen unu\u010dice Eme.<\/p>\n\n\n\n<div id=\"crveno\"><\/p>\n\n\n\n<h3 class=\"wp-block-heading\">Zanima nas va\u0161a pri\u010da<\/h3>\n\n\n\n<p>\u017delite li i vi, posve anonimno, podijeliti svoje iskustvo i vi\u0111enje ove teme s nama i na\u0161im \u010ditateljima, mo\u017eete to u\u010diniti putem web obrasca <a rel=\"noreferrer noopener\" href=\"https:\/\/www.mojevrijeme.hr\/magazin\/povjerljivo\/\" target=\"_blank\">Povjerljivo<\/a>. Napi\u0161ite svoju pri\u010du!<\/p>\n\n\n\n<p><\/div>\n<div id=\"mojev-1638845894\" class=\"mojev-kraj-teksta mojev-entity-placement\" style=\"margin-bottom: 20px;margin-left: auto;margin-right: auto;text-align: center;\"><div class=\"mojev-adlabel\">oglas<\/div><div style=\"height: 250px;\"><script async src=\"https:\/\/pagead2.googlesyndication.com\/pagead\/js\/adsbygoogle.js?client=ca-pub-8106111766207173\"\r\n     crossorigin=\"anonymous\"><\/script>\r\n<!-- Display-1 -->\r\n<ins class=\"adsbygoogle\"\r\n     style=\"display:block\"\r\n     data-ad-client=\"ca-pub-8106111766207173\"\r\n     data-ad-slot=\"1465712950\"\r\n     data-ad-format=\"auto\"\r\n     data-full-width-responsive=\"true\"><\/ins>\r\n<script>\r\n     (adsbygoogle = window.adsbygoogle || []).push({});\r\n<\/script><\/div><\/div>","protected":false},"excerpt":{"rendered":"<p>Gospo\u0111a Tereza (72) iz Zagorja po\u017ealila nam se da \u017eivi sama i da su njezina najve\u0107a radost nedjelje i \u0161kolski praznici, kad joj u posjetu iz Zagreba dolaze k\u0107i, zet i unuka Ema. No, iako bi ova umirovljenica za njih dala sve na svijetu, k\u0107i ju svaki put izlu\u0111uje do krajnjih granica i nema susreta kad se ne posva\u0111aju zbog iste stvari \u2013 \u010disto\u0107e u ku\u0107i gospo\u0111e Tereze. O tome se raspri\u010dala na\u0161iroko i sasvim je o\u010dito da to kod ove po\u017ertvovne majke, punice i bake izaziva stres.<\/p>\n","protected":false},"author":17,"featured_media":90252,"comment_status":"closed","ping_status":"closed","sticky":false,"template":"","format":"standard","meta":{"footnotes":""},"categories":[3552],"tags":[642,3600,3437],"class_list":["post-90231","post","type-post","status-publish","format-standard","has-post-thumbnail","hentry","category-povjerljivo","tag-higijena","tag-majke-i-kceri","tag-obiteljski-odnosi"],"_links":{"self":[{"href":"https:\/\/www.mojevrijeme.hr\/magazin\/wp-json\/wp\/v2\/posts\/90231","targetHints":{"allow":["GET"]}}],"collection":[{"href":"https:\/\/www.mojevrijeme.hr\/magazin\/wp-json\/wp\/v2\/posts"}],"about":[{"href":"https:\/\/www.mojevrijeme.hr\/magazin\/wp-json\/wp\/v2\/types\/post"}],"author":[{"embeddable":true,"href":"https:\/\/www.mojevrijeme.hr\/magazin\/wp-json\/wp\/v2\/users\/17"}],"replies":[{"embeddable":true,"href":"https:\/\/www.mojevrijeme.hr\/magazin\/wp-json\/wp\/v2\/comments?post=90231"}],"version-history":[{"count":0,"href":"https:\/\/www.mojevrijeme.hr\/magazin\/wp-json\/wp\/v2\/posts\/90231\/revisions"}],"wp:featuredmedia":[{"embeddable":true,"href":"https:\/\/www.mojevrijeme.hr\/magazin\/wp-json\/wp\/v2\/media\/90252"}],"wp:attachment":[{"href":"https:\/\/www.mojevrijeme.hr\/magazin\/wp-json\/wp\/v2\/media?parent=90231"}],"wp:term":[{"taxonomy":"category","embeddable":true,"href":"https:\/\/www.mojevrijeme.hr\/magazin\/wp-json\/wp\/v2\/categories?post=90231"},{"taxonomy":"post_tag","embeddable":true,"href":"https:\/\/www.mojevrijeme.hr\/magazin\/wp-json\/wp\/v2\/tags?post=90231"}],"curies":[{"name":"wp","href":"https:\/\/api.w.org\/{rel}","templated":true}]}}