{"id":90315,"date":"2023-11-08T21:42:49","date_gmt":"2023-11-08T20:42:49","guid":{"rendered":"https:\/\/www.mojevrijeme.hr\/magazin\/?p=90315"},"modified":"2023-11-08T21:45:28","modified_gmt":"2023-11-08T20:45:28","slug":"dalmatinke-dugo-zive-tajna-je-u-dobrim-muzevima-i-opustenosti","status":"publish","type":"post","link":"https:\/\/www.mojevrijeme.hr\/magazin\/2023\/11\/dalmatinke-dugo-zive-tajna-je-u-dobrim-muzevima-i-opustenosti\/","title":{"rendered":"Dalmatinke dugo \u017eive: &#8216;Tajna je u dobrim mu\u017eevima i opu\u0161tenosti&#8217;"},"content":{"rendered":"\n<p>Ona u prosjeku \u017eivi dulje od njega. Radi, brine o djeci i ku\u0107i, \u0161to bi se reklo &#8211; cili dan nije stala. No, \u017eene s mora dugovje\u010dnije su od mu\u0161karaca, ali i ostalih stanovnika Hrvatske. U prosjeku do\u017eive vi\u0161e od 81 godine, javlja <a href=\"https:\/\/danas.hr\/rtl-direkt\/zene-u-madridu-zive-88-muskarci-u-bugarskoj-66-godina-kod-nas-rekorderke-dalmatinke-koja-je-njihova-tajna-b5b3c4c4-7dae-11ee-8c59-0ee8f36581c7\" data-type=\"link\" data-id=\"https:\/\/danas.hr\/rtl-direkt\/zene-u-madridu-zive-88-muskarci-u-bugarskoj-66-godina-kod-nas-rekorderke-dalmatinke-koja-je-njihova-tajna-b5b3c4c4-7dae-11ee-8c59-0ee8f36581c7\" target=\"_blank\" rel=\"noreferrer noopener\">RTL<\/a>.<\/p>\n\n\n\n<p>&#8220;Bit \u0107e jedu ribu, ali \u017eene su ovdje malo vi\u0161e otvorenije. Mo\u017eda ovdje mu\u0161karci \u017eive malo vi\u0161e stresno nego \u017eene. Jer Dalmatinkama je \u0161to na umu to na drumu, to sve izi\u0111e vanka i mo\u017eda tako nema nekog velikog stresa&#8221;, ka\u017ee <strong>\u017deljka Vi\u0161i\u0107<\/strong>, prodava\u010dica na ribarnici.<\/p>\n\n\n\n<p>&#8220;Njima je malo relaksiran na\u010din \u017eivota. Tu je odli\u010dna prehrana, sunce, sve je laganini. Za\u0161to bi se \u017eivcirali oko i\u010dega, samo se mogu opustiti&#8221;, ka\u017ee <strong>Tihana Stojsavljevi\u0107<\/strong>, ko\u0161arka\u0161ka reprezentativka. &#8220;I zrak, \u017eene stare su uvijek bile na zraku i \u017eivjele bolje nego po gradu&#8221;, ka\u017ee&nbsp;<strong>Asja \u0160upi\u0107&nbsp;<\/strong>iz Splita.<\/p><div id=\"mojev-2634459080\" class=\"mojev-u-tekstu mojev-entity-placement\" style=\"margin-left: auto;margin-right: auto;text-align: center;\"><div class=\"mojev-adlabel\">oglas<\/div><div style=\"height: 250px;\"><script async src=\"https:\/\/pagead2.googlesyndication.com\/pagead\/js\/adsbygoogle.js?client=ca-pub-8106111766207173\"\r\n     crossorigin=\"anonymous\"><\/script>\r\n<!-- Prikazni 1 u tekstu -->\r\n<ins class=\"adsbygoogle\"\r\n     style=\"display:block\"\r\n     data-ad-client=\"ca-pub-8106111766207173\"\r\n     data-ad-slot=\"8535551207\"\r\n     data-ad-format=\"auto\"\r\n     data-full-width-responsive=\"true\"><\/ins>\r\n<script>\r\n     (adsbygoogle = window.adsbygoogle || []).push({});\r\n<\/script><\/div><\/div><br style=\"clear: both; display: block; float: none;\"\/>\n\n\n\n<p>Mu\u0161karci, dakle oni koji \u0107e \u017eivjeti kra\u0107e, navodno, znaju tajnu. &#8220;Zato \u0161to imaju dobre mu\u017eeve. Mu\u0161ki su dobri, slu\u0161aju svoje \u017eene, ne ljute ih i normalno da moraju dugo \u017eivjeti. Zato mi partimo malo ranije&#8221;, govori <strong>Jure Kegalj<\/strong>, prodava\u010d na ribarnici. &#8220;Mo\u017eda smo mi u Dalmaciji vi\u0161e vanka pa one imaju svoj mir, I tako. Brod, i\u0161a sam ju\u010der u ribe imala je mir cili dan&#8221;, kroz \u0161alu \u0107e <strong>Renato Radi\u0107<\/strong> iz Splita.<\/p>\n\n\n\n<p>No, nema tu mira &#8211; jer upravo je dalmatinska mater sinonim za te\u017eak I naporan \u017eivot bez predaha. &#8220;Ionako je tragi\u010dan polo\u017eaj dalmatinske \u017eene u zadnjih 20 do 30 godina. Kako je postao obi\u010daj da klinci uop\u0107e ne odlaze iz ku\u0107e, njoj je samo gore. Jeste li vi sigurni da je to ozbiljno istra\u017eivanje? Jer meni rezultat tog istra\u017eivanja ne zvu\u010di ozbiljno&#8221;, govori kroz \u0161alu <strong>Ivica Ivani\u0161evi\u0107<\/strong>, novinar i pisac.<\/p>\n\n\n\n<p>Ozbiljno ili ne, u Dalmaciji je poseban mentalitet. \u0160to mo\u017eda stvarno poma\u017ee kod \u010duvanja \u017eivaca. &#8220;Mi smo poznati kao ljudi koji nisu zakop\u010dani, koji ne dr\u017ee emocije za sebe, koji se ne ustru\u010davaju vikat kad treba i ne treba. Mi burno reagiramo i time dio frustracija koja nas izjedaju \u0161irimo okolo. Mi svoje frustracije nesebi\u010dno dijelimo s onima koji \u017eele i ne \u017eele \u010duti. I to nam vjerojatno produljuje \u017eivot premda na\u0161oj okolini skra\u0107uje&#8221;, dodaje Ivani\u0161evi\u0107.<\/p>\n\n\n\n<p>Uz to, \u017eene vi\u0161e paze i na prehranu, a uz ugodnu klimu vi\u0161e se i kre\u0107u. &#8220;Ovdje \u0107e vas jednostavno vrijeme I sunce izmamiti tako da \u0107ete biti aktivniji, pro\u0161etati, presko\u010diti dio kad idete autom, to u kontinentu nije slu\u010daj iz prakti\u010dnih razloga. U prosjeku mu\u0161karci su u statistici znatno poro\u010dniji od \u017eena I svi ti poroci ostavljaju traga na ovim podacima&#8221;, govori <strong>Olja Martini\u0107<\/strong>, nutricionistkinja.<\/p>\n\n\n\n<p>Podneblje je sli\u010dno, no \u0160panjolke \u017eive \u010dak sedam godina dulje od Dalmatinki. &#8220;Na du\u017einu \u017eivotnog vijeka utje\u010de I genetika, to je jedan od faktora koji se uzima ozbiljno. A drugi mo\u017ee biti I na\u010din kako se nosimo sa stresom. O\u010dito \u0160panjolke znaju neku tajnu ili mo\u017eda bolje ple\u0161u, lak\u0161e se nose sa stresom nego \u0161to to rade \u017eene u priobalju&#8221;, dodaje Martini\u0107 za <a href=\"https:\/\/danas.hr\/rtl-direkt\/zene-u-madridu-zive-88-muskarci-u-bugarskoj-66-godina-kod-nas-rekorderke-dalmatinke-koja-je-njihova-tajna-b5b3c4c4-7dae-11ee-8c59-0ee8f36581c7\" data-type=\"link\" data-id=\"https:\/\/danas.hr\/rtl-direkt\/zene-u-madridu-zive-88-muskarci-u-bugarskoj-66-godina-kod-nas-rekorderke-dalmatinke-koja-je-njihova-tajna-b5b3c4c4-7dae-11ee-8c59-0ee8f36581c7\" target=\"_blank\" rel=\"noreferrer noopener\">RTL<\/a>.<\/p>\n\n\n\n<p><a href=\"https:\/\/danas.hr\/hrvatska\/za-3-godine-trecina-svih-direktora-biti-ce-zene-tvrtke-koje-se-nece-drzati-kvota-dobit-ce-sankcije-1b61f3d2-795d-11ee-978f-beb580786a69\"><\/a><a href=\"https:\/\/danas.hr\/hrvatska\/za-3-godine-trecina-svih-direktora-biti-ce-zene-tvrtke-koje-se-nece-drzati-kvota-dobit-ce-sankcije-1b61f3d2-795d-11ee-978f-beb580786a69\"><\/a><\/p>\n<div id=\"mojev-2518363280\" class=\"mojev-kraj-teksta mojev-entity-placement\" style=\"margin-bottom: 20px;margin-left: auto;margin-right: auto;text-align: center;\"><div class=\"mojev-adlabel\">oglas<\/div><div style=\"height: 250px;\"><script async src=\"https:\/\/pagead2.googlesyndication.com\/pagead\/js\/adsbygoogle.js?client=ca-pub-8106111766207173\"\r\n     crossorigin=\"anonymous\"><\/script>\r\n<!-- Display-1 -->\r\n<ins class=\"adsbygoogle\"\r\n     style=\"display:block\"\r\n     data-ad-client=\"ca-pub-8106111766207173\"\r\n     data-ad-slot=\"1465712950\"\r\n     data-ad-format=\"auto\"\r\n     data-full-width-responsive=\"true\"><\/ins>\r\n<script>\r\n     (adsbygoogle = window.adsbygoogle || []).push({});\r\n<\/script><\/div><\/div>","protected":false},"excerpt":{"rendered":"<p>&#8216;Mi svoje frustracije nesebi\u010dno dijelimo s onima koji \u017eele i ne \u017eele \u010duti. I to nam vjerojatno produljuje \u017eivot premda na\u0161oj okolini skra\u0107uje&#8217;, jedno je od obja\u0161njenja.<\/p>\n","protected":false},"author":1,"featured_media":90322,"comment_status":"closed","ping_status":"closed","sticky":false,"template":"","format":"standard","meta":{"footnotes":""},"categories":[2],"tags":[1317,64,122],"class_list":["post-90315","post","type-post","status-publish","format-standard","has-post-thumbnail","hentry","category-mozaik","tag-dalmacija","tag-dugovjecnost","tag-zene"],"_links":{"self":[{"href":"https:\/\/www.mojevrijeme.hr\/magazin\/wp-json\/wp\/v2\/posts\/90315","targetHints":{"allow":["GET"]}}],"collection":[{"href":"https:\/\/www.mojevrijeme.hr\/magazin\/wp-json\/wp\/v2\/posts"}],"about":[{"href":"https:\/\/www.mojevrijeme.hr\/magazin\/wp-json\/wp\/v2\/types\/post"}],"author":[{"embeddable":true,"href":"https:\/\/www.mojevrijeme.hr\/magazin\/wp-json\/wp\/v2\/users\/1"}],"replies":[{"embeddable":true,"href":"https:\/\/www.mojevrijeme.hr\/magazin\/wp-json\/wp\/v2\/comments?post=90315"}],"version-history":[{"count":0,"href":"https:\/\/www.mojevrijeme.hr\/magazin\/wp-json\/wp\/v2\/posts\/90315\/revisions"}],"wp:featuredmedia":[{"embeddable":true,"href":"https:\/\/www.mojevrijeme.hr\/magazin\/wp-json\/wp\/v2\/media\/90322"}],"wp:attachment":[{"href":"https:\/\/www.mojevrijeme.hr\/magazin\/wp-json\/wp\/v2\/media?parent=90315"}],"wp:term":[{"taxonomy":"category","embeddable":true,"href":"https:\/\/www.mojevrijeme.hr\/magazin\/wp-json\/wp\/v2\/categories?post=90315"},{"taxonomy":"post_tag","embeddable":true,"href":"https:\/\/www.mojevrijeme.hr\/magazin\/wp-json\/wp\/v2\/tags?post=90315"}],"curies":[{"name":"wp","href":"https:\/\/api.w.org\/{rel}","templated":true}]}}