{"id":90867,"date":"2023-11-15T09:33:42","date_gmt":"2023-11-15T08:33:42","guid":{"rendered":"https:\/\/www.mojevrijeme.hr\/magazin\/?p=90867"},"modified":"2023-11-15T20:20:39","modified_gmt":"2023-11-15T19:20:39","slug":"radije-cu-umrijeti-gladna-u-hladnoj-kuci-nego-traziti-euro-od-takve-djece","status":"publish","type":"post","link":"https:\/\/www.mojevrijeme.hr\/magazin\/2023\/11\/radije-cu-umrijeti-gladna-u-hladnoj-kuci-nego-traziti-euro-od-takve-djece\/","title":{"rendered":"&#8216;Radije \u0107u umrijeti gladna u hladnoj ku\u0107i, nego tra\u017eiti euro od takve djece&#8217;"},"content":{"rendered":"\n<p>Danas gospo\u0111a Tanja iz Zagreba, pi\u0161e nam, ima 68 godina i u mirovini je nakon \u0161to je radni vijek provela kao knjigovotkinja. S nama je podijelila doista nesretne doga\u0111aje iz svog \u017eivota, a najve\u0107i izvor \u017ealosti danas su joj njezinih troje djece.<\/p>\n\n\n\n<p>&#8220;Za vrijeme rata do\u0161la sam sama s troje djece u Hrvatsku, dva sina i jednom k\u0107eri. Moj tada\u0161nji suprug je ostao u Bosni i Hercegovini. Na\u0161 brak nikad nije bio skladan, \u0161tovi\u0161e, za mene je to bio pakao pa sam 1998. pokrenula razvod&#8221;, opisuje gospo\u0111a Tanja.<\/p>\n\n\n\n<p>&#8220;Djeca i ja smo kroz \u017eivot pro\u0161li svakakve patnje, kako u ratnim godinama, tako i u poratnim kad smo bili podstanari. Meni je do radnog mjesta, bilo kakvog, bilo jako te\u0161ko do\u0107i. I ve\u0107 kada smo jednom pregrmjeli sve to najte\u017ee, kad su se od\u0161kolovali, i kad smo nasljedstvom do\u0161li do svog krova nad glavom, kad su se \u017eenili\u2026 mi smo se, umjesto da u\u017eivamo jer je sve lo\u0161e pro\u0161lo, iz \u010dista mira raspali kao obitelj&#8221;, te\u0161ke su rije\u010di na\u0161e \u010ditateljice Tanje.<\/p><div id=\"mojev-3926927343\" class=\"mojev-u-tekstu mojev-entity-placement\" style=\"margin-left: auto;margin-right: auto;text-align: center;\"><div class=\"mojev-adlabel\">oglas<\/div><div style=\"height: 250px;\"><script async src=\"https:\/\/pagead2.googlesyndication.com\/pagead\/js\/adsbygoogle.js?client=ca-pub-8106111766207173\"\r\n     crossorigin=\"anonymous\"><\/script>\r\n<!-- Prikazni 1 u tekstu -->\r\n<ins class=\"adsbygoogle\"\r\n     style=\"display:block\"\r\n     data-ad-client=\"ca-pub-8106111766207173\"\r\n     data-ad-slot=\"8535551207\"\r\n     data-ad-format=\"auto\"\r\n     data-full-width-responsive=\"true\"><\/ins>\r\n<script>\r\n     (adsbygoogle = window.adsbygoogle || []).push({});\r\n<\/script><\/div><\/div><br style=\"clear: both; display: block; float: none;\"\/>\n\n\n\n<h3 class=\"wp-block-heading\">Majko, izbri\u0161i me<\/h3>\n\n\n\n<p>Kako nadalje obja\u0161njava, njezin stariji sin, koji je ina\u010de bio jako privr\u017een obitelji, nakon \u017eenidbe se sasvim promijenio. &#8220;Par godina nakon \u0161to se o\u017eenio samo mi je poslao poruku: Bri\u0161i moj broj. Bez ikakvog obja\u0161njenja na moje pitanje: Za\u0161to, sine? A kako je sre\u0107a moje djece meni na prvom mjestu, rekla sam sebi, pa dobro, ako \u0107e to moje dijete na bilo koji na\u010din usre\u0107iti, ili on to iz nekog razloga mora u\u010diniti, neka bude tako&#8221;, pi\u0161e nam za\u0161to se povukla.<\/p>\n\n\n\n<p>Potom su krenuli problemi s mla\u0111im sinom, koji se razvodio nakon nekoliko godina braka. &#8220;Nije \u017eelio i\u0107i u podstanare ve\u0107 je odlu\u010dio kupiti &#8216;malu gajbicu&#8217; te me tra\u017eio da mu financijski pomognem za polog, a on \u0107e kreditom zatvoriti kupovinu stan\u010di\u0107a. Naravno, sve \u0161to sam od usta odvajala i sakupljala za starost, dala sam mu.&#8221;<\/p>\n\n\n\n<p>&#8220;Ostalo mi je 100 eura. Mo\u017eda netko ne\u0107e povjerovati, ali nikad u \u017eivotu nisam bila sretnija. Po\u0161to sam vjernica, bila sam Bogu zahvalna \u0161to sam imala mogu\u0107nost pomo\u0107i svome djetetu, a vjerovala sam da \u0107e se Bog isto pobrinuti i za mene, a na koji na\u010din &#8211; to samo On zna&#8221;, otkriva nam.<\/p>\n\n\n\n<p>No, problemi s djecom su se nastavili nizati. &#8220;Godinu dana nakon useljenja u taj svoj stan\u010di\u0107, pozvao me da ga posjetim. Tada mi je, nakon jedne moje primjedbe, potpuno zabranio vi\u0111ati \u010dak i unuka. A onda je, nakon toga, nastao i problem s k\u0107eri. Ona je te\u0161ko podnosila \u0161to joj bra\u0107a ne razgovaraju s majkom te se i ona u tome pridru\u017eila bra\u0107i, jer je valjda mislila da \u0107e se njima zamjeriti ako bude uz majku. Ipak moram re\u0107i da sam primijetila da se ona mene odrekla uz veliku bol u du\u0161i i ja sam to uvidjela kod nje. To mi je najte\u017ee palo&#8221;, povjerila nam je.<\/p>\n\n\n\n<p>Danas \u017eivi sama, s malom mirovinom. No, k\u0107i je ipak, pi\u0161e nam na kraju pisma, uzela broj njezinog ra\u010duna da joj, kako nam pi\u0161e, mo\u017ee prebaciti ne\u0161to eura ako bude tra\u017eila. &#8220;To se naravno nikad ne\u0107e dogoditi, da ja od njih ne\u0161to tra\u017eim. Nakon svega rado \u0107u umirati gladna i u hladnoj ku\u0107i nego zatra\u017eiti ne\u0161to od njih. Ali svaki dan se molim da njima bude lak\u0161i i ljep\u0161i \u017eivot i da ih dragi Bog \u010duva&#8221;, tragi\u010dne su rije\u010di jedne odba\u010dene majke koja je sama, u vrijeme rata, na noge podigla troje djece.<\/p>\n\n\n\n<div id=\"crveno\"><\/p>\n\n\n\n<h3 class=\"wp-block-heading\">Zanima nas va\u0161a pri\u010da<\/h3>\n\n\n\n<p>\u017delite li i vi, posve anonimno, podijeliti svoje iskustvo i vi\u0111enje ove teme s nama i na\u0161im \u010ditateljima, mo\u017eete to u\u010diniti putem web obrasca <a rel=\"noreferrer noopener\" href=\"https:\/\/www.mojevrijeme.hr\/magazin\/povjerljivo\/\" target=\"_blank\">Povjerljivo<\/a>. Napi\u0161ite svoju pri\u010du!<\/p>\n\n\n\n<p><\/div>\n<div id=\"mojev-1930433647\" class=\"mojev-kraj-teksta mojev-entity-placement\" style=\"margin-bottom: 20px;margin-left: auto;margin-right: auto;text-align: center;\"><div class=\"mojev-adlabel\">oglas<\/div><div style=\"height: 250px;\"><script async src=\"https:\/\/pagead2.googlesyndication.com\/pagead\/js\/adsbygoogle.js?client=ca-pub-8106111766207173\"\r\n     crossorigin=\"anonymous\"><\/script>\r\n<!-- Display-1 -->\r\n<ins class=\"adsbygoogle\"\r\n     style=\"display:block\"\r\n     data-ad-client=\"ca-pub-8106111766207173\"\r\n     data-ad-slot=\"1465712950\"\r\n     data-ad-format=\"auto\"\r\n     data-full-width-responsive=\"true\"><\/ins>\r\n<script>\r\n     (adsbygoogle = window.adsbygoogle || []).push({});\r\n<\/script><\/div><\/div>","protected":false},"excerpt":{"rendered":"<p>Gospo\u0111a Tanja nije prva na\u0161a \u010ditateljica koja svjedo\u010di da nikako ne mo\u017ee proniknuti prave razloge zbog kojih su joj djeca okrenula le\u0111a. Kao da je osu\u0111ena na patnju, pro\u0161la je rat, razvod, na kraju do\u017eivjela i odbacivanje onih koji su joj najmiliji na svijetu. Ovo su zbilja udarci s kojima se treba znati nositi.<\/p>\n","protected":false},"author":17,"featured_media":90920,"comment_status":"closed","ping_status":"closed","sticky":false,"template":"","format":"standard","meta":{"footnotes":""},"categories":[3552],"tags":[3437,3490,3532],"class_list":["post-90867","post","type-post","status-publish","format-standard","has-post-thumbnail","hentry","category-povjerljivo","tag-obiteljski-odnosi","tag-otudenje","tag-roditelji-i-djeca"],"_links":{"self":[{"href":"https:\/\/www.mojevrijeme.hr\/magazin\/wp-json\/wp\/v2\/posts\/90867","targetHints":{"allow":["GET"]}}],"collection":[{"href":"https:\/\/www.mojevrijeme.hr\/magazin\/wp-json\/wp\/v2\/posts"}],"about":[{"href":"https:\/\/www.mojevrijeme.hr\/magazin\/wp-json\/wp\/v2\/types\/post"}],"author":[{"embeddable":true,"href":"https:\/\/www.mojevrijeme.hr\/magazin\/wp-json\/wp\/v2\/users\/17"}],"replies":[{"embeddable":true,"href":"https:\/\/www.mojevrijeme.hr\/magazin\/wp-json\/wp\/v2\/comments?post=90867"}],"version-history":[{"count":0,"href":"https:\/\/www.mojevrijeme.hr\/magazin\/wp-json\/wp\/v2\/posts\/90867\/revisions"}],"wp:featuredmedia":[{"embeddable":true,"href":"https:\/\/www.mojevrijeme.hr\/magazin\/wp-json\/wp\/v2\/media\/90920"}],"wp:attachment":[{"href":"https:\/\/www.mojevrijeme.hr\/magazin\/wp-json\/wp\/v2\/media?parent=90867"}],"wp:term":[{"taxonomy":"category","embeddable":true,"href":"https:\/\/www.mojevrijeme.hr\/magazin\/wp-json\/wp\/v2\/categories?post=90867"},{"taxonomy":"post_tag","embeddable":true,"href":"https:\/\/www.mojevrijeme.hr\/magazin\/wp-json\/wp\/v2\/tags?post=90867"}],"curies":[{"name":"wp","href":"https:\/\/api.w.org\/{rel}","templated":true}]}}