{"id":90955,"date":"2023-11-15T15:57:54","date_gmt":"2023-11-15T14:57:54","guid":{"rendered":"https:\/\/www.mojevrijeme.hr\/magazin\/?p=90955"},"modified":"2023-11-15T15:57:57","modified_gmt":"2023-11-15T14:57:57","slug":"zagreb-isplacuje-naknadu-umirovljenicima-za-studeni-ovo-su-uvjeti","status":"publish","type":"post","link":"https:\/\/www.mojevrijeme.hr\/magazin\/2023\/11\/zagreb-isplacuje-naknadu-umirovljenicima-za-studeni-ovo-su-uvjeti\/","title":{"rendered":"Zagreb ispla\u0107uje naknadu umirovljenicima za studeni, ovo su uvjeti"},"content":{"rendered":"\n<p>Nov\u010dana naknada umirovljenicima koju daje Grad Zagreb za mjesec studeni 2023. ispla\u0107ivat \u0107e se putem teku\u0107ih ra\u010duna i putem Hrvatske po\u0161te, izvijestio je Grad. <\/p>\n\n\n\n<p>Korisnicima koji imaju otvorene teku\u0107e ra\u010dune nov\u010dana naknada isplatit \u0107e se u srijedu, 15.11.2023. godine. Korisnicima koji nov\u010danu naknadu primaju putem Hrvatske po\u0161te ispla\u0107ivat \u0107e se od petka, 17.11.2023. godine.<\/p>\n\n\n\n<p>Umirovljenici koji istu nisu primili na ku\u0107nu adresu mo\u0107i \u0107e je podi\u0107i u po\u0161tanskim uredima deset dana od po\u010detka isplate. Nakon tog roka nema retrogradne isplate.<\/p><div id=\"mojev-206760865\" class=\"mojev-u-tekstu mojev-entity-placement\" style=\"margin-left: auto;margin-right: auto;text-align: center;\"><div class=\"mojev-adlabel\">oglas<\/div><div style=\"height: 250px;\"><script async src=\"https:\/\/pagead2.googlesyndication.com\/pagead\/js\/adsbygoogle.js?client=ca-pub-8106111766207173\"\r\n     crossorigin=\"anonymous\"><\/script>\r\n<!-- Prikazni 1 u tekstu -->\r\n<ins class=\"adsbygoogle\"\r\n     style=\"display:block\"\r\n     data-ad-client=\"ca-pub-8106111766207173\"\r\n     data-ad-slot=\"8535551207\"\r\n     data-ad-format=\"auto\"\r\n     data-full-width-responsive=\"true\"><\/ins>\r\n<script>\r\n     (adsbygoogle = window.adsbygoogle || []).push({});\r\n<\/script><\/div><\/div><br style=\"clear: both; display: block; float: none;\"\/>\n\n\n\n<h3 class=\"wp-block-heading\">Tko ima pravo na zagreba\u010dku nov\u010danu naknadu za umirovljenike?<\/h3>\n\n\n\n<p>Pravo na nov\u010danu naknadu ostvaruju umirovljenici, dr\u017eavljani Republike Hrvatske koji prije podno\u0161enja zahtjeva na priznavanje prava na nov\u010danu naknadu umirovljenicima prebivaju na podru\u010dju Grada Zagreba najmanje 5 godina neprekidno, a \u010diji su ukupni prihodi jednaki ili manji od 238,90 eura mjese\u010dno.<\/p>\n\n\n\n<p>Radi ostvarivanja prava na nov\u010danu naknadu umirovljenici se razvrstavaju u \u010detiri skupine:<\/p>\n\n\n\n<ul class=\"wp-block-list\">\n<li><strong>I. skupina<\/strong> \u2013 umirovljenici kojima je mirovina ili mirovina i ukupni prihod jednak ili manji od 119,45 eura mjese\u010dno.<\/li>\n\n\n\n<li><strong>II. skupina<\/strong> \u2013 umirovljenici kojima je mirovina ili mirovina i ukupni prihod iznose 119,46 eura do 159,27 eura mjese\u010dno.<\/li>\n\n\n\n<li><strong>III. skupina<\/strong> \u2013 umirovljenici kojima mirovina ili mirovina i ukupni prihod iznose 159,28 eura do 199,08 eura mjese\u010dno<\/li>\n\n\n\n<li><strong>IV. skupina<\/strong> \u2013 umirovljenici kojima mirovina ili mirovina i ukupni prihod iznose 199,09 eura do 238,90 eura mjese\u010dno.<\/li>\n<\/ul>\n\n\n\n<h3 class=\"wp-block-heading\">Koliki je iznos zagreba\u010dke naknade umirovljenicima?<\/h3>\n\n\n\n<p>Umirovljenici I. skupine ostvaruju pravo na 66,36 eura naknade mjese\u010dno, umirovljenici II. skupine na 53,09 eura naknade mjese\u010dno, umirovljenici III. skupine na 39,82 eura, a umirovljenici IV. skupine na 26,54 eura naknade mjese\u010dno.<\/p>\n<div id=\"mojev-3223529718\" class=\"mojev-kraj-teksta mojev-entity-placement\" style=\"margin-bottom: 20px;margin-left: auto;margin-right: auto;text-align: center;\"><div class=\"mojev-adlabel\">oglas<\/div><div style=\"height: 250px;\"><script async src=\"https:\/\/pagead2.googlesyndication.com\/pagead\/js\/adsbygoogle.js?client=ca-pub-8106111766207173\"\r\n     crossorigin=\"anonymous\"><\/script>\r\n<!-- Display-1 -->\r\n<ins class=\"adsbygoogle\"\r\n     style=\"display:block\"\r\n     data-ad-client=\"ca-pub-8106111766207173\"\r\n     data-ad-slot=\"1465712950\"\r\n     data-ad-format=\"auto\"\r\n     data-full-width-responsive=\"true\"><\/ins>\r\n<script>\r\n     (adsbygoogle = window.adsbygoogle || []).push({});\r\n<\/script><\/div><\/div>","protected":false},"excerpt":{"rendered":"<p>Umirovljenici se razvrstavaju u \u010detiri skupine prema visini mirovine i ukupnih prihoda.<\/p>\n","protected":false},"author":1,"featured_media":81147,"comment_status":"closed","ping_status":"closed","sticky":false,"template":"","format":"standard","meta":{"footnotes":""},"categories":[9],"tags":[1865,3646,39],"class_list":["post-90955","post","type-post","status-publish","format-standard","has-post-thumbnail","hentry","category-vijesti","tag-socijalne-naknade","tag-socijalni-transferi","tag-zagreb"],"_links":{"self":[{"href":"https:\/\/www.mojevrijeme.hr\/magazin\/wp-json\/wp\/v2\/posts\/90955","targetHints":{"allow":["GET"]}}],"collection":[{"href":"https:\/\/www.mojevrijeme.hr\/magazin\/wp-json\/wp\/v2\/posts"}],"about":[{"href":"https:\/\/www.mojevrijeme.hr\/magazin\/wp-json\/wp\/v2\/types\/post"}],"author":[{"embeddable":true,"href":"https:\/\/www.mojevrijeme.hr\/magazin\/wp-json\/wp\/v2\/users\/1"}],"replies":[{"embeddable":true,"href":"https:\/\/www.mojevrijeme.hr\/magazin\/wp-json\/wp\/v2\/comments?post=90955"}],"version-history":[{"count":0,"href":"https:\/\/www.mojevrijeme.hr\/magazin\/wp-json\/wp\/v2\/posts\/90955\/revisions"}],"wp:featuredmedia":[{"embeddable":true,"href":"https:\/\/www.mojevrijeme.hr\/magazin\/wp-json\/wp\/v2\/media\/81147"}],"wp:attachment":[{"href":"https:\/\/www.mojevrijeme.hr\/magazin\/wp-json\/wp\/v2\/media?parent=90955"}],"wp:term":[{"taxonomy":"category","embeddable":true,"href":"https:\/\/www.mojevrijeme.hr\/magazin\/wp-json\/wp\/v2\/categories?post=90955"},{"taxonomy":"post_tag","embeddable":true,"href":"https:\/\/www.mojevrijeme.hr\/magazin\/wp-json\/wp\/v2\/tags?post=90955"}],"curies":[{"name":"wp","href":"https:\/\/api.w.org\/{rel}","templated":true}]}}