{"id":91605,"date":"2023-11-21T11:17:54","date_gmt":"2023-11-21T10:17:54","guid":{"rendered":"https:\/\/www.mojevrijeme.hr\/magazin\/?p=91605"},"modified":"2023-11-21T11:17:57","modified_gmt":"2023-11-21T10:17:57","slug":"njemacka-je-spremna-za-novi-uvoz-radnika-s-balkana-ovo-su-pravila","status":"publish","type":"post","link":"https:\/\/www.mojevrijeme.hr\/magazin\/2023\/11\/njemacka-je-spremna-za-novi-uvoz-radnika-s-balkana-ovo-su-pravila\/","title":{"rendered":"Njema\u010dka je spremna za novi uvoz radnika s Balkana, ovo su pravila"},"content":{"rendered":"\n<p>Njema\u010dkim poslodavcima nedostaju radnici i stru\u010dnjaci: u IT sektoru, kao i u sektoru njege, obrtni\u0161tvu, tehnologiji, logistici i mnogim drugim djelatnostima. &#8220;Zakon o daljem razvoju kvalificirane imigracije&#8221;, koji je ljetos usvojen, ima za cilj smanjiti prepreke za useljavanje radnika i stru\u010dnjaka iz takozvanih trec\u0301ih zemalja, odnosno zemalja izvan Europske unije, javlja <a href=\"https:\/\/www.dw.com\/hr\/njema%C4%8Dki-zakon-o-useljavanju-stru%C4%8Dne-radne-snage-%C5%A1to-se-mijenja\/a-67487365\" target=\"_blank\" rel=\"noreferrer noopener\">Deutsche Welle<\/a>.<\/p>\n\n\n\n<p>Nova pravila c\u0301e stupiti na snagu u tri koraka, kako bi se nadle\u017ene institucije na vrijeme pripremile. Ta pravila se mogu prona\u0107i na stranici savezne vlade za kvalificirane radnike iz inozemstva, na njema\u010dkom, engleskom, \u0161panjolskom i francuskom jeziku. Prve promjene su stupile na snagu 18. studenog 2023..<\/p>\n\n\n\n<h3 class=\"wp-block-heading\">Nova pravila &#8211; Plava karta EU-a<\/h3>\n\n\n\n<p>S plavom kartom EU-a odmah se mo\u017ee imigrirati u Njema\u010dku \u2013 bez provjere jesu li gra\u0111ani EU-a ili Njema\u010dke na raspolaganju i bez dokaza o poznavanju jezika. Novo ograni\u010denje zarade je smanjeno na 40.000 eura za deficitarna zanimanja i po\u010detnike u karijeri i ne\u0161to manje od 44.000 eura za sve ostale profesije (podatak iz 2023. godine).<\/p><div id=\"mojev-3311296858\" class=\"mojev-u-tekstu mojev-entity-placement\" style=\"margin-left: auto;margin-right: auto;text-align: center;\"><div class=\"mojev-adlabel\">oglas<\/div><div style=\"height: 250px;\"><script async src=\"https:\/\/pagead2.googlesyndication.com\/pagead\/js\/adsbygoogle.js?client=ca-pub-8106111766207173\"\r\n     crossorigin=\"anonymous\"><\/script>\r\n<!-- Prikazni 1 u tekstu -->\r\n<ins class=\"adsbygoogle\"\r\n     style=\"display:block\"\r\n     data-ad-client=\"ca-pub-8106111766207173\"\r\n     data-ad-slot=\"8535551207\"\r\n     data-ad-format=\"auto\"\r\n     data-full-width-responsive=\"true\"><\/ins>\r\n<script>\r\n     (adsbygoogle = window.adsbygoogle || []).push({});\r\n<\/script><\/div><\/div><br style=\"clear: both; display: block; float: none;\"\/>\n\n\n\n<p>Pro\u0161iruje se lista deficitarnih zanimanja i uklju\u010duje izme\u0111u ostalog odgojitelje i medicinske sestre i tehni\u010dare. Kompletna lista je ispisana na \u010detiri stranice. Do sada su to bile profesije u podru\u010dju matematike, informatike, prirodnih znanosti, in\u017eenjerstva i medicine. Za IT sektor va\u017ei da \u010dak i stru\u010dnjaci bez visokog obrazovanja mogu dobiti Plavu kartu EU-a, ako prilo\u017ee dokaz o radnom iskustvu od najmanje tri godine.<\/p>\n\n\n\n<h3 class=\"wp-block-heading\">Pravo na boravak, manje ograni\u010denja<\/h3>\n\n\n\n<p>Kvalificirani radnici i osobe s akademskim obrazovanjem, koje ispunjavaju sve uvjete, od sada &#8211; imaju pravo &#8211; na stjecanje boravi\u0161ne dozvole. Do sada su nadle\u017ene institucije o tome mogle samostalno odlu\u010divati. Pored toga, ukida se ograni\u010denje za rad u zanimanjima koje je osoba u\u010dila ili studirala. \u0160kolovana mehani\u010darka, na primjer, mo\u017ee raditi i u logistici. Izuzetak su tzv. regulirane profesije u medicini, pravu ili obrazovanju<\/p>\n\n\n\n<p>Profesionalni voza\u010di \u0107e lak\u0161e dobivati odobrenje od Savezne agencije za rad. Ukidaju se obaveza poznavanja jezika i provjera prioriteta. Dodatne promjene bi trebale bi stupiti na snagu u o\u017eujku sljede\u0107e godine.<\/p>\n\n\n\n<h3 class=\"wp-block-heading\">Imigracija s radnim iskustvom<\/h3>\n\n\n\n<p>Priznavanje stru\u010dnih kvalifikacija u Njema\u010dkoj, koje je ranije \u010desto predstavljalo birokratsku prepreku, mo\u017ee biti izuzeto za stru\u010dnjake s radnim iskustvom.<\/p>\n\n\n\n<p>Kao radna snaga u Njema\u010dku mogu emigrirati oni koji imaju priznatu stru\u010dnu diplomu u zemlji porijekla i najmanje dvije godine radnog iskustva. To bi trebalo ubrzati \u010ditavu proceduru. Izuzetak su opet tzv. regulirane profesije u medicini, pravu ili obrazovanju. IT stru\u010dnjacima nije potrebna diploma.<\/p>\n\n\n\n<h3 class=\"wp-block-heading\">Partnerstvo za priznavanje stranih stru\u010dnih kvalifikacija<\/h3>\n\n\n\n<p>Svatko kome je potrebna dodatna kvalifikacija u Njema\u010dkoj da bi mu bila priznata diploma, ubuduc\u0301e \u0107e mo\u0107i ostati u Njema\u010dkoj do tri godine. Kandidatima je pritom dozvoljeno da pored rada na kvalifikaciji &#8211; dodatno rade do 20 sati tjedno.<\/p>\n\n\n\n<p>Ako poslodavci u Njema\u010dkoj i kandidati iz trec\u0301ih zemalja sklope partnerstvo za priznavanje diploma, kvalificirani radnici mogu direktno do\u0107i u Njema\u010dku i po\u010deti raditi dok traje postupak. Boravak se mo\u017ee produ\u017eiti do tri godine. Uvjet je najmanje dvije godine stru\u010dne spreme i osnovno poznavanje njema\u010dkog jezika (A2).<\/p>\n\n\n\n<p>Pored medicinskog osoblja (sestara i tehni\u010dara), ubuduc\u0301e c\u0301e pristup njema\u010dkom tr\u017ei\u0161tu rada biti omoguc\u0301en i pomoc\u0301nom medicinskom osoblju s manje od tri godine stru\u010dnog \u0161kolovanja u oblasti medicinske njege.<\/p>\n\n\n\n<h3 class=\"wp-block-heading\">Pravila za dolazak obitelji<\/h3>\n\n\n\n<p>Ako se supru\u017enici i maloljetna djeca \u017eele preseliti u Njema\u010dku, odre\u0111eni kvalificirani radnici vi\u0161e ne moraju podnositi dokaz o &#8220;dovoljnom&#8221; stambenom prostoru, odnosno kvadraturi stana. Osim toga, ako dozvolu boravka dobiju nakon o\u017eujka 2024. oni tako\u0111er mogu dovesti svoje roditelje ili roditelje svog supruga ili supruge. Planirano je da preostale promjene stupe na snagu u lipnju 2024.<\/p>\n\n\n\n<h3 class=\"wp-block-heading\">Tra\u017eenje posla s &#8220;kartom \u0161ansi&#8221;<\/h3>\n\n\n\n<p>U lipnju \u0107e biti uvedena takozvana karta \u0161ansi <em>(Chancenkarte)<\/em> sa sustavom bodovanja. S njom \u0107e ljudi u potrazi za poslom mo\u0107i do\u0107i u Njema\u010dku na godinu dana &#8211; pod uvjetom da im je egzistencija osigurana.<\/p>\n\n\n\n<p>Svatko tko mo\u017ee da dokazati da je stru\u010dna kvalifikacija ekvivalentne s njema\u010dkom smatra se kvalificiranim radnikom i dobiva karticu bez ikakvih dodatnih uvjeta. Za sve ostale je potrebna sveu\u010dili\u0161na diploma ili najmanje dvogodi\u0161nja stru\u010dna kvalifikacija, kao i osnovno poznavanje njema\u010dkog jezika (A1) ili znanja engleskog jezika (B2).<\/p>\n\n\n\n<p>Pored toga, dodjeljuju se bodovi za radno iskustvo, priznavanje kvalifikacija u Njema\u010dkoj, godine \u017eivota, poznavanje njema\u010dkog i engleskog jezika, povezanost s Njema\u010dkom i potencijal partnera ili supru\u017enika koji dolazi. <\/p>\n\n\n\n<p>Radnicima s takvom kartom \u0161ansi omoguc\u0301eno je da rade i do 20 sati tjedno, a dozvoljen je i probni rad. Karta \u0161ansi se mo\u017ee produ\u017eiti do dvije godine ako postoji ugovor o radu za kvalificirano zaposlenje.<\/p>\n\n\n\n<h3 class=\"wp-block-heading\">Pravilo za zapadni Balkan<\/h3>\n\n\n\n<p>Jo\u0161 jedna regulativa odnosi se na gra\u0111ane zemalja zapadnog Balkana. Takozvano pravilo za zapadni Balkan za zapo\u0161ljavanje radnika iz Albanije, Bosne i Hercegovine, Crne Gore, Kosova, Sjeverne Makedonije i Srbije, uvedeno jo\u0161 2016., sada va\u017ei na neodre\u0111eno vrijeme. Godi\u0161nji kontingent \u0107e od lipnja 2024. biti pove\u0107an na 50.000 radnika.<\/p>\n<div id=\"mojev-1083164875\" class=\"mojev-kraj-teksta mojev-entity-placement\" style=\"margin-bottom: 20px;margin-left: auto;margin-right: auto;text-align: center;\"><div class=\"mojev-adlabel\">oglas<\/div><div style=\"height: 250px;\"><script async src=\"https:\/\/pagead2.googlesyndication.com\/pagead\/js\/adsbygoogle.js?client=ca-pub-8106111766207173\"\r\n     crossorigin=\"anonymous\"><\/script>\r\n<!-- Display-1 -->\r\n<ins class=\"adsbygoogle\"\r\n     style=\"display:block\"\r\n     data-ad-client=\"ca-pub-8106111766207173\"\r\n     data-ad-slot=\"1465712950\"\r\n     data-ad-format=\"auto\"\r\n     data-full-width-responsive=\"true\"><\/ins>\r\n<script>\r\n     (adsbygoogle = window.adsbygoogle || []).push({});\r\n<\/script><\/div><\/div>","protected":false},"excerpt":{"rendered":"<p>Ako se supru\u017enici i maloljetna djeca \u017eele preseliti u Njema\u010dku, odre\u0111eni kvalificirani radnici vi\u0161e ne moraju podnositi dokaz o &#8216;dovoljnom&#8217; stambenom prostoru, odnosno kvadraturi stana. <\/p>\n","protected":false},"author":1,"featured_media":91610,"comment_status":"closed","ping_status":"closed","sticky":false,"template":"","format":"standard","meta":{"footnotes":""},"categories":[9],"tags":[212,127],"class_list":["post-91605","post","type-post","status-publish","format-standard","has-post-thumbnail","hentry","category-vijesti","tag-gastarbajteri","tag-njemacka"],"_links":{"self":[{"href":"https:\/\/www.mojevrijeme.hr\/magazin\/wp-json\/wp\/v2\/posts\/91605","targetHints":{"allow":["GET"]}}],"collection":[{"href":"https:\/\/www.mojevrijeme.hr\/magazin\/wp-json\/wp\/v2\/posts"}],"about":[{"href":"https:\/\/www.mojevrijeme.hr\/magazin\/wp-json\/wp\/v2\/types\/post"}],"author":[{"embeddable":true,"href":"https:\/\/www.mojevrijeme.hr\/magazin\/wp-json\/wp\/v2\/users\/1"}],"replies":[{"embeddable":true,"href":"https:\/\/www.mojevrijeme.hr\/magazin\/wp-json\/wp\/v2\/comments?post=91605"}],"version-history":[{"count":0,"href":"https:\/\/www.mojevrijeme.hr\/magazin\/wp-json\/wp\/v2\/posts\/91605\/revisions"}],"wp:featuredmedia":[{"embeddable":true,"href":"https:\/\/www.mojevrijeme.hr\/magazin\/wp-json\/wp\/v2\/media\/91610"}],"wp:attachment":[{"href":"https:\/\/www.mojevrijeme.hr\/magazin\/wp-json\/wp\/v2\/media?parent=91605"}],"wp:term":[{"taxonomy":"category","embeddable":true,"href":"https:\/\/www.mojevrijeme.hr\/magazin\/wp-json\/wp\/v2\/categories?post=91605"},{"taxonomy":"post_tag","embeddable":true,"href":"https:\/\/www.mojevrijeme.hr\/magazin\/wp-json\/wp\/v2\/tags?post=91605"}],"curies":[{"name":"wp","href":"https:\/\/api.w.org\/{rel}","templated":true}]}}