{"id":91766,"date":"2023-11-23T12:45:41","date_gmt":"2023-11-23T11:45:41","guid":{"rendered":"https:\/\/www.mojevrijeme.hr\/magazin\/?p=91766"},"modified":"2023-11-23T12:48:36","modified_gmt":"2023-11-23T11:48:36","slug":"pocinje-advent-u-zagrebu-saznajte-sto-vas-ceka-na-zrinjevcu","status":"publish","type":"post","link":"https:\/\/www.mojevrijeme.hr\/magazin\/2023\/11\/pocinje-advent-u-zagrebu-saznajte-sto-vas-ceka-na-zrinjevcu\/","title":{"rendered":"Po\u010dinje Advent u Zagrebu, saznajte \u0161to vas \u010deka na Zrinjevcu"},"content":{"rendered":"\n<p>Od ponedjeljka do \u010detvrtka od 12 do 23 h, petkom od 12 do 24 h, subotom od 10 do 24 h te nedjeljom od 10 do 23 h, posjetitelji mogu otkrivati sadr\u017eaje, koje je pomno pripremao organizacijski tim RougeMarina. <\/p>\n\n\n\n<p>Nakon dvanaestogodi\u0161njeg iskustva u organizaciji doga\u0111anja i uspje\u0161no odra\u0111enog projekta RougeMarin parka, odlu\u010dili su organizirati advent na Slatkom Zrinjevcu te pozvati zagreba\u010dke ugostitelje i male obrtnike da s posjetiteljima podijele blagdanske trenutke i u\u017eivaju u adventskoj atmosferi. Inspiracija im je bila vi\u0161estoljetna tradicija licitara, najprepoznatljivijeg zagreba\u010dkog simbola Bo\u017ei\u0107a i bo\u017ei\u0107nih blagdana. Upravo se to slatko srce provla\u010di kroz mnoge detalje u samom parku. <\/p>\n\n\n\n<p>Marin Medak ponosan je na prvi odr\u017eivi festival &#8211; Slatki Zrinjevac. Ba\u0161 kako to \u010dine velike europske metropole, uvodi upotrebu porculanskih \u0161alica, kako se ne bi stvarao suvi\u0161an otpad. \u0160alice \u0107e se kupovati, a mo\u017eete ih vratiti ili zadr\u017eati za uspomenu.&nbsp;<\/p><div id=\"mojev-1497988010\" class=\"mojev-u-tekstu mojev-entity-placement\" style=\"margin-left: auto;margin-right: auto;text-align: center;\"><div class=\"mojev-adlabel\">oglas<\/div><div style=\"height: 250px;\"><script async src=\"https:\/\/pagead2.googlesyndication.com\/pagead\/js\/adsbygoogle.js?client=ca-pub-8106111766207173\"\r\n     crossorigin=\"anonymous\"><\/script>\r\n<!-- Prikazni 1 u tekstu -->\r\n<ins class=\"adsbygoogle\"\r\n     style=\"display:block\"\r\n     data-ad-client=\"ca-pub-8106111766207173\"\r\n     data-ad-slot=\"8535551207\"\r\n     data-ad-format=\"auto\"\r\n     data-full-width-responsive=\"true\"><\/ins>\r\n<script>\r\n     (adsbygoogle = window.adsbygoogle || []).push({});\r\n<\/script><\/div><\/div><br style=\"clear: both; display: block; float: none;\"\/>\n\n\n\n<p>Mo\u017eete li se prisjetiti koliko ste slatkih, nezaboravnih trenutaka proveli upravo na ovome mjestu, \u0161etaju\u0107i, ma\u0161taju\u0107i na nekoj od klupa, dr\u017ee\u0107i se zaljubljeno za ruku ili u potrazi za osvje\u017eenjem kraj fontane? A mo\u017eda ste prou\u010davali spomenike poznatih lica, koja su svoj dom prona\u0161la upravo na Zrinjevcu? Njima \u0107e se pridru\u017eiti i skulpture, nastale u okviru projekta Sit&amp;Meet kao \u0161to su Marin Getaldi\u0107, Milka Trnina, Dra\u017een Petrovi\u0107, Nikola \u0160ubi\u0107 Zrinski i Ru\u0111er Bo\u0161kovi\u0107. <\/p>\n\n\n\n<figure class=\"wp-block-image size-large\"><img loading=\"lazy\" decoding=\"async\" width=\"740\" height=\"493\" src=\"https:\/\/www.mojevrijeme.hr\/magazin\/wp-content\/uploads\/2021\/12\/zrinjevac-paviljon-740x493.jpg\" alt=\"\" class=\"wp-image-54308\" srcset=\"https:\/\/www.mojevrijeme.hr\/magazin\/wp-content\/uploads\/2021\/12\/zrinjevac-paviljon-740x493.jpg 740w, https:\/\/www.mojevrijeme.hr\/magazin\/wp-content\/uploads\/2021\/12\/zrinjevac-paviljon-636x424.jpg 636w, https:\/\/www.mojevrijeme.hr\/magazin\/wp-content\/uploads\/2021\/12\/zrinjevac-paviljon-768x512.jpg 768w, https:\/\/www.mojevrijeme.hr\/magazin\/wp-content\/uploads\/2021\/12\/zrinjevac-paviljon-1536x1024.jpg 1536w, https:\/\/www.mojevrijeme.hr\/magazin\/wp-content\/uploads\/2021\/12\/zrinjevac-paviljon-1080x720.jpg 1080w, https:\/\/www.mojevrijeme.hr\/magazin\/wp-content\/uploads\/2021\/12\/zrinjevac-paviljon.jpg 2000w\" sizes=\"auto, (max-width: 740px) 100vw, 740px\" \/><figcaption class=\"wp-element-caption\">foto: Sandro Bura<\/figcaption><\/figure>\n\n\n\n<h3 class=\"wp-block-heading\">Pregr\u0161t darova<\/h3>\n\n\n\n<p>Znate li za\u0161to su Getaldi\u0107a zvali \u010darobnjakom i zloglasnim vra\u010dem? A da je Milka \u010dokolada, kako&nbsp;legende ka\u017eu, svoje ime dobila po na\u0161oj Milki Trnini, jednoj od najpoznatijih svjetskih opernih pjeva\u010dica? Posjetitelje o\u010dekuje i 12 gastro iznena\u0111enja, kao i desetak ku\u0107ica malih obrtnika s prigodnim, ru\u010dno izra\u0111enim blagdanskim suvenirima pa na Slatkom Zrinjevcu mo\u017eete i kupiti darove za svoje najmilije, kao \u0161to su kuglice za bor, licitari i razne, prigodne rukotvorine.&nbsp;&nbsp;<\/p>\n\n\n\n<p>Rasko\u0161na gastro ponuda \u017eeljno o\u010dekuje svoje gurmane. Bunca\u0161, Grahos vojni\u010dki grah, Kaiser kobasica, \u201cVru\u0107a Talijanka i \u0160panjolka\u201d, talijanska porchetta, kobase na milijun na\u010dina uz vi\u0161e prstohvata za\u010dina te Crunchy Beef Empanada samo su neke od delicija za prste polizat\u2019 zbog kojih \u0107ete zasigurno svratiti na Slatki Zrinjevac. A kakva vas tek slatka ponuda o\u010dekuje! <\/p>\n\n\n\n<figure class=\"wp-block-image size-large\"><img loading=\"lazy\" decoding=\"async\" width=\"740\" height=\"493\" src=\"https:\/\/www.mojevrijeme.hr\/magazin\/wp-content\/uploads\/2021\/12\/zrinjevac-740x493.jpg\" alt=\"\" class=\"wp-image-54309\" srcset=\"https:\/\/www.mojevrijeme.hr\/magazin\/wp-content\/uploads\/2021\/12\/zrinjevac-740x493.jpg 740w, https:\/\/www.mojevrijeme.hr\/magazin\/wp-content\/uploads\/2021\/12\/zrinjevac-636x424.jpg 636w, https:\/\/www.mojevrijeme.hr\/magazin\/wp-content\/uploads\/2021\/12\/zrinjevac-768x512.jpg 768w, https:\/\/www.mojevrijeme.hr\/magazin\/wp-content\/uploads\/2021\/12\/zrinjevac-1536x1024.jpg 1536w, https:\/\/www.mojevrijeme.hr\/magazin\/wp-content\/uploads\/2021\/12\/zrinjevac-1080x720.jpg 1080w, https:\/\/www.mojevrijeme.hr\/magazin\/wp-content\/uploads\/2021\/12\/zrinjevac.jpg 2000w\" sizes=\"auto, (max-width: 740px) 100vw, 740px\" \/><figcaption class=\"wp-element-caption\">foto: Sandro Bura<\/figcaption><\/figure>\n\n\n\n<p>Posebne kro\u0161tule, christmas pudding, Bo\u017ei\u0107na pala\u010dinka, churrosi, doma\u0107e fritule po bakinoj recepturi, pr\u017eenice s finim umacima i slatke rolice s finom kremom. Vrijedi spomenuti i sjajne, toplo hladne koktele kakve jo\u0161 pili niste, no rado biste, by Filip Lipnik i Art of Bar. Oni \u0107e zaokru\u017eiti gastro gozbu, koja vas o\u010dekuje od podneva do pono\u0107i na Slatkom Zrinjevcu uz prave gastro mahere, chefove Mihovila Rosu, Damira Baju, Zvonimira \u0160trka, Marija Mihelja, Melkiora Ba\u0161i\u0107a, Marina Medaka te inovativnog pekara Karla Vulina.&nbsp;<\/p>\n<div id=\"mojev-853753756\" class=\"mojev-kraj-teksta mojev-entity-placement\" style=\"margin-bottom: 20px;margin-left: auto;margin-right: auto;text-align: center;\"><div class=\"mojev-adlabel\">oglas<\/div><div style=\"height: 250px;\"><script async src=\"https:\/\/pagead2.googlesyndication.com\/pagead\/js\/adsbygoogle.js?client=ca-pub-8106111766207173\"\r\n     crossorigin=\"anonymous\"><\/script>\r\n<!-- Display-1 -->\r\n<ins class=\"adsbygoogle\"\r\n     style=\"display:block\"\r\n     data-ad-client=\"ca-pub-8106111766207173\"\r\n     data-ad-slot=\"1465712950\"\r\n     data-ad-format=\"auto\"\r\n     data-full-width-responsive=\"true\"><\/ins>\r\n<script>\r\n     (adsbygoogle = window.adsbygoogle || []).push({});\r\n<\/script><\/div><\/div>","protected":false},"excerpt":{"rendered":"<p>Najsla\u0111i zagreba\u010dki park Zrinjevac, kojim \u0161e\u0107u generacije Zagrep\u010dana, kao i brojni posjetitelji, uskoro odijeva svoje novo, adventsko ruho. Od 29. studenoga do 7. sije\u010dnja, najpoznatija i najljep\u0161a \u0161etnica okru\u017eena visokim, gordim platanama, ugostit \u0107e ugostitelje i male obrtnike, koji \u0107e tom prelijepom mjestu dodati prstohvat \u010darolije. <\/p>\n","protected":false},"author":5,"featured_media":54314,"comment_status":"closed","ping_status":"closed","sticky":false,"template":"","format":"standard","meta":{"footnotes":""},"categories":[2],"tags":[702,39],"class_list":["post-91766","post","type-post","status-publish","format-standard","has-post-thumbnail","hentry","category-mozaik","tag-advent","tag-zagreb"],"_links":{"self":[{"href":"https:\/\/www.mojevrijeme.hr\/magazin\/wp-json\/wp\/v2\/posts\/91766","targetHints":{"allow":["GET"]}}],"collection":[{"href":"https:\/\/www.mojevrijeme.hr\/magazin\/wp-json\/wp\/v2\/posts"}],"about":[{"href":"https:\/\/www.mojevrijeme.hr\/magazin\/wp-json\/wp\/v2\/types\/post"}],"author":[{"embeddable":true,"href":"https:\/\/www.mojevrijeme.hr\/magazin\/wp-json\/wp\/v2\/users\/5"}],"replies":[{"embeddable":true,"href":"https:\/\/www.mojevrijeme.hr\/magazin\/wp-json\/wp\/v2\/comments?post=91766"}],"version-history":[{"count":0,"href":"https:\/\/www.mojevrijeme.hr\/magazin\/wp-json\/wp\/v2\/posts\/91766\/revisions"}],"wp:featuredmedia":[{"embeddable":true,"href":"https:\/\/www.mojevrijeme.hr\/magazin\/wp-json\/wp\/v2\/media\/54314"}],"wp:attachment":[{"href":"https:\/\/www.mojevrijeme.hr\/magazin\/wp-json\/wp\/v2\/media?parent=91766"}],"wp:term":[{"taxonomy":"category","embeddable":true,"href":"https:\/\/www.mojevrijeme.hr\/magazin\/wp-json\/wp\/v2\/categories?post=91766"},{"taxonomy":"post_tag","embeddable":true,"href":"https:\/\/www.mojevrijeme.hr\/magazin\/wp-json\/wp\/v2\/tags?post=91766"}],"curies":[{"name":"wp","href":"https:\/\/api.w.org\/{rel}","templated":true}]}}