{"id":91814,"date":"2023-11-22T14:06:37","date_gmt":"2023-11-22T13:06:37","guid":{"rendered":"https:\/\/www.mojevrijeme.hr\/magazin\/?p=91814"},"modified":"2023-11-22T14:09:41","modified_gmt":"2023-11-22T13:09:41","slug":"svim-umirovljenicima-besplatan-javni-prijevoz-u-selu-i-gradu","status":"publish","type":"post","link":"https:\/\/www.mojevrijeme.hr\/magazin\/2023\/11\/svim-umirovljenicima-besplatan-javni-prijevoz-u-selu-i-gradu\/","title":{"rendered":"Svim umirovljenicima omogu\u0107iti besplatan javni prijevoz, u selu i gradu"},"content":{"rendered":"\n<p>Dio umirovljenika u Hrvatskoj ima besplatan javni prijevoz, dio subvencioniran, a dio ga uop\u0107e nema te je vrijeme da se to regulira. Izre\u010deno je to na konferenciji Hrvatske stranke umirovljenika, prenosi <a href=\"https:\/\/vijesti.hrt.hr\/hrvatska\/prijevoz-umirovljenika-11158321\" target=\"_blank\" rel=\"noreferrer noopener\">HRT<\/a>.<\/p>\n\n\n\n<p>&#8220;Mobilnost i pokretljivost osoba vrlo je va\u017ena u kvaliteti \u017eivota starijih i nemo\u0107nih osoba i invalida. Zbog toga postoje brojne aktivnosti jednokratnog karaktera kojima se nastoji pove\u0107ati pokretljivost starijim osobama prvenstveno tako da im se osigura besplatan prijevoz kako bi zadovoljili svoje \u017eivotne potrebe&#8221;, isti\u010du iz HSU-a.<br><br>Najte\u017ee je, ka\u017eu, onima koji \u017eive u ruralnim sredinama, a nemaju osiguran javni prijevoz. U stranci se stoga zala\u017eu za to da se \u0161to prije svim umirovljenicima omogu\u0107i besplatan javni prijevoz, bez obzira na mjesto stanovanja i visinu mirovine.<br><br>&#8220;Mo\u017eemo istaknuti brojne uspjehe u \u017eupanijama i gradovima poput Me\u0111imurske \u017eupanije u kojoj je za umirovljenike besplatan prijevoz, Koprivni\u010dko-kri\u017eeva\u010dke \u017eupanije gdje umirovljenici na svih 79 linija javnog prijevoza ostvaruju popust od 80 posto ili Biograda na Moru gdje postoji posebno vozilo za prijevoz starijih osoba sukladno njihovim opravdanim zahtjevima. Umirovljenici iz Vukovarsko-srijemske \u017eupanije od kraja sije\u010dnja 2024. godine imat \u0107e besplatan prijevoz \u017eeljeznicom na prostoru cijele dr\u017eave&#8221;, isti\u010du iz HSU-a.<br><br>Istovremeno sredi\u0161nja tijela stranke poku\u0161avaju na dr\u017eavnoj razini u\u010diniti pomake po tom pitanju i u kontaktu s Ministarstvom mora, prometa i infrastrukture poku\u0161avaju izmijeniti Odluku o iznosima sufinanciranja, mjerilima i kriterijima za sufinanciranje javne usluge u cestovnom prijevozu putnika.<br><br>&#8220;Mi se zapravo zala\u017eem da se jedinstveno rije\u0161i na podru\u010dju cijele Hrvatske prijevoz za sve umirovljenike , a kada su u pitanju ruralna podru\u010dja da to \u017eupanije, op\u0107ine i gradovi dodatno rije\u0161e na svom prostoru. To bi trebalo jedinstveno rije\u0161iti jer ovako se postavlja pitanje jesu li svi umirovljenici ravnopravni po\u0161to su neki u prilici da dobiju, neki nisu, kazao je<strong>\u00a0Veselko Gabri\u010devi\u0107<\/strong>&#8220;, predsjednik Hrvatske stranke umirovljenika.<\/p>\n<div id=\"mojev-2434429475\" class=\"mojev-kraj-teksta mojev-entity-placement\" style=\"margin-bottom: 20px;margin-left: auto;margin-right: auto;text-align: center;\"><div class=\"mojev-adlabel\">oglas<\/div><div style=\"height: 250px;\"><script async src=\"https:\/\/pagead2.googlesyndication.com\/pagead\/js\/adsbygoogle.js?client=ca-pub-8106111766207173\"\r\n     crossorigin=\"anonymous\"><\/script>\r\n<!-- Display-1 -->\r\n<ins class=\"adsbygoogle\"\r\n     style=\"display:block\"\r\n     data-ad-client=\"ca-pub-8106111766207173\"\r\n     data-ad-slot=\"1465712950\"\r\n     data-ad-format=\"auto\"\r\n     data-full-width-responsive=\"true\"><\/ins>\r\n<script>\r\n     (adsbygoogle = window.adsbygoogle || []).push({});\r\n<\/script><\/div><\/div>","protected":false},"excerpt":{"rendered":"<p>Umirovljenici diljem Hrvatske suo\u010davaju se s raznolikim pristupom javnom prijevozu. Dok ih dio u\u017eiva u besplatnim ili subvencioniranim uslugama, drugi ih skupo pla\u0107aju ili su im potpuno nedostupne.<\/p>\n","protected":false},"author":1,"featured_media":82409,"comment_status":"closed","ping_status":"closed","sticky":false,"template":"","format":"standard","meta":{"footnotes":""},"categories":[9],"tags":[111,3693,77],"class_list":["post-91814","post","type-post","status-publish","format-standard","has-post-thumbnail","hentry","category-vijesti","tag-hrvatska-stranka-umirovljenika","tag-izbori-2024","tag-umirovljenici"],"_links":{"self":[{"href":"https:\/\/www.mojevrijeme.hr\/magazin\/wp-json\/wp\/v2\/posts\/91814","targetHints":{"allow":["GET"]}}],"collection":[{"href":"https:\/\/www.mojevrijeme.hr\/magazin\/wp-json\/wp\/v2\/posts"}],"about":[{"href":"https:\/\/www.mojevrijeme.hr\/magazin\/wp-json\/wp\/v2\/types\/post"}],"author":[{"embeddable":true,"href":"https:\/\/www.mojevrijeme.hr\/magazin\/wp-json\/wp\/v2\/users\/1"}],"replies":[{"embeddable":true,"href":"https:\/\/www.mojevrijeme.hr\/magazin\/wp-json\/wp\/v2\/comments?post=91814"}],"version-history":[{"count":0,"href":"https:\/\/www.mojevrijeme.hr\/magazin\/wp-json\/wp\/v2\/posts\/91814\/revisions"}],"wp:featuredmedia":[{"embeddable":true,"href":"https:\/\/www.mojevrijeme.hr\/magazin\/wp-json\/wp\/v2\/media\/82409"}],"wp:attachment":[{"href":"https:\/\/www.mojevrijeme.hr\/magazin\/wp-json\/wp\/v2\/media?parent=91814"}],"wp:term":[{"taxonomy":"category","embeddable":true,"href":"https:\/\/www.mojevrijeme.hr\/magazin\/wp-json\/wp\/v2\/categories?post=91814"},{"taxonomy":"post_tag","embeddable":true,"href":"https:\/\/www.mojevrijeme.hr\/magazin\/wp-json\/wp\/v2\/tags?post=91814"}],"curies":[{"name":"wp","href":"https:\/\/api.w.org\/{rel}","templated":true}]}}