{"id":920,"date":"2014-10-08T10:13:40","date_gmt":"2014-10-08T08:13:40","guid":{"rendered":"http:\/\/mojevrijeme.hr\/magazin\/?p=920"},"modified":"2015-03-05T21:36:05","modified_gmt":"2015-03-05T20:36:05","slug":"najsarmantniji-glazbenici-iznad-50","status":"publish","type":"post","link":"https:\/\/www.mojevrijeme.hr\/magazin\/2014\/10\/najsarmantniji-glazbenici-iznad-50\/","title":{"rendered":"Naj\u0161armantniji glazbenici iznad 50"},"content":{"rendered":"<p>Za njima smo ludili u sedamdesetima, osamdesetima, devedesetima, pa \u010dak i danas. Sastavili smo listu najpo\u017eeljnijih glazbenika s ovih prostora iznad 50 godina.<\/p>\n<h3>Vlado Kalember, 61<\/h3>\n<p>Dobar izgleda Vlade Kalembera i na pragu osmog desetlje\u0107a spada u misterije. Pjeva\u010d Srebrnih krila hrapavog glasa nije ba\u0161 ni\u0161ta izgubio na privla\u010dnosti. \u0160tovi\u0161e, godine su samo pridonijele njegovu \u0161armu. Doista je rijetko da za nekim mu\u0161karcem lude i po tri generacije \u017eena, a Kalemberu je uspjelo upravo to. O\u010duvanju mladosti zasigurno je pridonijela i puno mla\u0111a supruga Ana Rucner od koje se nedavno ipak rastao te tako ponovno zaplovio u solo vode.<\/p>\n<h3>Dado Topi\u0107, 65<\/h3>\n<p>Dado Topi\u0107 oduvijek je odu\u0161evljavao i stasom i glasom. Pjeva\u010d legendarne grupe Time na svojim je koncertima zalu\u0111ivao mnoge dame romanti\u010dnim pjesmama, mu\u017eevnim glasom i ubojitim \u0161armom. A da je svoje privla\u010dnosti bio svjestan ve\u0107 kao vrlo mlad, svjedo\u010di i ime njegovog prvog tinejd\u017eerskog benda \u0110avolji eliksiri. Iako mu karijera u posljednje vrijeme stagnira, jo\u0161 uvijek se sje\u0107amo njegove duge kose i raskop\u010dane ko\u0161ulje.<\/p><div id=\"mojev-1996443876\" class=\"mojev-u-tekstu mojev-entity-placement\" style=\"margin-left: auto;margin-right: auto;text-align: center;\"><div class=\"mojev-adlabel\">oglas<\/div><div style=\"height: 250px;\"><script async src=\"https:\/\/pagead2.googlesyndication.com\/pagead\/js\/adsbygoogle.js?client=ca-pub-8106111766207173\"\r\n     crossorigin=\"anonymous\"><\/script>\r\n<!-- Prikazni 1 u tekstu -->\r\n<ins class=\"adsbygoogle\"\r\n     style=\"display:block\"\r\n     data-ad-client=\"ca-pub-8106111766207173\"\r\n     data-ad-slot=\"8535551207\"\r\n     data-ad-format=\"auto\"\r\n     data-full-width-responsive=\"true\"><\/ins>\r\n<script>\r\n     (adsbygoogle = window.adsbygoogle || []).push({});\r\n<\/script><\/div><\/div><br style=\"clear: both; display: block; float: none;\"\/>\n<h3>Goran Bregovi\u0107, 64<\/h3>\n<p>Dje\u010da\u010dkom \u0161armu vo\u0111e Bijelog dugmeta oduvijek je bilo te\u0161ko odoljeti. Brojne su dame posje\u0107ivale koncerte Bijelog Dugmeta upravo zbog neodoljivog Brege. Ima ne\u0161to mangupsko u njegovom osmjehu, ne\u0161to dje\u010da\u010dki zavodljivo i pomalo zlo\u010desto. A pri\u010de o njegovim ljubavnim podvizima u\u0161le su u legendu. Brega i u 64. godini osvaja \u017eenska srca diljem svijeta.<\/p>\n<div id=\"attachment_1186\" style=\"width: 646px\" class=\"wp-caption alignnone\"><img loading=\"lazy\" decoding=\"async\" aria-describedby=\"caption-attachment-1186\" class=\"size-medium wp-image-1186\" src=\"http:\/\/www.mojevrijeme.hr\/magazin\/wp-content\/uploads\/2014\/09\/hus-636x352.jpg\" alt=\"Husein Hasanefendi\u0107 (foto: Parni valjak Facebook)\" width=\"636\" height=\"352\" srcset=\"https:\/\/www.mojevrijeme.hr\/magazin\/wp-content\/uploads\/2014\/09\/hus-636x352.jpg 636w, https:\/\/www.mojevrijeme.hr\/magazin\/wp-content\/uploads\/2014\/09\/hus.jpg 740w\" sizes=\"auto, (max-width: 636px) 100vw, 636px\" \/><p id=\"caption-attachment-1186\" class=\"wp-caption-text\">Husein Hasanefendi\u0107 (foto: Parni valjak Facebook)<\/p><\/div>\n<h3>Husein Hasanefendi\u0107, 60<\/h3>\n<p>Pomalo samozatajni vo\u0111a Parnog valjka ove je godina napunio okruglih 60, no njegov pritajeni \u0161arm ostao je neupitan. Kroz nje\u017ene pjesme i stasitu pojavu, zalu\u0111ivao je \u017eene jo\u0161 od sedamdesetih godina, a i danas s ponosom mo\u017ee re\u0107i da je prvih nekoliko redova na njegovim koncertima uvijek rezervirano za nje\u017eniji spol.<\/p>\n<h3>Zoran Predin, 56<\/h3>\n<p>Predin je jedan od onih glazbenika \u010dije koncerte posje\u0107uju ponajprije \u017eene, i to \u017eene svih generacija. \u0160armantnog Slovenca voljeli smo i u fazi La\u010dnog Franca, ali i kasnije kad je \u017eario i palio kao solo umjetnik. Njegove romanti\u010dne pjesme i \u0161armantna pojava osigurale su mu mjesto me\u0111u najpo\u017eeljnijim glazbenicima s ovih prostora.<\/p>\n<h3>Vlada Divljan, 56<\/h3>\n<p>Rijetko kome godine tako dobro stoje kao Vladi Divljanu, vo\u0111i nekad vrlo popularnih Idola. Ovaj svestrani &#8216;dje\u010dak od 56 godina&#8217;, nakon Idola je ostvario i zavidnu solo karijeru, a pisao je i glazbu za film. Na njegovim koncertima uvijek je bilo puno vi\u0161e \u017eena, \u0161to i ne treba \u010duditi jer Divljana krasi bezvremenski \u0161arm koji s godinama postaje samo bolji.<\/p>\n<div id=\"attachment_1187\" style=\"width: 646px\" class=\"wp-caption alignnone\"><img loading=\"lazy\" decoding=\"async\" aria-describedby=\"caption-attachment-1187\" class=\"size-medium wp-image-1187\" src=\"http:\/\/www.mojevrijeme.hr\/magazin\/wp-content\/uploads\/2014\/09\/vlada_divljan-636x352.jpg\" alt=\"Vlada divljan (iz spota Samo jednu ljubav imam)\" width=\"636\" height=\"352\" srcset=\"https:\/\/www.mojevrijeme.hr\/magazin\/wp-content\/uploads\/2014\/09\/vlada_divljan-636x352.jpg 636w, https:\/\/www.mojevrijeme.hr\/magazin\/wp-content\/uploads\/2014\/09\/vlada_divljan-150x83.jpg 150w, https:\/\/www.mojevrijeme.hr\/magazin\/wp-content\/uploads\/2014\/09\/vlada_divljan.jpg 740w\" sizes=\"auto, (max-width: 636px) 100vw, 636px\" \/><p id=\"caption-attachment-1187\" class=\"wp-caption-text\">Vlada Divljan (iz spota Samo jednu ljubav imam)<\/p><\/div>\n<div id=\"mojev-161023794\" class=\"mojev-kraj-teksta mojev-entity-placement\" style=\"margin-bottom: 20px;margin-left: auto;margin-right: auto;text-align: center;\"><div class=\"mojev-adlabel\">oglas<\/div><div style=\"height: 250px;\"><script async src=\"https:\/\/pagead2.googlesyndication.com\/pagead\/js\/adsbygoogle.js?client=ca-pub-8106111766207173\"\r\n     crossorigin=\"anonymous\"><\/script>\r\n<!-- Display-1 -->\r\n<ins class=\"adsbygoogle\"\r\n     style=\"display:block\"\r\n     data-ad-client=\"ca-pub-8106111766207173\"\r\n     data-ad-slot=\"1465712950\"\r\n     data-ad-format=\"auto\"\r\n     data-full-width-responsive=\"true\"><\/ins>\r\n<script>\r\n     (adsbygoogle = window.adsbygoogle || []).push({});\r\n<\/script><\/div><\/div>","protected":false},"excerpt":{"rendered":"<p>Donosimo popis najprivla\u010dnijih glazbenika s ovih prostora \u010diji \u0161arm ne posustaje ni u \u0161estom desetlje\u0107u. Ba\u0161 poput dobrog vina, ovi momci s godinama postaju sve bolji i bolji.<\/p>\n","protected":false},"author":1,"featured_media":1188,"comment_status":"closed","ping_status":"open","sticky":false,"template":"","format":"standard","meta":{"footnotes":""},"categories":[84],"tags":[75,123,80,460],"class_list":["post-920","post","type-post","status-publish","format-standard","has-post-thumbnail","hentry","category-show","tag-glazba","tag-muskarci","tag-starenje","tag-vlada-divljan"],"_links":{"self":[{"href":"https:\/\/www.mojevrijeme.hr\/magazin\/wp-json\/wp\/v2\/posts\/920","targetHints":{"allow":["GET"]}}],"collection":[{"href":"https:\/\/www.mojevrijeme.hr\/magazin\/wp-json\/wp\/v2\/posts"}],"about":[{"href":"https:\/\/www.mojevrijeme.hr\/magazin\/wp-json\/wp\/v2\/types\/post"}],"author":[{"embeddable":true,"href":"https:\/\/www.mojevrijeme.hr\/magazin\/wp-json\/wp\/v2\/users\/1"}],"replies":[{"embeddable":true,"href":"https:\/\/www.mojevrijeme.hr\/magazin\/wp-json\/wp\/v2\/comments?post=920"}],"version-history":[{"count":0,"href":"https:\/\/www.mojevrijeme.hr\/magazin\/wp-json\/wp\/v2\/posts\/920\/revisions"}],"wp:featuredmedia":[{"embeddable":true,"href":"https:\/\/www.mojevrijeme.hr\/magazin\/wp-json\/wp\/v2\/media\/1188"}],"wp:attachment":[{"href":"https:\/\/www.mojevrijeme.hr\/magazin\/wp-json\/wp\/v2\/media?parent=920"}],"wp:term":[{"taxonomy":"category","embeddable":true,"href":"https:\/\/www.mojevrijeme.hr\/magazin\/wp-json\/wp\/v2\/categories?post=920"},{"taxonomy":"post_tag","embeddable":true,"href":"https:\/\/www.mojevrijeme.hr\/magazin\/wp-json\/wp\/v2\/tags?post=920"}],"curies":[{"name":"wp","href":"https:\/\/api.w.org\/{rel}","templated":true}]}}